{"id":23405,"date":"2001-10-26T00:12:53","date_gmt":"2001-10-25T22:12:53","guid":{"rendered":"https:\/\/www.cilip.de\/?p=23405"},"modified":"2001-10-26T00:12:53","modified_gmt":"2001-10-25T22:12:53","slug":"entschliessung-biometrische-merkmale-in-personalausweisen-und-paessen","status":"publish","type":"post","link":"https:\/\/wp-dev.daten.cool\/?p=23405","title":{"rendered":"Entschlie\u00dfung Biometrische Merkmale in Personalausweisen und P\u00e4ssen"},"content":{"rendered":"<h2>62. Datenschutzkonferenz des Bundes und der L\u00e4nder<\/h2>\n<p><em>M\u00fcnster, den 24. &#8211; 26. Oktober 2001<\/em><\/p>\n<p>Im Entwurf eines Terrorismusbek\u00e4mpfungsgesetzes ist vorgesehen, die M\u00f6glichkeit zu er\u00f6ffnen, in deutschen Personalausweisen und P\u00e4ssen neben dem Lichtbild und der Unterschrift weitere biometrische Informationen wie zum Beispiel Fingerabdr\u00fccke, Handgeometrie, Gesichtsgeometrie u.a. aufzunehmen. Auch die Verwendung genetischer Daten wird nicht ausgeschlossen.<\/p>\n<p>Die Konferenz der Datenschutzbeauftragten des Bundes und der L\u00e4nder stellt fest, dass diese Ma\u00dfnahme schon allein wegen des technischen und zeitlichen Aufwandes, der mit der Einf\u00fchrung derartiger Dokumente verbunden w\u00e4re, keinen kurzfristigen Beitrag zur L\u00f6sung der mit dem internationalen Terrorismus derzeit verbundenen Probleme leisten kann, zumal Ausl\u00e4nderinnen und Ausl\u00e4nder, die sich in Deutschland aufhalten, nicht erfasst werden.<!--more--><\/p>\n<p>Die Nutzung biometrischer Merkmale in Personalausweisen und P\u00e4ssen sowie die damit verbundenen Folgeprobleme (zum Beispiel Art und Ort der Speicherung von Referenzdaten; Vermeidung von \u00dcberschussinformationen) werfen eine Vielzahl schwieriger Fragen auf, die einer ausf\u00fchrlichen Diskussion bed\u00fcrfen. Die zust\u00e4ndigen Stellen werden hierzu aufgefordert, die Notwendigkeit und die rechtlichen und technischen Einzelheiten einer Realisierung dieser Ma\u00dfnahmen darzulegen.<\/p>\n<p>Die Konferenz der Datenschutzbeauftragten des Bundes und der L\u00e4nder ist bereit, sich unter diesen Voraussetzungen mit der Frage zu befassen, ob und wie es m\u00f6glich ist, mit Hilfe geeigneter zus\u00e4tzlicher Merkmale in Identifikationspapieren deren Missbrauch zu verhindern, ohne dabei die Grunds\u00e4tze des Datenschutzes zu verletzen.<\/p>\n","protected":false},"excerpt":{"rendered":"<p>62. Datenschutzkonferenz des Bundes und der L\u00e4nder M\u00fcnster, den 24. &#8211; 26. Oktober 2001 Im<\/p>\n","protected":false},"author":2,"featured_media":0,"comment_status":"open","ping_status":"open","sticky":false,"template":"","format":"standard","meta":{"footnotes":""},"categories":[140],"tags":[],"class_list":["post-23405","post","type-post","status-publish","format-standard","hentry","category-dokumente"],"_links":{"self":[{"href":"https:\/\/wp-dev.daten.cool\/index.php?rest_route=\/wp\/v2\/posts\/23405","targetHints":{"allow":["GET"]}}],"collection":[{"href":"https:\/\/wp-dev.daten.cool\/index.php?rest_route=\/wp\/v2\/posts"}],"about":[{"href":"https:\/\/wp-dev.daten.cool\/index.php?rest_route=\/wp\/v2\/types\/post"}],"author":[{"embeddable":true,"href":"https:\/\/wp-dev.daten.cool\/index.php?rest_route=\/wp\/v2\/users\/2"}],"replies":[{"embeddable":true,"href":"https:\/\/wp-dev.daten.cool\/index.php?rest_route=%2Fwp%2Fv2%2Fcomments&post=23405"}],"version-history":[{"count":0,"href":"https:\/\/wp-dev.daten.cool\/index.php?rest_route=\/wp\/v2\/posts\/23405\/revisions"}],"wp:attachment":[{"href":"https:\/\/wp-dev.daten.cool\/index.php?rest_route=%2Fwp%2Fv2%2Fmedia&parent=23405"}],"wp:term":[{"taxonomy":"category","embeddable":true,"href":"https:\/\/wp-dev.daten.cool\/index.php?rest_route=%2Fwp%2Fv2%2Fcategories&post=23405"},{"taxonomy":"post_tag","embeddable":true,"href":"https:\/\/wp-dev.daten.cool\/index.php?rest_route=%2Fwp%2Fv2%2Ftags&post=23405"}],"curies":[{"name":"wp","href":"https:\/\/api.w.org\/{rel}","templated":true}]}}