{"id":23407,"date":"2001-10-24T00:14:29","date_gmt":"2001-10-23T22:14:29","guid":{"rendered":"https:\/\/www.cilip.de\/?p=23407"},"modified":"2001-10-24T00:14:29","modified_gmt":"2001-10-23T22:14:29","slug":"die-falsche-antwort-auf-den-11-september-der-ueberwachungsstaat","status":"publish","type":"post","link":"https:\/\/wp-dev.daten.cool\/?p=23407","title":{"rendered":"Die falsche Antwort auf den 11. September: Der \u00dcBERWACHUNGSSTAAT"},"content":{"rendered":"<h2>Presseerkl\u00e4rung von B\u00fcrgerrechtsorganisationen vom 24.10.2001<\/h2>\n<p>Die Toten von New York City und Washington D.C. lagen noch unter den Tr\u00fcmmern, da gaben Politiker und sogenannte Sicherheitsexperten bereits die Devise aus, es m\u00fcsse innenpolitisch gewaltig aufger\u00fcstet werden.<\/p>\n<p>Unverantwortlicherweise suchen sie nicht nach Ursachen, sondern bek\u00e4mpfen Gewalt mit Gewalt und halten damit einen verh\u00e4ngnisvollen Kreisel innen- wie au\u00dfenpolitisch in Schwung. Unter dem pauschalen Titel: &#8222;Bek\u00e4mpfung des Terrorismus&#8220; schl\u00e4gt Bundesinnenminister Schily mit Hochgeschwindigkeit Ma\u00dfnahmen vor, die augenscheinlich entweder l\u00e4ngst in der Schublade schlummerten (Abschaffung des Religionsprivilegs, Telefon\u00fcberwachung) oder solche, die eine Grauzone legalisieren sollen, in der sich die Sicherheitsbeh\u00f6rden bereits praktisch bewegen &#8211; wie bei der informationellen Zusammenarbeit mit den Ausl\u00e4nderbeh\u00f6rden. Kaum einer der Vorschl\u00e4ge hat einen konkreten Bezug zu den Anschl\u00e4gen &#8211; au\u00dfer jenem, dass sie ohne die zur Zeit bei einem Teil der Bev\u00f6lkerung vorherrschende Angst kaum durchsetzungsf\u00e4hig w\u00e4ren. Das Ausma\u00df der Planungen wird nun durch die Vorlage der Sicherheitspakete I, II und II+ \u00f6ffentlich, wobei ein Ende des Schily&#8217;schen Aktionismus nicht absehbar ist.<!--more--><\/p>\n<p>Wir, die unterzeichnenden Organisationen und Personen, halten die Gesetzentw\u00fcrfe und geplanten Ma\u00dfnahmen f\u00fcr falsch. Die Balance zwischen staatlich garantierten Freiheitsrechten der B\u00fcrgerInnen und den Eingriffsbefugnissen des Staates darf nicht &#8211; wie gegenw\u00e4rtig &#8211; zugunsten abstrakter Staatssicherheit aufgehoben werden. Fast jede der vorgeschlagenen Ma\u00dfnahmen greift massiv in die Grundrechte ein. Keine aber schafft mehr Sicherheit f\u00fcr die B\u00fcrgerinnen und B\u00fcrger. Im demokratischen Rechtsstaat sind Eingriffe nach dem Motto &#8222;irgendetwas muss geschehen&#8220; oder: &#8222;wer nichts zu verbergen hat, der &#8230;&#8220; nicht hinzunehmen. Im Gegenteil ist der Staat bis ins Detail beweis- und darlegungspflichtig daf\u00fcr,<\/p>\n<ul>\n<li>dass jede einzelne Ma\u00dfnahme geeignet ist, dem vorgegebenen Zweck der Terroristenabwehr zu dienen;<\/li>\n<li>dass nachweislich keine Mittel zur Verf\u00fcgung stehen, die unsere Grundrechte nicht oder weniger verletzen.<\/li>\n<li>dass staatliche Ma\u00dfnahmen nicht unverh\u00e4ltnism\u00e4\u00dfig in die Rechte des\/ der Einzelnen eingreifen.<\/li>\n<\/ul>\n<p>Schon auf der ersten Stufe einer solchen Pr\u00fcfung bleiben die Regierungsvorschl\u00e4ge im grundrechtlichen Filter h\u00e4ngen. Sie taugen praktisch nicht zur Terrorismusbek\u00e4mpfung. Sie demonstrieren, dass es den inneren Aufr\u00fcstern darauf ankommt, B\u00fcrgerinnen und B\u00fcrger mit Hilfe einer bewusst erzeugten Sicherheitspanik gleichzuschalten. Auf der einen Seite dr\u00e4ngt angeblich die Zeit, weil weitere Anschl\u00e4ge unmittelbar bevorstehen. Auf der anderen Seite erfordern aber viele der Vorschl\u00e4ge &#8211; wie Fingerabdr\u00fccke in Reisep\u00e4ssen, Regelanfragen bei Nachrichtendiensten sowie Ver\u00e4nderungen des materiellen Strafrechts (\u00a7 129 b StGB) &#8211; erhebliche, teils jahrelange Aufwendungen und k\u00f6nnten die ihnen zugedachte Wirkung ohnehin erst mittelfristig entfalten.<\/p>\n<p>Ein Gro\u00dfteil der Ma\u00dfnahmen verletzt vor allem die ohnehin \u00fcberm\u00e4\u00dfig eingeschr\u00e4nkten Grund- und Menschenrechte der in Deutschland nicht staatsb\u00fcrgerlich lebenden Menschen. Seit Wochen stehen 3,3 Millionen in Deutschland lebende Muslime und viele andere Ausl\u00e4nderInnen unter Generalverdacht. Universit\u00e4tspr\u00e4sidien verletzen ihre F\u00fcrsorgepflichten und geben pauschal Daten von Studierenden aus islamischen L\u00e4ndern preis. Schon vor den Anschl\u00e4gen wurden betr\u00e4chtliche Teile unserer Bev\u00f6lkerung durch Gesetze und b\u00fcrokratische Ma\u00dfnahmen diskriminiert, mit Vorurteilen \u00fcberzogen und t\u00e4tlich, zum Teil mit t\u00f6dlichem Ausgang, angegriffen. Bis gestern waren allerdings meist &#8222;nur&#8220; die &#8222;auff\u00e4lligen&#8220; Ausl\u00e4nder im Visier der rassistischen Hetzer: Nunmehr stehen alle Fremden unter Verdacht. Da kommen alle &#8222;B\u00fcndnisse f\u00fcr Toleranz&#8220; zu sp\u00e4t. Wer nicht will, dass die Bundesrepublik Deutschland f\u00fcr Nicht-Deutsche unbewohnbar wird, der\/ die muss politisch gegen die Fremdenfeindlichkeit in Gesetzen und Verwaltungspraxis und in der Gesellschaft k\u00e4mpfen. Ma\u00dfnahmen der inneren Sicherheit, die sich ausschlie\u00dflich gegen Ausl\u00e4nderInnen richten und an nationalen, ethnischen oder religi\u00f6sen Merkmalen ankn\u00fcpfen, sind grunds\u00e4tzlich abzulehnen. Die Gefahr durch Terrortrupps wird nicht durch Repression gegen Fl\u00fcchtlinge gebannt, die vor dem erlebten Terror aus ihren Herkunftsl\u00e4ndern fliehen mussten.<\/p>\n<p>Die historischen Erfahrungen mit totalit\u00e4ren Systemen gerade in Deutschland d\u00fcrfen keiner neuen Weltmachtrollenrealit\u00e4t geopfert werden. Im letzten Jahrhundert waren die gr\u00f6\u00dften deutschen Verbrecher, auf deren Konto nicht nur zwei Weltkriege und die Vernichtung der europ\u00e4ischen Juden gingen, politische und milit\u00e4rische F\u00fchrer sowie ihre willigen Vollstrecker in \u00fcberm\u00e4chtigen Staatsapparaten. Daraus zog man nach 1945 unter anderem zwei Lehren, die drohen, vergessen zu werden: die Trennung von Informations-\/ Geheimdiensten und Polizei (sie sollte eine neue Gestapo verhindern) und eine f\u00f6deralisierte Polizei an Stelle des Reichssicherheitshauptamtes.<\/p>\n<p>Das Beispiel des Staatssicherheitsdienstes in der DDR zeigt, wie ein die Gesellschaft insgesamt durchdringende Sicherheitskrake das Gegenteil bewirkt. Sie l\u00f6st alle Sicherheit und am Ende sogar diejenige des Sicherheitssystems selbst auf. Die aktuelle Situation belegt eindr\u00fccklich, wie t\u00f6richt, kostenreich und fehlorientiert der Wahn ist, mit geheimdienstlichen und gewaltt\u00e4tigen Sicherheitsapparaten selbst die m\u00e4chtigsten Gesellschaften nach innen und nach au\u00dfen sch\u00fctzen zu k\u00f6nnen. Nicht die CIA, nicht das FBI, nicht die gr\u00f6\u00dfte Milit\u00e4rmacht der Erde konnten die erste moderne Demokratie, die USA, vor den Anschl\u00e4gen warnen, geschweige denn sch\u00fctzen. Es ist daher falsch, wenn deutsche und europ\u00e4ische Sicherheitspolitiker ihnen auf diesem Irrweg der milliardenschweren technologischen Aufr\u00fcstung folgen wollen.<\/p>\n<p>In einer Welt politischer, sozialer und kultureller Widerspr\u00fcche gibt es keine einfachen L\u00f6sungen. Es gibt jedoch eindeutig falsche L\u00f6sungen. Repression nach innen und au\u00dfen erzeugt nur den Schein von Sicherheit und beschert allenfalls Pyrrhussiege. Sie ist nicht nur gegen\u00fcber der bundesdeutschen Bev\u00f6lkerung unverantwortlich. Nur die m\u00fchsame Suche nach weltweit demokratischen und sozialen Lebensverh\u00e4ltnissen, welche zugleich den Boden von Grund- und Menschenrechten bilden, verspricht den legitimen Sicherheitsinteressen aller Menschen gerecht zu werden.<\/p>\n<div align=\"center\">&#8222;Der Sinn von Politik ist Freiheit.&#8220;<br \/>\nHannah Arendt<\/div>\n<h3>Unterzeichnende dieser Erkl\u00e4rung:<\/h3>\n<ul>\n<li><b>Humanistische Union (HU<\/b>), Vors. Dr. Till M\u00fcller-Heidelberg<\/li>\n<li><b>Republikanischer Anw\u00e4ltinnen und Anw\u00e4lteverein (RAV)<\/b>, Vors.: Wolfgang Kaleck<\/li>\n<li><b>Internationale Liga f\u00fcr Menschenrechte<\/b>, Wahied Wahdat-Hagh, Kilian Stein<\/li>\n<li><b>Strafverteidigervereinigungen<\/b>, Organisationsb\u00fcro, Margarete v. Galen<\/li>\n<li><b>Vereinigung Berliner Strafverteidiger<\/b>, R\u00fcdiger Portius<\/li>\n<li><b>B\u00fcrgerrechte &amp; Polizei\/CILIP<\/b>, Dr. Norbert P\u00fctter<\/li>\n<li><b>Deutsche Vereinigung f\u00fcr Datenschutz (DVD)<\/b>, S\u00f6nke Hilbrans<\/li>\n<li><b>Vereinigung Demokratischer Juristinnen u. Juristen (VDJ)<\/b>, Vors. Prof. Dr. Martin Kutscha<\/li>\n<li><b>Komitee f\u00fcr Grundrechte und Demokratie<\/b>, Spr. Prof. Dr. Wolf-Dieter Narr<\/li>\n<li><b>Chaos Computer Club<\/b>, Sprecher Andy M\u00fcller-Maguhn,<\/li>\n<li><b>JungdemokatInnen\/Junge Linke<\/b>, Bundesverband, Bundesvors. Danielle Herrmann,<\/li>\n<li><b>JungdemokatInnen\/Junge Linke<\/b>, Landesverband Berlin, Vors. Katja Grote<\/li>\n<li><b>Kampagne gegen Wehrpflicht, Zwangsdienste und Milit\u00e4r<\/b>, Ralf Siemens<\/li>\n<li><b>Gustav-Heinemann-Initiative<\/b>, Sprecher: Ulrich Finckh<\/li>\n<li><b>Redaktion &#8222;ak &#8211; analyse &amp; kritik&#8220;<\/b>, Martin Beck<\/li>\n<li><b>Forum InformatikerInnen f\u00fcr Frieden und geselschaftliche Verantwortung (FifF)<\/b>, Eva Hornecker<\/li>\n<li>Christiane Howe, AG gegen internationale sexuelle und rassistische Ausbeutung (agisra)<\/li>\n<li>Volker Eick, Mitglied im Interdisziplin\u00e4ren Arbeitskreis Innere Sicherheit (AKIS), Arbeitskreis Politikfeldanalyse &#8211; Innere Sicherheit in der Deutschen Vereinigung f\u00fcr Politikwissenschaft<\/li>\n<li>Jan Schallab\u00f6ck, Ralf Bendrath, Netzwerk Neue Medien<\/li>\n<li>Petra Isabel Schlagenhauf, Rechtsanw\u00e4ltin, Berlin<\/li>\n<\/ul>\n","protected":false},"excerpt":{"rendered":"<p>Presseerkl\u00e4rung von B\u00fcrgerrechtsorganisationen vom 24.10.2001 Die Toten von New York City und Washington D.C. lagen<\/p>\n","protected":false},"author":2,"featured_media":0,"comment_status":"open","ping_status":"open","sticky":false,"template":"","format":"standard","meta":{"footnotes":""},"categories":[140],"tags":[],"class_list":["post-23407","post","type-post","status-publish","format-standard","hentry","category-dokumente"],"_links":{"self":[{"href":"https:\/\/wp-dev.daten.cool\/index.php?rest_route=\/wp\/v2\/posts\/23407","targetHints":{"allow":["GET"]}}],"collection":[{"href":"https:\/\/wp-dev.daten.cool\/index.php?rest_route=\/wp\/v2\/posts"}],"about":[{"href":"https:\/\/wp-dev.daten.cool\/index.php?rest_route=\/wp\/v2\/types\/post"}],"author":[{"embeddable":true,"href":"https:\/\/wp-dev.daten.cool\/index.php?rest_route=\/wp\/v2\/users\/2"}],"replies":[{"embeddable":true,"href":"https:\/\/wp-dev.daten.cool\/index.php?rest_route=%2Fwp%2Fv2%2Fcomments&post=23407"}],"version-history":[{"count":0,"href":"https:\/\/wp-dev.daten.cool\/index.php?rest_route=\/wp\/v2\/posts\/23407\/revisions"}],"wp:attachment":[{"href":"https:\/\/wp-dev.daten.cool\/index.php?rest_route=%2Fwp%2Fv2%2Fmedia&parent=23407"}],"wp:term":[{"taxonomy":"category","embeddable":true,"href":"https:\/\/wp-dev.daten.cool\/index.php?rest_route=%2Fwp%2Fv2%2Fcategories&post=23407"},{"taxonomy":"post_tag","embeddable":true,"href":"https:\/\/wp-dev.daten.cool\/index.php?rest_route=%2Fwp%2Fv2%2Ftags&post=23407"}],"curies":[{"name":"wp","href":"https:\/\/api.w.org\/{rel}","templated":true}]}}