{"id":23421,"date":"2001-10-24T00:28:16","date_gmt":"2001-10-23T22:28:16","guid":{"rendered":"https:\/\/www.cilip.de\/?p=23421"},"modified":"2001-10-24T00:28:16","modified_gmt":"2001-10-23T22:28:16","slug":"stellungnahme-des-vdj-zum-trennungsgebot-zwischen-geheimdiensten-und-polizeien","status":"publish","type":"post","link":"https:\/\/wp-dev.daten.cool\/?p=23421","title":{"rendered":"Stellungnahme des VDJ zum Trennungsgebot zwischen Geheimdiensten und Polizeien"},"content":{"rendered":"<p>Der Dezentralisierung und Ausdifferenzierung des staatlichen Machtapparates in der Bundesrepublik Deutschland liegt eine eindeutige verfassungskr\u00e4ftige Entscheidung zugrunde, die durch bittere historische Erfahrungen veranlasst wurde: Am 14. April 1949 schrieben die Milit\u00e4rgouveneure der drei Westm\u00e4chte einen Brief an den Parlamentarischen Rat, in dem die k\u00fcnftige Struktur der deutschen Sicherheitsbeh\u00f6rden festgelegt wurde. Dieser &#8222;Polizeibrief&#8220; enth\u00e4lt u. a. die Vorgabe, dass der k\u00fcnftige Geheimdienst &#8222;keine Polizeibefugnisse&#8220; haben soll. Weiter hei\u00dft es &#8222;Keine Bundespolizeibeh\u00f6rde darf Befehlsgewalt \u00fcber Landes- oder Ortspolizeibeh\u00f6rden besitzen&#8220;.<!--more--><\/p>\n<p>Hintergrund dieser Vorgaben der Westallierten sowie auch der Debatten des Parlamentarischen Rates zu dieser Frage waren die Erinnerungen an den hochzentralisierten Macht- und Terrorapparat des Nazistaates: 1939 waren Gestapo, Sicherheitspolizei und SD im &#8222;Reichssicherheitshauptamt&#8220; zusammengefasst worden.<\/p>\n<p>Das Trennungsgebot f\u00fcr Polizei und Geheimdienste sowie die Dezentralisierung der Polizeibeh\u00f6rden zielten mithin darauf ab, einer solchen Entwicklung f\u00fcr die Zukunft vorzubeugen. Jegliche Zentralisierung staatlicher Exekutivgewalt, jegliche Vermengung polizeilicher und geheimdienstlicher Aufgabenfelder und Befugnisse birgt schlie\u00dflich die Gefahr eines Machtmi\u00dfbrauchs auf Kosten der B\u00fcrgerfreiheit &#8211; dies gilt auch f\u00fcr den heutigen Rechtsstaat. Wenn durch ungez\u00fcgelten Datenaustausch zwischen den verschiedensten staatlichen Beh\u00f6rden, wenn den Geheimdiensten Zugriffsrechte auf die personenbezogenen Daten von Banken, von Telekommunikationsunternehmen, von Internetprovidern usw. ein ger\u00e4umt werden, bleibt nicht nur der Datenschutz auf der Strecke. Das Trennungsgebot ger\u00e4t zur blo\u00dfen Fassade, hinter der die die informationelle Einheit der Staatsgewalt und damit eine Totalerfassung der B\u00fcrger und B\u00fcrgerinnen vollzogen wird.<\/p>\n<p>Verfasst am 18.10.2001<\/p>\n<p>Prof. Dr. Martin Kutscha,<br \/>\nVorsitzender der Vereinigung Demokratischer Juristinnen und Juristen<\/p>\n","protected":false},"excerpt":{"rendered":"<p>Der Dezentralisierung und Ausdifferenzierung des staatlichen Machtapparates in der Bundesrepublik Deutschland liegt eine eindeutige verfassungskr\u00e4ftige<\/p>\n","protected":false},"author":2,"featured_media":0,"comment_status":"open","ping_status":"open","sticky":false,"template":"","format":"standard","meta":{"footnotes":""},"categories":[2],"tags":[],"class_list":["post-23421","post","type-post","status-publish","format-standard","hentry","category-allgemein"],"_links":{"self":[{"href":"https:\/\/wp-dev.daten.cool\/index.php?rest_route=\/wp\/v2\/posts\/23421","targetHints":{"allow":["GET"]}}],"collection":[{"href":"https:\/\/wp-dev.daten.cool\/index.php?rest_route=\/wp\/v2\/posts"}],"about":[{"href":"https:\/\/wp-dev.daten.cool\/index.php?rest_route=\/wp\/v2\/types\/post"}],"author":[{"embeddable":true,"href":"https:\/\/wp-dev.daten.cool\/index.php?rest_route=\/wp\/v2\/users\/2"}],"replies":[{"embeddable":true,"href":"https:\/\/wp-dev.daten.cool\/index.php?rest_route=%2Fwp%2Fv2%2Fcomments&post=23421"}],"version-history":[{"count":0,"href":"https:\/\/wp-dev.daten.cool\/index.php?rest_route=\/wp\/v2\/posts\/23421\/revisions"}],"wp:attachment":[{"href":"https:\/\/wp-dev.daten.cool\/index.php?rest_route=%2Fwp%2Fv2%2Fmedia&parent=23421"}],"wp:term":[{"taxonomy":"category","embeddable":true,"href":"https:\/\/wp-dev.daten.cool\/index.php?rest_route=%2Fwp%2Fv2%2Fcategories&post=23421"},{"taxonomy":"post_tag","embeddable":true,"href":"https:\/\/wp-dev.daten.cool\/index.php?rest_route=%2Fwp%2Fv2%2Ftags&post=23421"}],"curies":[{"name":"wp","href":"https:\/\/api.w.org\/{rel}","templated":true}]}}