{"id":2364,"date":"1998-08-20T17:41:57","date_gmt":"1998-08-20T17:41:57","guid":{"rendered":"http:\/\/www.cilip.de\/?p=2364"},"modified":"1998-08-20T17:41:57","modified_gmt":"1998-08-20T17:41:57","slug":"polizeiliche-todesschuesse-1997","status":"publish","type":"post","link":"https:\/\/wp-dev.daten.cool\/?p=2364","title":{"rendered":"Polizeiliche Todessch\u00fcsse 1997"},"content":{"rendered":"<h3>von Otto Diederichs<\/h3>\n<p><b>Die von der Innenministerkonferenz (IMK) f\u00fcr das Jahr 1997 ver\u00f6ffentlichte Statistik \u00fcber den polizeilichen Schu\u00dfwaffengebrauch weist wieder einmal Differenzen zur CILIP-Z\u00e4hlung auf. W\u00e4hrend offiziell lediglich zehn Polizeisch\u00fcsse mit Todesfolgen gemeldet wurden,<a href=\"\/1998\/08\/20\/polizeiliche-todesschuesse-1997\/#fn1\" name=\"fnB1\">[1]<\/a> ergaben die Recherchen von B\u00fcrgerrechte &amp; Polizei\/CILIP zw\u00f6lf von der Polizei erschossene Personen.<\/b><\/p>\n<p>Zusammengestellt wird die Schu\u00dfwaffengebrauchsstatistik im Auftrag der IMK von der Polizei-F\u00fchrungsakademie (PFA) in Hiltrup. Grundlage sind dabei die Zahlenangaben aus den einzelnen Bundesl\u00e4ndern. Im Gegensatz zur PFA-Z\u00e4hlung nimmt CILIP jedoch auch die t\u00f6dlichen Folgen sog. \u201eunbeabsichtigter Schu\u00dfabgaben\u201c mit auf. Offiziell hingegen werden diese aufgrund eines IMK-Beschlusses von 1983 nicht mehr zu den Polizeisch\u00fcssen mit Todesfolge gez\u00e4hlt.<a href=\"\/1998\/08\/20\/polizeiliche-todesschuesse-1997\/#fn2\" name=\"fnB2\">[2]<\/a> Selbst die Ausweisung dieser Sch\u00fcsse in einer gesonderten Kategorie ist mittlerweile entfallen.<!--more--><\/p>\n<p>Wie schon im Vorjahr<a href=\"\/1998\/08\/20\/polizeiliche-todesschuesse-1997\/#fn3\" name=\"fnB3\">[3]<\/a> wurde durch diesen Erfassungstrick auch in der jetzigen PFA-Auswertung ein Toter nicht gez\u00e4hlt. Aufgrund des fehlenden Erfassungskriteriums hatte Brandenburg einen Vorfall vom Februar 1997 in F\u00fcrstenwalde nicht an die Polizei-F\u00fchrungsakademie weitergeleitet,<a href=\"\/1998\/08\/20\/polizeiliche-todesschuesse-1997\/#fn4\" name=\"fnB4\">[4]<\/a> in der Landesstatistik ist er hingegen aufgef\u00fchrt.<a href=\"\/1998\/08\/20\/polizeiliche-todesschuesse-1997\/#fn5\" name=\"fnB5\">[5]<\/a><br \/>\nKomplizierter liegt der zweite Fall. Nachfragen der Redaktion bei den Innenministerien der L\u00e4nder konnten ihn schlie\u00dflich in Hessen lokalisieren.<a href=\"\/1998\/08\/20\/polizeiliche-todesschuesse-1997\/#fn6\" name=\"fnB6\">[6]<\/a> Durch einen \u201eB\u00fcrofehler\u201c war er nicht nach Hiltrup weitergemeldet worden. Wegen der verstrichenen Zeit und der mittlerweile erfolgten Pressemitteilung des IMK-Vorsitzenden, des rheinland-pf\u00e4lzischen Innenministers Walter Zuber (SPD), wird er laut Auskunft des hessischen Innenministeriums auch \u201enicht mehr nachgemeldet\u201c.<a href=\"\/1998\/08\/20\/polizeiliche-todesschuesse-1997\/#fn7\" name=\"fnB7\">[7]<\/a><\/p>\n<h4>Zwei weitere Tote<\/h4>\n<p>Zwei weitere t\u00f6dliche Schu\u00dfwaffeneins\u00e4tze im Jahr 1997 sind weder in der IMK- noch in der CILIP-Statistik enthalten, da es sich bei den Sch\u00fctzen in beiden F\u00e4llen nicht um Angeh\u00f6rige des Polizeivollzugsdienstes handelte. Im ersten Fall wurde am 23.6.97 in Minden ein 44j\u00e4hriger Mann bei einem Einsatz gegen Zigarettenschmuggler von einem Zollfahnder erschossen.<a href=\"\/1998\/08\/20\/polizeiliche-todesschuesse-1997\/#fn8\" name=\"fnB8\">[8]<\/a> Im zweiten Fall erscho\u00df ein Milit\u00e4rpolizist der US-Streitkr\u00e4fte am 1.7.97 in Augsburg einen Ladendieb.<a href=\"\/1998\/08\/20\/polizeiliche-todesschuesse-1997\/#fn9\" name=\"fnB9\">[9]<\/a><\/p>\n<h4>Polizeiliche Todessch\u00fcsse 1997<\/h4>\n<table>\n<tbody>\n<tr>\n<td><\/td>\n<td><small><b>1<\/b><\/small><\/td>\n<td><small><b>2<\/b><\/small><\/td>\n<td><small><b>3<\/b><\/small><\/td>\n<td><small><b>4<\/b><\/small><\/td>\n<\/tr>\n<tr valign=\"TOP\">\n<td><small><b>Name\/<br \/>\nAlter<\/b><\/small><\/td>\n<td><small>unbekannter Mann<br \/>\n27. J.<\/small><\/td>\n<td><small>unbekannter Mann<br \/>\n23 J.<\/small><\/td>\n<td><small>Thomas Geiger<br \/>\n29 J.<\/small><\/td>\n<td><small>Michael Warzywoda<br \/>\n32 J.<\/small><\/td>\n<\/tr>\n<tr valign=\"TOP\">\n<td><small><b>Datum<\/b><\/small><\/td>\n<td><small>26.1.1997<\/small><\/td>\n<td><small>8.2.1997<\/small><\/td>\n<td><small>11.2.1997<\/small><\/td>\n<td><small>28.2.1997<\/small><\/td>\n<\/tr>\n<tr valign=\"TOP\">\n<td><small><b>Ort\/<br \/>\nLand<\/b><\/small><\/td>\n<td><small>Brigachtal<br \/>\nBaden-W\u00fcrttemberg<\/small><\/td>\n<td><small>F\u00fcrstenwalde<br \/>\nBrandenburg<\/small><\/td>\n<td><small>M\u00fcnchen<br \/>\nBayern<\/small><\/td>\n<td><small>Uhingen<br \/>\nBaden-W\u00fcrttemberg<\/small><\/td>\n<\/tr>\n<tr valign=\"TOP\">\n<td><small><b>Szenarium<\/b><\/small><\/td>\n<td><small>Bei einem Polizeieinsatz wird ein Mann durch zwei Sch\u00fcsse get\u00f6tet. Die n\u00e4heren Umst\u00e4nde sind unklar.<\/small><\/td>\n<td><small>Nach einem anomynen Anruf, der einen Einbruch meldet, fahren sechs Beamte zum Tatort. Als sie erscheinen, fl\u00fcchten die drei T\u00e4ter. Bei der Verfolgung l\u00f6st sich aus der Waffe eines Beamten ein Schu\u00df und trifft einen der T\u00e4ter t\u00f6dlich am Kopf.<\/small><\/td>\n<td><small>Nach einem Bank\u00fcberfall wird der T\u00e4ter auf einem S- Bahnsteig von zwei Polizisten gestellt. Die Beamten schie\u00dfen auf ihn, als er seine Waffe zieht und zielt. Von zehn Sch\u00fcssen treffen vier. Er stirbt im Krankenhaus. Ob der T\u00e4ter geschossen hat, ist unklar. Schmauchspuren werden nicht gefunden.<\/small><\/td>\n<td><small>Ein angetrunkener Autofahrer fl\u00fcchtet bei einer Polizeikontrolle und umf\u00e4hrt dabei vier Stra\u00dfensperren. Die verfolgenden Beamten stellen ihn vor seiner Garageneinfahrt. Aus ungekl\u00e4rten Gr\u00fcnden schie\u00dfen sie auf den im Wagen sitzenden Mann, dabei durchschl\u00e4gt eine Kugel seinen Kopf.<\/small><\/td>\n<\/tr>\n<tr valign=\"TOP\">\n<td><small><b>Opfer mit<br \/>\nSchu\u00dfwaffe?<\/b><\/small><\/td>\n<td><small>nein<\/small><\/td>\n<td><small>nein<\/small><\/td>\n<td><small>ja<\/small><\/td>\n<td><small>nein<\/small><\/td>\n<\/tr>\n<tr valign=\"TOP\">\n<td><small><b>Schu\u00dfwechsel?<\/b><\/small><\/td>\n<td><small>nein<\/small><\/td>\n<td><small>nein<\/small><\/td>\n<td><small>widerspr\u00fcchliche Angaben<\/small><\/td>\n<td><small>nein<\/small><\/td>\n<\/tr>\n<tr valign=\"TOP\">\n<td><small><b>Sondereinsatz-<br \/>\nbeamte?<\/b><\/small><\/td>\n<td><small>nein<\/small><\/td>\n<td><small>nein<\/small><\/td>\n<td><small>nein<\/small><\/td>\n<td><small>nein<\/small><\/td>\n<\/tr>\n<tr valign=\"TOP\">\n<td><small><b>Verletzte\/ get\u00f6tete Beamte?<\/b><\/small><\/td>\n<td><small>nein<\/small><\/td>\n<td><small>nein<\/small><\/td>\n<td><small>nein<\/small><\/td>\n<td><small>nein<\/small><\/td>\n<\/tr>\n<tr valign=\"TOP\">\n<td><small><b>Vorbereitete Polizeiaktion?<\/b><\/small><\/td>\n<td><small>?<\/small><\/td>\n<td><small>ja<\/small><\/td>\n<td><small>nein<\/small><\/td>\n<td><small>nein<\/small><\/td>\n<\/tr>\n<tr valign=\"TOP\">\n<td><small><b>Staatsanwalt-<br \/>\nschaftliches Ermittlungs-<br \/>\nverfahren?<\/b><\/small><\/td>\n<td><small>?<\/small><\/td>\n<td><small>ja<\/small><\/td>\n<td><small>ja<\/small><\/td>\n<td><small>ja<\/small><\/td>\n<\/tr>\n<tr valign=\"TOP\">\n<td><small><b>Gerichts-<br \/>\nverfahren?<\/b><\/small><\/td>\n<td><small>?<\/small><\/td>\n<td><small>?<\/small><\/td>\n<td><small>nein<\/small><\/td>\n<td><small>?<\/small><\/td>\n<\/tr>\n<tr>\n<td colspan=\"5\"><\/td>\n<\/tr>\n<tr>\n<td><\/td>\n<td><small><b>5<\/b><\/small><\/td>\n<td><small><b>6<\/b><\/small><\/td>\n<td><small><b>7<\/b><\/small><\/td>\n<td><small><b>8<\/b><\/small><\/td>\n<\/tr>\n<tr valign=\"TOP\">\n<td><small><b>Name\/<br \/>\nAlter<\/b><\/small><\/td>\n<td><small>unbekannter Bankr\u00e4uber<br \/>\n29. J.<\/small><\/td>\n<td><small>Ernst H.<br \/>\n34 J.<\/small><\/td>\n<td><small>unbekannter Einbrecher<br \/>\n35 J.<\/small><\/td>\n<td><small>unbekannter Einbrecher<br \/>\nAlter unbekannt<\/small><\/td>\n<\/tr>\n<tr valign=\"TOP\">\n<td><small><b>Datum<\/b><\/small><\/td>\n<td><small>8.4.1997<\/small><\/td>\n<td><small>24.7.1997<\/small><\/td>\n<td><small>23.8.1997<\/small><\/td>\n<td><small>15.9.1997<\/small><\/td>\n<\/tr>\n<tr valign=\"TOP\">\n<td><small><b>Ort\/<br \/>\nLand<\/b><\/small><\/td>\n<td><small>Stuttgart<br \/>\nBaden-W\u00fcrttemberg<\/small><\/td>\n<td><small>M\u00fcnchen<br \/>\nBayern<\/small><\/td>\n<td><small>Berlin<br \/>\nBerlin<\/small><\/td>\n<td><small>Bremen<br \/>\nBremen<\/small><\/td>\n<\/tr>\n<tr valign=\"TOP\">\n<td><small><b>Szenarium<\/b><\/small><\/td>\n<td><small>Als Polizisten bei der Fahndung nach einem Bankr\u00e4uber den Fluchtwagen stoppen, schie\u00dft der T\u00e4ter mit einem Schrotgewehr und verletzt einen der Beamten. Sein Kollege schie\u00dft daraufhin zur\u00fcck, der Mann stirbt im Krankenhaus.<\/small><\/td>\n<td><small>Als ein Streifenwagen zu einer Suiziddrohung gerufen wird, bedroht der geistig verwirrte Mann einen Polizisten und seine Kollegin auf kurze Distanz mit einem Fleischermesser. Daraufhin schie\u00dft die Beamtin und trifft den Mann in den Hals. Er stirbt im Krankenhaus.<\/small><\/td>\n<td><small>Drei Einbrecher versuchen, auf einem Industriegel\u00e4nde einen Polizisten mit einem Transporter zu \u00fcberfahren. Daraufhin schie\u00dft er auf die Fahrerkabine. Als das Fahrzeug zum Stehen kommt, fl\u00fcchten zwei T\u00e4ter; der dritte bricht getroffen zusammen und stirbt noch am Tatort.<\/small><\/td>\n<td><small>Bei der Verfolgung eines Bankr\u00e4ubers schie\u00dft der T\u00e4ter mit einer abges\u00e4gten Schrotflinte auf die Beamten, diese schie\u00dfen zur\u00fcck. Als der Mann schlie\u00dflich in einem Hinterhof gestellt wird, kommt es erneut zu einem Schu\u00dfwechsel. Der T\u00e4ter wird t\u00f6dlich getroffen.<\/small><\/td>\n<\/tr>\n<tr valign=\"TOP\">\n<td><small><b>Opfer mit<br \/>\nSchu\u00dfwaffe?<\/b><\/small><\/td>\n<td><small>ja<\/small><\/td>\n<td><small>nein (Fleischmesser)<\/small><\/td>\n<td><small>nein<\/small><\/td>\n<td><small>ja<\/small><\/td>\n<\/tr>\n<tr valign=\"TOP\">\n<td><small><b>Schu\u00dfwechsel?<\/b><\/small><\/td>\n<td><small>ja<\/small><\/td>\n<td><small>nein<\/small><\/td>\n<td><small>nein<\/small><\/td>\n<td><small>ja<\/small><\/td>\n<\/tr>\n<tr valign=\"TOP\">\n<td><small><b>Sondereinsatz-<br \/>\nbeamte?<\/b><\/small><\/td>\n<td><small>nein<\/small><\/td>\n<td><small>nein<\/small><\/td>\n<td><small>nein<\/small><\/td>\n<td><small>nein<\/small><\/td>\n<\/tr>\n<tr valign=\"TOP\">\n<td><small><b>Verletzte\/ get\u00f6tete Beamte?<\/b><\/small><\/td>\n<td><small>ja (verletzt)<\/small><\/td>\n<td><small>nein<\/small><\/td>\n<td><small>nein<\/small><\/td>\n<td><small>nein<\/small><\/td>\n<\/tr>\n<tr valign=\"TOP\">\n<td><small><b>Vorbereitete Polizeiaktion?<\/b><\/small><\/td>\n<td><small>nein<\/small><\/td>\n<td><small>nein<\/small><\/td>\n<td><small>nein<\/small><\/td>\n<td><small>nein<\/small><\/td>\n<\/tr>\n<tr valign=\"TOP\">\n<td><small><b>Staatsanwalt-<br \/>\nschaftliches Ermittlungs-<br \/>\nverfahren?<\/b><\/small><\/td>\n<td><small>?<\/small><\/td>\n<td><small>?<\/small><\/td>\n<td><small>ja<\/small><\/td>\n<td><small>?<\/small><\/td>\n<\/tr>\n<tr valign=\"TOP\">\n<td><small><b>Gerichts-<br \/>\nverfahren?<\/b><\/small><\/td>\n<td><small>?<\/small><\/td>\n<td><small>?<\/small><\/td>\n<td><small>?<\/small><\/td>\n<td><small>?<\/small><\/td>\n<\/tr>\n<tr>\n<td colspan=\"5\"><\/td>\n<\/tr>\n<tr>\n<td><\/td>\n<td><small><b>9<\/b><\/small><\/td>\n<td><small><b>10<\/b><\/small><\/td>\n<td><small><b>11<\/b><\/small><\/td>\n<td><small><b>12<\/b><\/small><\/td>\n<\/tr>\n<tr valign=\"TOP\">\n<td><small><b>Name\/<br \/>\nAlter<\/b><\/small><\/td>\n<td><small>Herbert Geil<br \/>\nAlter unbekannt<\/small><\/td>\n<td><small>unbekannter Mann<br \/>\n39 J.<\/small><\/td>\n<td><small>unbekannter Mann<br \/>\n43 J.<\/small><\/td>\n<td><small>unbekannter Mann<br \/>\n70 J.<\/small><\/td>\n<\/tr>\n<tr valign=\"TOP\">\n<td><small><b>Datum<\/b><\/small><\/td>\n<td><small>16.10.1997<\/small><\/td>\n<td><small>19.12.1997<\/small><\/td>\n<td><small>20.12.1997<\/small><\/td>\n<td><small>28.12.1997<\/small><\/td>\n<\/tr>\n<tr valign=\"TOP\">\n<td><small><b>Ort\/<br \/>\nLand<\/b><\/small><\/td>\n<td><small>Breidscheid<br \/>\nHessen<\/small><\/td>\n<td><small>Egelsbach<br \/>\nHessen<\/small><\/td>\n<td><small>unbekannt<br \/>\nBayern<\/small><\/td>\n<td><small>Ingolstadt<br \/>\nBayern<\/small><\/td>\n<\/tr>\n<tr valign=\"TOP\">\n<td><small><b>Szenarium<\/b><\/small><\/td>\n<td><small>W\u00e4hrend einer Zwangsr\u00e4umung erschie\u00dft ein Mann den Gerichtsvollzieher mit einer Pump-Gun und fl\u00fcchtet. Bei der Verfolgung durch die anwesenden Polizisten kommt es zu einem Schu\u00dfwechsel. Als der T\u00e4ter seine Waffe wegwirft, schie\u00dft ein Beamter bei der Festnahme in den R\u00fccken des Mannes und t\u00f6tet ihn.<\/small><\/td>\n<td><small>Bei einem Einsatz wegen h\u00e4uslicher Gewalt schie\u00dft der Ehemann auf einen Polizisten, als der andere Beamte mit der Frau den Raum verlassen hat. Als dieser nachsieht, liegt sein Kollege am Boden, w\u00e4hrend der Mann nun auf ihn zielt. Der Beamte t\u00f6tet den Mann mit zwei Sch\u00fcssen. Der verletzte Polizist stirbt im Krankenhaus.<\/small><\/td>\n<td><small>Bei einem Polizeieinsatz gegen einen Randalierer wird der Mann von einem Beamten erschossen. Die n\u00e4heren Umst\u00e4nde sind unklar.<\/small><\/td>\n<td><small>Die Polizei wird von einer Frau um Hilfe gebeten, da ihr Mann randaliert. Als die Beamten eintreffen, greift er einen Polizisten mit einem Messer an. Dieser schie\u00dft ihm daraufhin in \u201ceindeutiger Notwehr\u00b3 in den Oberschenkel. Der Mann stirbt am n\u00e4chsten Tag im Krankenhaus.<\/small><\/td>\n<\/tr>\n<tr valign=\"TOP\">\n<td><small><b>Opfer mit<br \/>\nSchu\u00dfwaffe?<\/b><\/small><\/td>\n<td><small>ja<\/small><\/td>\n<td><small>ja<\/small><\/td>\n<td><small>ja (Schreckschu\u00dfpistole)<\/small><\/td>\n<td><small>nein (Messer)<\/small><\/td>\n<\/tr>\n<tr valign=\"TOP\">\n<td><small><b>Schu\u00dfwechsel?<\/b><\/small><\/td>\n<td><small>ja<\/small><\/td>\n<td><small>nicht unmittelbar<\/small><\/td>\n<td><small>unbekannt<\/small><\/td>\n<td><small>nein<\/small><\/td>\n<\/tr>\n<tr valign=\"TOP\">\n<td><small><b>Sondereinsatz-<br \/>\nbeamte?<\/b><\/small><\/td>\n<td><small>nein<\/small><\/td>\n<td><small>nein<\/small><\/td>\n<td><small>nein<\/small><\/td>\n<td><small>nein<\/small><\/td>\n<\/tr>\n<tr valign=\"TOP\">\n<td><small><b>Verletzte\/ get\u00f6tete Beamte?<\/b><\/small><\/td>\n<td><small>nein<\/small><\/td>\n<td><small>ja<\/small><\/td>\n<td><small>nein<\/small><\/td>\n<td><small>nein<\/small><\/td>\n<\/tr>\n<tr valign=\"TOP\">\n<td><small><b>Vorbereitete Polizeiaktion?<\/b><\/small><\/td>\n<td><small>nein<\/small><\/td>\n<td><small>nein<\/small><\/td>\n<td><small>unbekannt<\/small><\/td>\n<td><small>nein<\/small><\/td>\n<\/tr>\n<tr valign=\"TOP\">\n<td><small><b>Staatsanwalt-<br \/>\nschaftliches Ermittlungs-<br \/>\nverfahren?<\/b><\/small><\/td>\n<td><small>ja<\/small><\/td>\n<td><small>?<\/small><\/td>\n<td><small>?<\/small><\/td>\n<td><small>ja<\/small><\/td>\n<\/tr>\n<tr valign=\"TOP\">\n<td><small><b>Gerichts-<br \/>\nverfahren?<\/b><\/small><\/td>\n<td><small>?<\/small><\/td>\n<td><small>?<\/small><\/td>\n<td><small>?<\/small><\/td>\n<td><small>?<\/small><\/td>\n<\/tr>\n<\/tbody>\n<\/table>\n<h5>Otto Diederichs ist freier Journalist in Berlin.<\/h5>\n<h6><a href=\"\/1998\/08\/20\/polizeiliche-todesschuesse-1997\/#fnB1\">(1)<\/a><a name=\"fn1\"><\/a> Presseinformation der IMK v. 20.5.98<\/h6>\n<h6><a href=\"\/1998\/08\/20\/polizeiliche-todesschuesse-1997\/#fnB2\">(2)<\/a><a name=\"fn2\"><\/a> Schreiben der IMK-Gesch\u00e4ftsstelle an die Redaktion v. 5.6.90<\/h6>\n<h6><a href=\"\/1998\/08\/20\/polizeiliche-todesschuesse-1997\/#fnB3\">(3)<\/a><a name=\"fn3\"><\/a> vgl. <a href=\"\/ausgabe\/57\/tod96.htm\">B\u00fcrgerrechte &amp; Polizei\/CILIP 57 (2\/97), S. 76<\/a><\/h6>\n<h6><a href=\"\/1998\/08\/20\/polizeiliche-todesschuesse-1997\/#fnB4\">(4)<\/a><a name=\"fn4\"><\/a> Fall 2 der CILIP-Statistik<\/h6>\n<h6><a href=\"\/1998\/08\/20\/polizeiliche-todesschuesse-1997\/#fnB5\">(5)<\/a><a name=\"fn5\"><\/a> tel. Auskunft des Innenministeriums v. 27.5.98<\/h6>\n<h6><a href=\"\/1998\/08\/20\/polizeiliche-todesschuesse-1997\/#fnB6\">(6)<\/a><a name=\"fn6\"><\/a> Fall 10 der CILIP-Statistik<\/h6>\n<h6><a href=\"\/1998\/08\/20\/polizeiliche-todesschuesse-1997\/#fnB7\">(7)<\/a><a name=\"fn7\"><\/a> tel. Auskunft v. 27.5.98<\/h6>\n<h6><a href=\"\/1998\/08\/20\/polizeiliche-todesschuesse-1997\/#fnB8\">(8)<\/a><a name=\"fn8\"><\/a> Frankfurter Rundschau v. 24.6.97<\/h6>\n<h6><a href=\"\/1998\/08\/20\/polizeiliche-todesschuesse-1997\/#fnB9\">(9)<\/a><a name=\"fn9\"><\/a> Berliner Zeitung v. 3.7.97<\/h6>\n","protected":false},"excerpt":{"rendered":"<p>von Otto Diederichs Die von der Innenministerkonferenz (IMK) f\u00fcr das Jahr 1997 ver\u00f6ffentlichte Statistik \u00fcber<\/p>\n","protected":false},"author":2,"featured_media":0,"comment_status":"open","ping_status":"open","sticky":false,"template":"","format":"standard","meta":{"footnotes":""},"categories":[66,147],"tags":[774,820,1094,1437],"class_list":["post-2364","post","type-post","status-publish","format-standard","hentry","category-cilip-060","category-polizeiliche-todesschuesse","tag-innenministerkonferenz","tag-justiz","tag-polizei","tag-todesschuesse"],"_links":{"self":[{"href":"https:\/\/wp-dev.daten.cool\/index.php?rest_route=\/wp\/v2\/posts\/2364","targetHints":{"allow":["GET"]}}],"collection":[{"href":"https:\/\/wp-dev.daten.cool\/index.php?rest_route=\/wp\/v2\/posts"}],"about":[{"href":"https:\/\/wp-dev.daten.cool\/index.php?rest_route=\/wp\/v2\/types\/post"}],"author":[{"embeddable":true,"href":"https:\/\/wp-dev.daten.cool\/index.php?rest_route=\/wp\/v2\/users\/2"}],"replies":[{"embeddable":true,"href":"https:\/\/wp-dev.daten.cool\/index.php?rest_route=%2Fwp%2Fv2%2Fcomments&post=2364"}],"version-history":[{"count":0,"href":"https:\/\/wp-dev.daten.cool\/index.php?rest_route=\/wp\/v2\/posts\/2364\/revisions"}],"wp:attachment":[{"href":"https:\/\/wp-dev.daten.cool\/index.php?rest_route=%2Fwp%2Fv2%2Fmedia&parent=2364"}],"wp:term":[{"taxonomy":"category","embeddable":true,"href":"https:\/\/wp-dev.daten.cool\/index.php?rest_route=%2Fwp%2Fv2%2Fcategories&post=2364"},{"taxonomy":"post_tag","embeddable":true,"href":"https:\/\/wp-dev.daten.cool\/index.php?rest_route=%2Fwp%2Fv2%2Ftags&post=2364"}],"curies":[{"name":"wp","href":"https:\/\/api.w.org\/{rel}","templated":true}]}}