{"id":2524,"date":"1988-12-21T16:11:05","date_gmt":"1988-12-21T16:11:05","guid":{"rendered":"http:\/\/www.cilip.de\/?p=2524"},"modified":"1988-12-21T16:11:05","modified_gmt":"1988-12-21T16:11:05","slug":"polizeilicher-schusswaffeneinsatz-1987","status":"publish","type":"post","link":"https:\/\/wp-dev.daten.cool\/?p=2524","title":{"rendered":"Polizeilicher Schu\u00dfwaffeneinsatz 1987"},"content":{"rendered":"<p><strong>Im letzten Jahr kamen 7 Menschen als Folge polizeilichen Schu\u00dfwaffeneinsatzes ums Leben, 6 Polizisten wurden von Rechtsbrechern t\u00f6dlich verletzt, weitere 14 Polizisten verungl\u00fcckten im Dienst t\u00f6dlich.<\/strong><\/p>\n<p>Eine Presseerkl\u00e4rung der IMK nennt f\u00fcr 1987 57 Ereignisse, in denen Polizisten gezielt auf Menschen und 43 Ereignisse, in denen gezielt auf Sachen (sprich: PKWs) geschossen wurde. Damit setzt sich ein Trend fort, der bereits in den letzten Jahren erkennbar war. Polizisten sind zur\u00fcckhaltender geworden im Einsatz der Schu\u00dfwaffe gegen Menschen (respektive Menschen in PKWs).<br \/>\n<!--more--><\/p>\n<p>Im Jahre 1986 gab es 12, 1985 10 Todesf\u00e4lle als Folge polizeilichen Schu\u00dfwaffeneinsatzes; von Rechtsbrechern wurden 1985 und 1986 je 3 Polizisten get\u00f6tet.<\/p>\n<p>W\u00e4hrend die Zahl von 6 vors\u00e4tzlich get\u00f6teten Polizisten im Jahre 1987 au\u00dfergew\u00f6hnlich hoch ist &#8211; nur 1975 gab es mit 9 F\u00e4llen mehr Todesopfer auf Seiten der Polizei &#8211; ist die Zahl der durch Polizeikugeln get\u00f6teten B\u00fcrger mit 7 Ereignissen im Jahre 1987 vergleichsweise niedrig. Nur 1984 (6 Ereignisse) gab es weniger Todesopfer.<\/p>\n<p>Unverst\u00e4ndlich bleibt, da\u00df die IMK noch immer ein kleines Geheimnis aus dieser Statistik macht. Sie wird nur in Form einer die Daten interpretierenden Presseerkl\u00e4rung ver\u00f6ffentlicht. Der Versuch, von der IMK-Pressestelle f\u00fcr 1987 die Zahl der als Folge polizeilichen Schu\u00dfwaffeneinsatzes Verletzten zu erfahren, blieb erfolglos.<\/p>\n<p>Das Bem\u00fchen der CDU\/CSU-L\u00e4nderinnenminister, die SPD-regierten Bundesl\u00e4nder politisch zu zwingen, den vors\u00e4tzlichen Todesschu\u00df in die Polizeigesetze der L\u00e4nder aufzunehmen, ist gewi\u00df kein Schritt, mit dem der insgesamt positive Trend beim R\u00fcckgang polizeilichen Schu\u00dfwaffeneinsatzes best\u00e4rkt wird.<\/p>\n<p>Wir werden in einer der n\u00e4chsten Ausgaben ausf\u00fchrlicher auf die Themen polizeiliches Berufsrisiko und polizeilicher Schu\u00dfwaffeneinsatz zur\u00fcckkommen.<\/p>\n<p>Unsere Dokumentation von Todesf\u00e4llen umfa\u00dft nur 3 von insgesamt 7 Ereignissen des Jahres 1987.<br \/>\nWir bitten die LeserInnen, uns entsprechende Meldungen, gerade auch aus der Lokalpresse, zuzuschicken.<\/p>\n<p><a href=\"https:\/\/wp-dev.daten.cool\/wp-content\/uploads\/1988\/12\/Polizeiliche-Todesschuesse-1987.png\"><img loading=\"lazy\" decoding=\"async\" class=\"aligncenter size-full wp-image-18281\" src=\"https:\/\/www.cilip.de\/wp-content\/uploads\/1988\/12\/Polizeiliche-Todesschuesse-1987.png\" alt=\"\" width=\"473\" height=\"456\" srcset=\"https:\/\/wp-dev.daten.cool\/wp-content\/uploads\/1988\/12\/Polizeiliche-Todesschuesse-1987.png 473w, https:\/\/wp-dev.daten.cool\/wp-content\/uploads\/1988\/12\/Polizeiliche-Todesschuesse-1987-300x289.png 300w\" sizes=\"auto, (max-width: 473px) 100vw, 473px\" \/><\/a><\/p>\n","protected":false},"excerpt":{"rendered":"<p>Im letzten Jahr kamen 7 Menschen als Folge polizeilichen Schu\u00dfwaffeneinsatzes ums Leben, 6 Polizisten wurden<\/p>\n","protected":false},"author":2,"featured_media":0,"comment_status":"open","ping_status":"open","sticky":false,"template":"","format":"standard","meta":{"footnotes":""},"categories":[37,147],"tags":[774,820,1094,1437],"class_list":["post-2524","post","type-post","status-publish","format-standard","hentry","category-cilip-031","category-polizeiliche-todesschuesse","tag-innenministerkonferenz","tag-justiz","tag-polizei","tag-todesschuesse"],"_links":{"self":[{"href":"https:\/\/wp-dev.daten.cool\/index.php?rest_route=\/wp\/v2\/posts\/2524","targetHints":{"allow":["GET"]}}],"collection":[{"href":"https:\/\/wp-dev.daten.cool\/index.php?rest_route=\/wp\/v2\/posts"}],"about":[{"href":"https:\/\/wp-dev.daten.cool\/index.php?rest_route=\/wp\/v2\/types\/post"}],"author":[{"embeddable":true,"href":"https:\/\/wp-dev.daten.cool\/index.php?rest_route=\/wp\/v2\/users\/2"}],"replies":[{"embeddable":true,"href":"https:\/\/wp-dev.daten.cool\/index.php?rest_route=%2Fwp%2Fv2%2Fcomments&post=2524"}],"version-history":[{"count":0,"href":"https:\/\/wp-dev.daten.cool\/index.php?rest_route=\/wp\/v2\/posts\/2524\/revisions"}],"wp:attachment":[{"href":"https:\/\/wp-dev.daten.cool\/index.php?rest_route=%2Fwp%2Fv2%2Fmedia&parent=2524"}],"wp:term":[{"taxonomy":"category","embeddable":true,"href":"https:\/\/wp-dev.daten.cool\/index.php?rest_route=%2Fwp%2Fv2%2Fcategories&post=2524"},{"taxonomy":"post_tag","embeddable":true,"href":"https:\/\/wp-dev.daten.cool\/index.php?rest_route=%2Fwp%2Fv2%2Ftags&post=2524"}],"curies":[{"name":"wp","href":"https:\/\/api.w.org\/{rel}","templated":true}]}}