{"id":2595,"date":"1997-12-21T19:27:49","date_gmt":"1997-12-21T19:27:49","guid":{"rendered":"http:\/\/www.cilip.de\/?p=2595"},"modified":"1997-12-21T19:27:49","modified_gmt":"1997-12-21T19:27:49","slug":"polizeiliche-todesschuesse-1996-aenderung-der-cilip-statistik","status":"publish","type":"post","link":"https:\/\/wp-dev.daten.cool\/?p=2595","title":{"rendered":"Polizeiliche Todessch\u00fcsse 1996: \u00c4nderung der CILIP-Statistik"},"content":{"rendered":"<h3>von Otto Diederichs<\/h3>\n<p><b>Normalerweise erscheint die von B\u00fcrgerrechte &amp; Polizei\/CILIP zusammengestellte Bilanz polizeilicher Todessch\u00fcsse jeweils in der ersten Ausgabe des Folgejahres, w\u00e4hrend die offizielle Statistik der Innenministerkonferenz (IMK) meist erst im Sommer oder Herbst bekannt gegeben wird. Da\u00df die CILIP-Statistik in diesem Jahr versp\u00e4tet erscheinen mu\u00df, hat indes seinen Grund: Zum ersten Male wies sie f\u00fcr 1995 gravierende Unterschiede zur IMK-Statistik auf, die nicht durch notwendige abweichende Erfassungskriterien zu erkl\u00e4ren waren.<\/b><\/p>\n<p>Die Nachrecherche ergab, da\u00df das wichtigste Kontrollinstrument, die Presse, nicht mehr ausreichend funktioniert. Vielfach blieben Meldungen in den Lokalteilen der Zeitungen h\u00e4ngen und waren damit einer \u00fcberregionalen Auswertung entzogen. Der umgekehrte Fall, da\u00df Todessch\u00fcsse, die gar nicht stattgefunden haben, gemeldet, jedoch nicht wieder korrigiert werden, ist zwar seltener, hat aber ebenfalls stattgefunden:<a name=\"Text1\"><\/a> <a href=\"https:\/\/www.cilip.de\/1997\/12\/21\/polizeiliche-todesschuesse-1996-aenderung-der-cilip-statistik\/#1\">(1)<\/a> In der Chronologie in Heft 55 (2\/96) hatte CILIP gemeldet, am 6. August 1996 sei es in Bremen zu einem t\u00f6dlichen Schu\u00df auf einen Jugendlichen gekommen.<a name=\"Text2\"><\/a> <a href=\"https:\/\/www.cilip.de\/1997\/12\/21\/polizeiliche-todesschuesse-1996-aenderung-der-cilip-statistik\/#2\">(2)<\/a> Das Bremer Polizeipr\u00e4sidium belegte daraufhin gegen\u00fcber der Redaktion, da\u00df es sich lediglich um einen Schu\u00df in den Boden gehandelt hat, bei dem niemand verletzt wurde.<a name=\"Text3\"><\/a> <a href=\"https:\/\/www.cilip.de\/1997\/12\/21\/polizeiliche-todesschuesse-1996-aenderung-der-cilip-statistik\/#3\">(3)<\/a> <!--more--><\/p>\n<h4>Notwendige \u00c4nderungen<\/h4>\n<p>Daraus ergibt sich ein Problem: Ausgangsort f\u00fcr Presseverlautbarungen \u00fcber Schu\u00dfwaffeneins\u00e4tze mit Todesfolge (und alle nachfolgenden Meldungen) sind im Regelfall die ermittelnden Staatsanwaltschaften. Schon in der Vergangenheit war es schwierig, den juristischen Fortgang solcher Vorf\u00e4lle im Auge zu behalten oder zu rekonstruieren. Unm\u00f6glich wird dies nat\u00fcrlich, wenn Presseerkl\u00e4rungen einer Staatsanwaltschaft erst zum Ausgangspunkt der Wahrnehmung werden m\u00fc\u00dften; gleiches gilt f\u00fcr polizeiliche Pressestellen oder die Redaktionen lokaler Medien, die auch erst dann gezielt angesprochen werden k\u00f6nnen, wenn man von einem Vorgang zumindest wei\u00df. Am erfolgversprechendsten erschien daher der Weg \u00fcber die Innenministerien. Eine Nachfrage erbrachte zwar interessante Einblicke in den h\u00f6chst unterschiedlichen Umgang mit der \u00d6ffentlichkeit, jedoch keine brauchbare Kl\u00e4rung.<\/p>\n<p>Die IMK-Statistik hat nun f\u00fcr 1996 neun F\u00e4lle von polizeilichem Schu\u00dfwaffeneinsatz mit t\u00f6dlichen Folgen gemeldet,<a name=\"Text4\"><\/a> <a href=\"https:\/\/www.cilip.de\/1997\/12\/21\/polizeiliche-todesschuesse-1996-aenderung-der-cilip-statistik\/#4\">(4)<\/a> die CILIP-Statistik enth\u00e4lt 10 Polizeiopfer: Im Gegensatz zur offiziellen Statistik z\u00e4hlt CILIP auch die t\u00f6dlichen Folgen sog. &#8222;unbeabsichtigter Schu\u00dfabgaben&#8220;, die von der IMK seit 1983 nicht mehr mitgerechnet werden.<a name=\"Text5\"><\/a> <a href=\"https:\/\/www.cilip.de\/1997\/12\/21\/polizeiliche-todesschuesse-1996-aenderung-der-cilip-statistik\/#5\">(5)<\/a> In der Statistik selbst sind sie jedoch gesondert ausgewiesen; insoweit sind beide Statistiken also doch deckungsgleich. Anhand eines Artikels in der nordrhein-westf\u00e4lischen Polizeizeitschrift &#8218;Die Streife&#8216; lie\u00df sich der Fall identifizieren (CILIP-Statistik Fall 6).<a name=\"Text6\"><\/a> <a href=\"https:\/\/www.cilip.de\/1997\/12\/21\/polizeiliche-todesschuesse-1996-aenderung-der-cilip-statistik\/#6\">(6)<\/a><br \/>\nImmer wird das nicht m\u00f6glich sein. Dennoch wird es n\u00f6tig werden, die CILIP-Statistik vor ihrer Ver\u00f6ffentlichung zun\u00e4chst mit jener der IMK abzugleichen, um weiterhin aussagef\u00e4hige Werte zu behalten. Das bedeutet zugleich, da\u00df die Zusammenstellung k\u00fcnftig nicht mehr wie gewohnt zu Beginn eines Jahres erscheinen kann, sondern abh\u00e4ngig wird von beh\u00f6rdlichen Instanzenwegen mit ihren schleppenden Arbeitsabl\u00e4ufen und der Pressepolitik der Innenministerkonferenz.<\/p>\n<h4>Ein weiterer Todesschu\u00df<\/h4>\n<p>Ein weiterer Fall des letzten Jahres ist allerdings weder in der IMK- noch in der CILIP-Statistik enthalten, da er nicht von der Polizei abgegeben wurde: Bei der Ausf\u00fchrung zu einer Behandlung ist am 8.2.96 in Berlin ein gefesselter H\u00e4ftling seinen Begleitern entflohen. Einer der Justizbeamten scho\u00df daraufhin nach einem Warnschu\u00df gezielt und erscho\u00df den Mann im Eingangsbereich eines U-Bahnhofes. Eine Passantin wurde am Unterschenkel verletzt.<a name=\"Text7\"><\/a> <a href=\"https:\/\/www.cilip.de\/1997\/12\/21\/polizeiliche-todesschuesse-1996-aenderung-der-cilip-statistik\/#7\">(7)<\/a> Im Dezember 1996 wurde das Ermittlungsverfahren gegen den Beamten eingestellt, da der Waffengebrauch gerechtfertigt gewesen sei.<a name=\"Text8\"><\/a> <a href=\"https:\/\/www.cilip.de\/1997\/12\/21\/polizeiliche-todesschuesse-1996-aenderung-der-cilip-statistik\/#8\">(8)<\/a><\/p>\n<h4>Polizeiliche Todessch\u00fcsse 1996<\/h4>\n<table border=\"\" width=\"100%\">\n<tbody>\n<tr>\n<td width=\"10%\"><\/td>\n<td width=\"18%\"><small><b>1<\/b><\/small><\/td>\n<td width=\"18%\"><small><b>2<\/b><\/small><\/td>\n<td width=\"18%\"><small><b>3<\/b><\/small><\/td>\n<td width=\"18%\"><small><b>4<\/b><\/small><\/td>\n<td width=\"18%\"><small><b>5<\/b><\/small><\/td>\n<\/tr>\n<tr valign=\"TOP\">\n<td><small><b>Name\/Alter<\/b><\/small><\/td>\n<td><small>unbek. Mann<br \/>\n38 J.<\/small><\/td>\n<td><small>Kenan Odabasi<br \/>\n21 J.<\/small><\/td>\n<td><small>Helmut Finkl<br \/>\n25 J.<\/small><\/td>\n<td><small>Deniz K.<br \/>\n25 J.<\/small><\/td>\n<td><small>unbek. Mann<br \/>\n51 J.<\/small><\/td>\n<\/tr>\n<tr valign=\"TOP\">\n<td><small><b>Datum<\/b><\/small><\/td>\n<td><small>16.01.96<\/small><\/td>\n<td><small>16.01.96<\/small><\/td>\n<td><small>06.02.96<\/small><\/td>\n<td><small>06.04.96<\/small><\/td>\n<td><small>08.04.96<\/small><\/td>\n<\/tr>\n<tr valign=\"TOP\">\n<td><small><b>Ort\/Land<\/b><\/small><\/td>\n<td><small>K\u00f6ln<br \/>\nNRW<\/small><\/td>\n<td><small>B\u00fcnde<br \/>\nNRW<\/small><\/td>\n<td><small>Dachau<br \/>\nBayern<\/small><\/td>\n<td><small>M\u00fcnchen<br \/>\nBayern<\/small><\/td>\n<td><small>H\u00fcrth<br \/>\nNRW<\/small><\/td>\n<\/tr>\n<tr valign=\"TOP\">\n<td><small><b>Szenarium<\/b><\/small><\/td>\n<td><small>Auf einem Bauernhof sticht ein t\u00fcrkischer Mann mit einem Fleischermesser auf seine Frau ein. Ein Polizeibeamter schie\u00dft auf den Mann und verletzt ihn t\u00f6dlich.<\/small><\/td>\n<td><small>Bei dem Versuch, einen psychisch Kranken zu beruhigen, der Familienangeh\u00f6rige mit einem Messer bedroht, sticht dieser pl\u00f6tzlich auf die Polizisten ein. Ein Beamter schie\u00dft und trifft den Mann t\u00f6dlich.<\/small><\/td>\n<td><small>Ein Geiselnehmer droht, eine Arzthelferin umzubringen, wenn er nicht von der Polizei get\u00f6tet werde. Beim polizeilichen Zugriff geben die eingesetzten SEK-Beamten vier Sch\u00fcsse auf ihn ab, um die Geisel zu retten.<\/small><\/td>\n<td><small>Bei einer Drogenrazzia bedroht ein mutma\u00dflicher Dealer einen Polizeibeamten mit einer Pistole. Dessen Kollege gibt nach eigenen Angaben einen Schu\u00df ab, der den Mann t\u00f6tet. Das Opfer weist allerdings zwei Schu\u00dfwunden auf; Zeugen best\u00e4tigen ebenfalls zwei Sch\u00fcsse. Der Hergang ist unklar.<\/small><\/td>\n<td><small>Ein geistig verwirrter Mann bedroht seine Eltern und die herbeigerufenen Polizisten mit zwei S\u00e4beln. Bei dem Versuch, den Mann durch Armsch\u00fcsse zu entwaffnen, wird er get\u00f6tet.<\/small><\/td>\n<\/tr>\n<tr valign=\"TOP\">\n<td><small><b>Opfer mit Schu\u00dfwaffe?<\/b><\/small><\/td>\n<td><small>nein (Messer)<\/small><\/td>\n<td><small>nein (Messer)<\/small><\/td>\n<td><small>ja (Schreckschu\u00dfpistole)<\/small><\/td>\n<td><small>ja (Gaspistole)<\/small><\/td>\n<td><small>nein (S\u00e4bel)<\/small><\/td>\n<\/tr>\n<tr valign=\"TOP\">\n<td><small><b>Schu\u00dfwechsel?<\/b><\/small><\/td>\n<td><small>nein<\/small><\/td>\n<td><small>nein<\/small><\/td>\n<td><small>nein<\/small><\/td>\n<td><small>nein<\/small><\/td>\n<td><small>nein<\/small><\/td>\n<\/tr>\n<tr valign=\"TOP\">\n<td><small><b>Sondereinsatz-<br \/>\nbeamte?<\/b><\/small><\/td>\n<td><small>nein<\/small><\/td>\n<td><small>ja<\/small><\/td>\n<td><small>ja<\/small><\/td>\n<td><small>nein<\/small><\/td>\n<td><small>ja<\/small><\/td>\n<\/tr>\n<tr valign=\"TOP\">\n<td><small><b>Verletzte\/ get\u00f6tete Beamte?<\/b><\/small><\/td>\n<td><small>nein<\/small><\/td>\n<td><small>nein<\/small><\/td>\n<td><small>nein<\/small><\/td>\n<td><small>nein<\/small><\/td>\n<td><small>nein<\/small><\/td>\n<\/tr>\n<tr valign=\"TOP\">\n<td><small><b>Vorbereitete Polizeiaktion?<\/b><\/small><\/td>\n<td><small>nein<\/small><\/td>\n<td><small>ja<\/small><\/td>\n<td><small>ja<\/small><\/td>\n<td><small>ja<\/small><\/td>\n<td><small>nein<\/small><\/td>\n<\/tr>\n<tr valign=\"TOP\">\n<td><small><b>Staatsanwaltschaftl. Ermittlungsverfahren?<\/b><\/small><\/td>\n<td><small>ja<\/small><\/td>\n<td><small>ja<\/small><\/td>\n<td><small>ja<\/small><\/td>\n<td><small>?<\/small><\/td>\n<td><small>?<\/small><\/td>\n<\/tr>\n<tr valign=\"TOP\">\n<td><small><b>Gerichtsverfahren?<\/b><\/small><\/td>\n<td><small>?<\/small><\/td>\n<td><small>nein<\/small><\/td>\n<td><small>?<\/small><\/td>\n<td><small>?<\/small><\/td>\n<td><small>?<\/small><\/td>\n<\/tr>\n<\/tbody>\n<\/table>\n<table border=\"\" width=\"100%\">\n<tbody>\n<tr>\n<td width=\"10%\"><\/td>\n<td width=\"18%\"><small><b>6<\/b><\/small><\/td>\n<td width=\"18%\"><small><b>7<\/b><\/small><\/td>\n<td width=\"18%\"><small><b>8<\/b><\/small><\/td>\n<td width=\"18%\"><small><b>9<\/b><\/small><\/td>\n<td width=\"18%\"><small><b>10<\/b><\/small><\/td>\n<\/tr>\n<tr valign=\"TOP\">\n<td><small><b>Name\/Alter<\/b><\/small><\/td>\n<td><small>unbek. Mann<br \/>\n18 J.<\/small><\/td>\n<td><small>unbek. Mann<br \/>\n25 J.<\/small><\/td>\n<td><small>unbek. Mann<br \/>\n28 J.<\/small><\/td>\n<td><small>unbek. Mann<br \/>\n34 J.<\/small><\/td>\n<td><small>Bahri Yaradan<br \/>\n25 J.<\/small><\/td>\n<\/tr>\n<tr valign=\"TOP\">\n<td><small><b>Datum<\/b><\/small><\/td>\n<td><small>27.07.96<\/small><\/td>\n<td><small>31.08.96<\/small><\/td>\n<td><small>04.10.96<\/small><\/td>\n<td><small>04.11.96<\/small><\/td>\n<td><small>14.11.96<\/small><\/td>\n<\/tr>\n<tr valign=\"TOP\">\n<td><small><b>Ort\/Land<\/b><\/small><\/td>\n<td><small>M\u00fcnster<br \/>\nNRW<\/small><\/td>\n<td><small>Enzberg<br \/>\nBaden-W\u00fcrttemberg<\/small><\/td>\n<td><small>N\u00fcrnberg<br \/>\nBayern<\/small><\/td>\n<td><small>Burghaun<br \/>\nBayern<\/small><\/td>\n<td><small>F\u00fcrth<br \/>\nBayern<\/small><\/td>\n<\/tr>\n<tr valign=\"TOP\">\n<td><small><b>Szenarium<\/b><\/small><\/td>\n<td><small>Nach einer Verfolgungsjagd stoppt die Polizei einen jugendlichen Autodieb. Bei der Festnahme wird er aus zun\u00e4chst ungekl\u00e4rten Gr\u00fcnden erschossen. Die Polizei setzt zur Kl\u00e4rung des Falles eine Sonderkommission ein. Ergebnis: unbeabsichtigte Schu\u00dfabgabe<\/small><\/td>\n<td><small>Zwei M\u00e4nner, die wegen eines Tankstellenbetruges von der Polizei verfolgt werden, nehmen auf der Flucht eine Geisel. Bei einem Schu\u00dfwechsel mit der Polizei wird einer der T\u00e4ter get\u00f6tet und die Geisel schwer verletzt.<\/small><\/td>\n<td><small>Bei einer Routinekontrolle am N\u00fcrnberger Bahnhof fl\u00fcchtet ein Mann. Eine Polizistin schie\u00dft hinter ihm her und trifft ihn t\u00f6dlich in den R\u00fccken.<\/small><\/td>\n<td><small>Nach der Geld\u00fcbergabe wird ein Erpresser von Polizeibeamten verfolgt und in einem Wald gestellt. Bei der Festnahme gibt ein Beamter drei Sch\u00fcsse auf den Mann ab, von denen einer t\u00f6dlich ist.<\/small><\/td>\n<td><small>Nach einer Verfolgungsfahrt stellen zwei Polizisten einen Autofahrer. Bei der Festnahme &#8222;l\u00f6st sich ein Schu\u00df&#8220; und trifft den Mann in den Kopf.<\/small><\/td>\n<\/tr>\n<tr valign=\"TOP\">\n<td><small><b>Opfer mit Schu\u00dfwaffe?<\/b><\/small><\/td>\n<td><small>nein<\/small><\/td>\n<td><small>ja<\/small><\/td>\n<td><small>nein<\/small><\/td>\n<td><small>ja (Schreckschu\u00dfpistole)<\/small><\/td>\n<td><small>nein<\/small><\/td>\n<\/tr>\n<tr valign=\"TOP\">\n<td><small><b>Schu\u00dfwechsel?<\/b><\/small><\/td>\n<td><small>nein<\/small><\/td>\n<td><small>ja<\/small><\/td>\n<td><small>nein<\/small><\/td>\n<td><small>unklar<\/small><\/td>\n<td><small>nein<\/small><\/td>\n<\/tr>\n<tr valign=\"TOP\">\n<td><small><b>Sondereinsatz-<br \/>\nbeamte?<\/b><\/small><\/td>\n<td><small>nein<\/small><\/td>\n<td><small>nein<\/small><\/td>\n<td><small>nein<\/small><\/td>\n<td><small>nein<\/small><\/td>\n<td><small>nein<\/small><\/td>\n<\/tr>\n<tr valign=\"TOP\">\n<td><small><b>Verletzte\/ get\u00f6tete Beamte?<\/b><\/small><\/td>\n<td><small>nein<\/small><\/td>\n<td><small>nein<\/small><\/td>\n<td><small>nein<\/small><\/td>\n<td><small>nein<\/small><\/td>\n<td><small>nein<\/small><\/td>\n<\/tr>\n<tr valign=\"TOP\">\n<td><small><b>Vorbereitete Polizeiaktion?<\/b><\/small><\/td>\n<td><small>nein<\/small><\/td>\n<td><small>nein<\/small><\/td>\n<td><small>nein<\/small><\/td>\n<td><small>unklar\/ja<\/small><\/td>\n<td><small>nein<\/small><\/td>\n<\/tr>\n<tr valign=\"TOP\">\n<td><small><b>Staatsanwaltschaftl. Ermittlungsverfahren?<\/b><\/small><\/td>\n<td><small>?<\/small><\/td>\n<td><small>?<\/small><\/td>\n<td><small>ja<\/small><\/td>\n<td><small>ja<\/small><\/td>\n<td><small>?<\/small><\/td>\n<\/tr>\n<tr valign=\"TOP\">\n<td><small><b>Gerichtsverfahren?<\/b><\/small><\/td>\n<td><small>?<\/small><\/td>\n<td><small>?<\/small><\/td>\n<td><small>ja (Geldstrafe)<\/small><\/td>\n<td><small>nein<\/small><\/td>\n<td><small>?<\/small><\/td>\n<\/tr>\n<\/tbody>\n<\/table>\n<h5>Otto Diederichs ist Redakteur und Mitherausgeber von B\u00fcrgerrechte &amp; Polizei\/CILIP; freier Journalist in Berlin<\/h5>\n<h6><a href=\"https:\/\/www.cilip.de\/1997\/12\/21\/polizeiliche-todesschuesse-1996-aenderung-der-cilip-statistik\/#Text1\">(1)<\/a> <a name=\"1\"><\/a>Berliner Zeitung v. 7.8.96<\/h6>\n<h6><a href=\"https:\/\/www.cilip.de\/1997\/12\/21\/polizeiliche-todesschuesse-1996-aenderung-der-cilip-statistik\/#Text2\">(2)<\/a> <a name=\"2\"><\/a>B\u00fcrgerrechte &amp; Polizei\/CILIP 55 (2\/96), S. 80<\/h6>\n<h6><a href=\"https:\/\/www.cilip.de\/1997\/12\/21\/polizeiliche-todesschuesse-1996-aenderung-der-cilip-statistik\/#Text3\">(3)<\/a> <a name=\"3\"><\/a>Schreiben v. 16.1.97<\/h6>\n<h6><a href=\"https:\/\/www.cilip.de\/1997\/12\/21\/polizeiliche-todesschuesse-1996-aenderung-der-cilip-statistik\/#Text4\">(4)<\/a> <a name=\"4\"><\/a>Presseerkl\u00e4rung v. 28.4.97<\/h6>\n<h6><a href=\"https:\/\/www.cilip.de\/1997\/12\/21\/polizeiliche-todesschuesse-1996-aenderung-der-cilip-statistik\/#Text5\">(5)<\/a> <a name=\"5\"><\/a>Schreiben der IMK-Gesch\u00e4ftsstelle an die Redaktion v. 5.6.90<\/h6>\n<h6><a href=\"https:\/\/www.cilip.de\/1997\/12\/21\/polizeiliche-todesschuesse-1996-aenderung-der-cilip-statistik\/#Text6\">(6)<\/a> <a name=\"6\"><\/a>Die Streife 3\/97, S. 10<\/h6>\n<h6><a href=\"https:\/\/www.cilip.de\/1997\/12\/21\/polizeiliche-todesschuesse-1996-aenderung-der-cilip-statistik\/#Text7\">(7)<\/a> <a name=\"7\"><\/a>Der Tagesspiegel v. 9.2.96<\/h6>\n<h6><a href=\"https:\/\/www.cilip.de\/1997\/12\/21\/polizeiliche-todesschuesse-1996-aenderung-der-cilip-statistik\/#Text8\">(8)<\/a> <a name=\"8\"><\/a>Der Tagesspiegel v. 11.12.96<\/h6>\n","protected":false},"excerpt":{"rendered":"<p>von Otto Diederichs Normalerweise erscheint die von B\u00fcrgerrechte &amp; Polizei\/CILIP zusammengestellte Bilanz polizeilicher Todessch\u00fcsse jeweils<\/p>\n","protected":false},"author":2,"featured_media":0,"comment_status":"open","ping_status":"open","sticky":false,"template":"","format":"standard","meta":{"footnotes":""},"categories":[64,147],"tags":[774,820,1094,1437],"class_list":["post-2595","post","type-post","status-publish","format-standard","hentry","category-cilip-058","category-polizeiliche-todesschuesse","tag-innenministerkonferenz","tag-justiz","tag-polizei","tag-todesschuesse"],"_links":{"self":[{"href":"https:\/\/wp-dev.daten.cool\/index.php?rest_route=\/wp\/v2\/posts\/2595","targetHints":{"allow":["GET"]}}],"collection":[{"href":"https:\/\/wp-dev.daten.cool\/index.php?rest_route=\/wp\/v2\/posts"}],"about":[{"href":"https:\/\/wp-dev.daten.cool\/index.php?rest_route=\/wp\/v2\/types\/post"}],"author":[{"embeddable":true,"href":"https:\/\/wp-dev.daten.cool\/index.php?rest_route=\/wp\/v2\/users\/2"}],"replies":[{"embeddable":true,"href":"https:\/\/wp-dev.daten.cool\/index.php?rest_route=%2Fwp%2Fv2%2Fcomments&post=2595"}],"version-history":[{"count":0,"href":"https:\/\/wp-dev.daten.cool\/index.php?rest_route=\/wp\/v2\/posts\/2595\/revisions"}],"wp:attachment":[{"href":"https:\/\/wp-dev.daten.cool\/index.php?rest_route=%2Fwp%2Fv2%2Fmedia&parent=2595"}],"wp:term":[{"taxonomy":"category","embeddable":true,"href":"https:\/\/wp-dev.daten.cool\/index.php?rest_route=%2Fwp%2Fv2%2Fcategories&post=2595"},{"taxonomy":"post_tag","embeddable":true,"href":"https:\/\/wp-dev.daten.cool\/index.php?rest_route=%2Fwp%2Fv2%2Ftags&post=2595"}],"curies":[{"name":"wp","href":"https:\/\/api.w.org\/{rel}","templated":true}]}}