{"id":2599,"date":"1997-12-21T19:30:05","date_gmt":"1997-12-21T19:30:05","guid":{"rendered":"http:\/\/www.cilip.de\/?p=2599"},"modified":"1997-12-21T19:30:05","modified_gmt":"1997-12-21T19:30:05","slug":"chronologie-mai-1997","status":"publish","type":"post","link":"https:\/\/wp-dev.daten.cool\/?p=2599","title":{"rendered":"Chronologie &#8211; Mai 1997"},"content":{"rendered":"<h3>zusammengestellt von Martina Kant<\/h3>\n<p><b>01.05.:<\/b>\u2022 Im Anschlu\u00df an die <b>&#8218;Revolution\u00e4re 1.-Mai-Demonstration&#8216;<\/b> in Berlin kommt es zu gewaltt\u00e4tigen Auseinandersetzungen zwischen der Polizei und DemonstrantInnen, in deren Verlauf 347 Personen festgenommen werden. Am 15.5. wird ein Mitschnitt des Polizeifunks vom 1. Mai bekannt, woraus hervorgeht, da\u00df ca. 50 vermummte Zivilbeamte der Polizei Eskalationen bewu\u00dft herbeigef\u00fchrt haben sollen. Die Polizei weist dies zur\u00fcck. Am 21.5. r\u00e4umt sie die Vermummung ein, nachdem Videoaufnahmen auftauchen.<!--more--><\/p>\n<p>\u2022 Im nieders\u00e4chsischen Hannoversch M\u00fcnden versammeln sich ca. 300 Anh\u00e4nger der rechtsextremen <b>NPD<\/b> zu einer Kundgebung und liefern sich mit 50 linken GegendemonstrantInnen gewaltt\u00e4tige Auseinandersetzungen. Die Polizei nimmt 120 RechtsextremistInnen fest; ein Polizist wird schwer verletzt.<b>02.05.:<\/b>\u2022 Drei <b>rechtsradikale Brandstifter<\/b> werden vom D\u00fcsseldorfer Landgericht zu jeweils viereinhalbj\u00e4hrigen Jugendstrafen verurteilt. Sie hatten im Juli 1996 einen Brandanschlag auf ein Aussiedlerheim ver\u00fcbt.<br \/>\nDeutschlands modernstes und teuerstes Untersuchungshaftgef\u00e4ngnis <b>Weiterstadt<\/b> wird er\u00f6ffnet. Es war 1993 durch einen Sprengstoffanschlag der RAF kurz vor seiner Er\u00f6ffnung zerst\u00f6rt worden.<b>04.05.:<\/b>\u2022 Ein Beschlu\u00df des Bundesverfassungsgerichts (BVerfG) erkl\u00e4rt das <b>Verbot der Partydroge Ecstasy<\/b> per Verordnung f\u00fcr rechtens. (Az.: 2 BvR 509\/96 und 511\/96 &#8211; Beschl. v. 4.5.97)<b>05.05.:<\/b>\u2022 Ein Sondereinsatzkommando der s\u00e4chsischen Polizei beendet in Dresden unblutig eine mehrst\u00fcndige <b>Geiselnahme<\/b> und \u00fcberw\u00e4ltigt den Geiselnehmer.<b>07.05.:<\/b>\u2022 Der <b>Berliner Drogenbericht 1996<\/b> verzeichnet 175 Drogentote; die Berliner Polizei nahm 2.230 Schmuggler fest und stellte 130 Kilogramm Drogen sicher.<b>12.05.:<\/b>\u2022 Bei der <b>R\u00e4umung eines besetzten Hauses<\/b> in Potsdam werden 17 Personen festgenommen.<b>13.05.:<\/b>\u2022 Per Senatsbeschlu\u00df werden die Berliner Sozialbeh\u00f6rden zur <b>\u00dcbermittlung von Aufenthaltsort<\/b> und Vorsprachetermin von illegal in Berlin lebenden MigrantInnen an die Ausl\u00e4nderbeh\u00f6rde verpflichtet.<br \/>\n\u2022 Nach Mitteilung von Bundesgesundheitsminister Horst Seehofer (CSU) wird der Antrag der schleswig-holsteinischen Landesregierung auf <b>Haschisch-Verkauf in Apotheken<\/b> abgelehnt. Das Bundesinstitut f\u00fcr Arzneimittel und Medizinprodukte best\u00e4tigt am 23.5. die Ablehnung des Modellprojekts wegen Versto\u00dfes gegen das Bet\u00e4ubungsmittelgesetz.<br \/>\n\u2022 <b>Armin J\u00e4ger (CDU)<\/b> wird neuer Innenminister von Mecklenburg-Vorpommern. Er l\u00f6st Rudi Geil ab.<b>14.05.:<\/b>\u2022 Laut einem Bericht des Bundeskriminalamtes (BKA) wurden im ersten Quartal 1997 insgesamt <b>198 antisemitisch motivierte Straftaten<\/b> ver\u00fcbt. Das sind 29 mehr als im Vergleichszeitsraum 1996.<b>15.05.:<\/b>\u2022 Die Staatsanwaltschaft in L\u00fcbeck erhebt Anklage wegen Polizistenmordes und vierfachen Mordversuchs gegen den Rechtsextremisten <b>Kay Diesner<\/b>. Diesner hatte im Februar dieses Jahres bei einer Fahrzeugkontrolle einen Polizisten erschossen und zuvor in Berlin einen PDS-nahen Buchh\u00e4ndler durch Sch\u00fcsse schwer verletzt.<br \/>\n\u2022 Mit dem Verweis auf &#8222;\u00fcberwiegende \u00f6ffentliche Interessen&#8220; verzichtet Generalbundesanwalt Kai Nehm auf weitere Ermittlungen gegen die iranische Staatsf\u00fchrung wegen des <b>Mykonos-Attentats.<\/b> Lediglich der Haftbefehl gegen Geheimdienstminister Fallahian bestehe fort.<b>20.05.:<\/b>\u2022 Im D\u00fcsseldorfer Proze\u00df gegen den fr\u00fcheren DDR-Spionagechef <b>Markus Wolf<\/b> fordert die Verteidigung Freispruch wegen Verj\u00e4hrung der Straftaten. Das Oberlandesgericht verurteilt Wolf am 27.5. wegen Freiheitsberaubung von DDR-B\u00fcrgerInnen in vier F\u00e4llen zu zwei Jahren Haft auf Bew\u00e4hrung. Zudem mu\u00df er 50.000 DM an ein SOS-Kinderdorf spenden.<b>21.05.:<\/b>\u2022 In Berlin kommt es zur <b>R\u00e4umung eines teilbesetzten Hauses<\/b> durch zwei Hundertschaften der Polizei. 24 Personen werden \u00fcberpr\u00fcft und anschlie\u00dfend wieder auf freien Fu\u00df gesetzt. In den darauffolgenden Tagen f\u00fchrt die Polizei st\u00e4ndig Ausweiskontrollen in der Umgebung des Hauses bei Personen mit &#8222;szenetypischem Aussehen&#8220; durch.<b>22.05.:<\/b>\u2022 Vier B\u00fcrgerrechtsorganisationen legen erstmals ihren <b>&#8218;Alternativen Verfassungsschutzbericht&#8216;<\/b> vor. Der Grundrechte-Report will staatliche Verst\u00f6\u00dfe gegen B\u00fcrger- und Menschenrechte in Deutschland anprangern und soll k\u00fcnftig j\u00e4hrlich erscheinen.<b>24.05.:<\/b>\u2022 Der <b>Bundesnachrichtendienst<\/b> (BND) h\u00f6rt nach Angaben seines Pr\u00e4sidenten Hansj\u00f6rg Geiger &#8222;weit unter einem Prozent&#8220; aller Auslandstelefonate ab. Der BND habe nicht die M\u00f6glichkeit, die rund 200 Anrufe pro Minute computergesteuert nach bestimmten Schl\u00fcsselw\u00f6rtern mitzuh\u00f6ren. Nach Auskunft des bayerischen Innenministeriums auf eine Anfrage der Gr\u00fcnen wird am 29.7. bekannt, da\u00df der BND t\u00e4glich rund 600 &#8222;Vorg\u00e4nge des internationalen Fernmeldeverkehrs&#8220; mit Hilfe von Suchbegriffen \u00fcberpr\u00fcft. Von diesen werden t\u00e4glich 45 als m\u00f6glicherweiseerheblich selektiert.<b>25.05.:<\/b>\u2022 In L\u00fcbeck beginnt eine <b>Serie von Brandanschl\u00e4gen<\/b> auf Kirchen in Norddeutschland. An die Mauer einer v\u00f6llig ausgebrannten Kirche schmieren die T\u00e4ter Hakenkreuze und den Namen eines Pfarrers, der in der Nachbargemeinde einer algerischen Familie Kirchenasyl gew\u00e4hrt. Am 13.6. wird Haftbefehl gegen einen 19j\u00e4hrigen wegen schwerer Brandstiftung erlassen; zwei weitere Jugendliche gestehen die Hakenkreuzschmierereien. Am 4.6. werfen Rechtsradikale Brands\u00e4tze in eine evangelische Kirche in Hamburg und beschmieren die W\u00e4nde mit Hakenkreuzen und SS-Runen. Das Feuer erlischt von selbst. Am 15.6. legen Unbekannte in einer Husumer Kirche Feuer. Die Polizei vermutet T\u00e4ter aus der rechtsradikalen Szene. Am 17.6. wird ein psychisch gest\u00f6rter 44j\u00e4hriger Verd\u00e4chtiger vorl\u00e4ufig festgenommen. Am 29.6. brennt ein evangelisches Gemeindehaus in L\u00fcbeck. Die W\u00e4nde waren wiederum mit Hakenkreuzen und Drohungen gegen einen Pfarrer beschmiert.<b>27.05.:<\/b>\u2022 Vor dem Berliner Oberverwaltungsgericht wird der vierj\u00e4hrige Rechtsstreit zwischen der Gauck-Beh\u00f6rde und dem brandenburgischen Ministerpr\u00e4sidenten <b>Manfred Stolpe<\/b> (SPD) beendet, indem dieser den Streit \u00fcberraschend f\u00fcr erledigt erkl\u00e4rt.<br \/>\n\u2022 20 Jahre nach der <b>Oetker-Entf\u00fchrung<\/b> wird in London der Kidnapper Dieter Zlof mit mehr als der H\u00e4lfte des L\u00f6segeldes von insgesamt 21 Mio. DM gefa\u00dft. Einige Tage sp\u00e4ter stellt sich ein Komplize den deutschen Ermittlungsbeh\u00f6rden. Beiden droht in Gro\u00dfbritannien eine Anklage wegen Hehlerei und Geldw\u00e4sche.<b>28.05.:<\/b>\u2022 Es wird bekannt, da\u00df 18 Verfahren gegen PolizeibeamtInnen im Zusammenhang mit dem <b>Castor-Transport<\/b> wegen Sachbesch\u00e4digung, N\u00f6tigung und K\u00f6rperverletzung von der L\u00fcneburger Staatsanwaltschaft eingestellt wurden.<br \/>\n\u2022 Die Berliner Justizsenatorin Lore Maria Peschel-Gutzeit stellt den ersten <b>Lagebericht zur Organisierten Kriminalit\u00e4t<\/b> (OK) der Justizbeh\u00f6rde vor. Erfa\u00dft werden darin 257 OK-Ermittlungsverfahren f\u00fcr das Jahr 1996; 63% der Tatverd\u00e4chtigen und 60% der Verurteilten waren danach ausl\u00e4ndische Staatsangeh\u00f6rige. Eine Mafia oder mafiose Strukturen gebe es laut Peschel-Gutzeit derzeit in Berlin nicht.<br \/>\n\u2022 Mit einem Freispruch vom Vorwurf der <b>K\u00f6rperverletzung im Amt<\/b> endet der Proze\u00df gegen einen Berliner Zivilbeamten. Er soll im November 1994 den Kl\u00e4ger brutal abgef\u00fchrt und ihm auf die Frage nach seiner Dienstnummer einen Faustschlag ins Gesicht versetzt haben.<br \/>\n\u2022 Zwei Funktion\u00e4re der verbotenen <b>Kurdischen Arbeiterpartei (PKK)<\/b>werden vom Oberlandesgericht Celle u.a. wegen Mitgliedschaft in einer terroristischen Vereinigung zu Haftstrafen von dreieinhalb bzw. zweieinhalb Jahren verurteilt. Bei Razzien in vier bayerischen Fl\u00fcchtlingsheimen werden am 17.6. insgesamt 17 mutma\u00dfliche PKK-Aktivisten festgenommen und zahlreiches Propagandamaterial sichergestellt.<b>29.05.:<\/b>\u2022 Vor dem Landgericht Hannover wird das Verfahren gegen einen SEK-Beamten wegen fahrl\u00e4ssiger T\u00f6tung des Kurden <b>Halim Dener<\/b> neu aufgerollt. Der Sechzehnj\u00e4hrige war im Juli 1994 beim Plakatieren ertappt worden und durch einen Schu\u00df aus der Dienstwaffe des Angeklagten t\u00f6dlich verletzt worden. Am 20.6. pl\u00e4dieren Staatsanwaltschaft und Verteidigung auf Freispruch. Das Gericht folgt den Pl\u00e4doyers und spricht den Polizisten am 27.6. frei.<\/p>\n<h5>Martina Kant ist Politikwissenschaftlerin und Mitarbeiterin der &#8218;Arbeitsgruppe B\u00fcrgerrechte&#8216; an der FU Berlin.<\/h5>\n","protected":false},"excerpt":{"rendered":"<p>zusammengestellt von Martina Kant 01.05.:\u2022 Im Anschlu\u00df an die &#8218;Revolution\u00e4re 1.-Mai-Demonstration&#8216; in Berlin kommt es<\/p>\n","protected":false},"author":2,"featured_media":0,"comment_status":"open","ping_status":"open","sticky":false,"template":"","format":"standard","meta":{"footnotes":""},"categories":[6,64],"tags":[],"class_list":["post-2599","post","type-post","status-publish","format-standard","hentry","category-chronologien","category-cilip-058"],"_links":{"self":[{"href":"https:\/\/wp-dev.daten.cool\/index.php?rest_route=\/wp\/v2\/posts\/2599","targetHints":{"allow":["GET"]}}],"collection":[{"href":"https:\/\/wp-dev.daten.cool\/index.php?rest_route=\/wp\/v2\/posts"}],"about":[{"href":"https:\/\/wp-dev.daten.cool\/index.php?rest_route=\/wp\/v2\/types\/post"}],"author":[{"embeddable":true,"href":"https:\/\/wp-dev.daten.cool\/index.php?rest_route=\/wp\/v2\/users\/2"}],"replies":[{"embeddable":true,"href":"https:\/\/wp-dev.daten.cool\/index.php?rest_route=%2Fwp%2Fv2%2Fcomments&post=2599"}],"version-history":[{"count":0,"href":"https:\/\/wp-dev.daten.cool\/index.php?rest_route=\/wp\/v2\/posts\/2599\/revisions"}],"wp:attachment":[{"href":"https:\/\/wp-dev.daten.cool\/index.php?rest_route=%2Fwp%2Fv2%2Fmedia&parent=2599"}],"wp:term":[{"taxonomy":"category","embeddable":true,"href":"https:\/\/wp-dev.daten.cool\/index.php?rest_route=%2Fwp%2Fv2%2Fcategories&post=2599"},{"taxonomy":"post_tag","embeddable":true,"href":"https:\/\/wp-dev.daten.cool\/index.php?rest_route=%2Fwp%2Fv2%2Ftags&post=2599"}],"curies":[{"name":"wp","href":"https:\/\/api.w.org\/{rel}","templated":true}]}}