{"id":2605,"date":"1997-12-21T19:33:51","date_gmt":"1997-12-21T19:33:51","guid":{"rendered":"http:\/\/www.cilip.de\/?p=2605"},"modified":"1997-12-21T19:33:51","modified_gmt":"1997-12-21T19:33:51","slug":"chronologie-juli-1997","status":"publish","type":"post","link":"https:\/\/wp-dev.daten.cool\/?p=2605","title":{"rendered":"Chronologie &#8211; Juli 1997"},"content":{"rendered":"<h3>zusammengestellt von Martina Kant<\/h3>\n<p><b>01.07.:<\/b>\u2022 Ein Amokl\u00e4ufer verletzt in Berlin einen Polizisten, einen Passanten und sich selbst mit einem Messer schwer und wird erst mit einem <b>Schu\u00df in die Beine<\/b> von der Polizei gestoppt.<br \/>\n\u2022 Nach einer Entscheidung des Bundesgerichtshofs (BGH) darf die Polizei bei der Fahndung nach Schwerkriminellen <b>Abh\u00f6rwanzen in Autos<\/b> verstecken und zu diesem Zweck das Kraftfahrzeug \u00f6ffnen, da Autos nicht unter den Wohnungsbegriff fallen.<br \/>\n\u2022 Die Staatsanwaltschaft Rostock nimmt Ermittlungen wegen <b>Strafvereitelung im Amt<\/b> gegen zwei Polizisten auf. Sie sollen sich nach einem \u00dcberfall von Rechtsradikalen auf Camper geweigert haben, Anzeigen aufzunehmen.<b>03.07.:<\/b>\u2022 Der Jahresbericht 1996 von Amnesty international listet f\u00fcr die letzten zwei Jahre mehr als 40 F\u00e4lle <b>rassistischer \u00dcbergriffe deutscher Polizisten<\/b> auf MigrantInnen oder Deutsche ausl\u00e4ndischer Herkunft auf.<b>04.07.:<\/b>\u2022 In Frankfurt\/Oder beginnt der erste von mehreren Prozessen um die Hintergr\u00fcnde des Brandanschlags auf die Asylunterkunft im brandenburgischen <b>Dolgenbrodt<\/b> 1992. Vor Gericht stehen mehrere Dorfbewohner wegen Falschaussage und Anstiftung zur Tat. Sie sollen den T\u00e4ter f\u00fcr den Anschlag bezahlt haben. Ein 23j\u00e4hriger wird zu einer Bew\u00e4hrungsstrafe von einem Jahr und neun Monaten und 4.500 DM Geldbu\u00dfe wegen Meineids verurteilt.<br \/>\n\u2022 Nach Angaben des Bundesinnenministeriums sank die <b>Zahl der Asylsuchenden<\/b> im ersten Halbjahr 1997 gegen\u00fcber dem Vorjahr um fast 8% auf 52.888.<b>07.07.:<\/b>\u2022 Es wird bekannt, da\u00df ein <b>falscher Arzt<\/b> drei Monate lang im Auftrag des BGS auf dem Frankfurter Flughafen Abschiebeh\u00e4ftlinge auf ihre Reisetauglichkeit untersucht und ihnen in 27 F\u00e4llen vor der Abschiebung Valium verabreicht hat. Gegen den Jura-Studenten und den Leiter des Frankfurter Grenzschutzamtes wird ermittelt.<!--more--><\/p>\n<p><b>08.07.:<\/b>\u2022 Das <b>s\u00e4chsische Landespolizeigesetz<\/b> wird durch Beschlu\u00df des Kabinetts versch\u00e4rft. Es soll verdachtsunabh\u00e4ngige Kontrollen im 30 km breiten Grenzgebiet und auf wichtigen Stra\u00dfen sowie Durchsuchung des Fahrzeugs und Identit\u00e4tsfestellung der Insassen erm\u00f6glichen.<br \/>\n\u2022 Das Verwaltungsgericht Hannover erkl\u00e4rt zwei Platzverweise w\u00e4hrend der <b>Chaos-Tage 1996<\/b> f\u00fcr rechtswidrig. Der 70 Hektar gro\u00dfe Park, aus dem die Kl\u00e4ger und rund 1.800 weitere Personen verwiesen wurden, sei kein einzelner &#8218;Ort&#8216; im Sinne des nieders\u00e4chsichen Gefahrenabwehrgesetzes.<br \/>\n\u2022 Auf der Suche nach einem 24j\u00e4hrigen Libanesen st\u00fcrmt ein Sondereinsatzkommando der Berliner Polizei dessen Wohnung und mi\u00dfhandelt seine Familienangeh\u00f6rigen mit Schl\u00e4gen. Gegen die Beamten werden Anzeigen wegen <b>K\u00f6rperverletzung im Amt<\/b> erstattet.<b>09.07.:<\/b>\u2022 Der BGH best\u00e4tigt die Verurteilung des fr\u00fcheren DDR-Devisenbeschaffers <b>Alexander Schalck-Golodkowski<\/b> zu einem Jahr auf Bew\u00e4hrung wegen illegaler Waffengesch\u00e4fte.<br \/>\n\u2022 Nach einem Beschlu\u00df des BVerfG ist auch der <b>Besitz von geringen Mengen an Cannabisprodukten<\/b> zum Eigenverbrauch strafbar, wenn der Besitzer den Kauf \u00f6ffentlich bekannt gibt und damit zur Nachahmung anregen k\u00f6nnte. (Az.: 2 BvR 910\/97)<b>10.07.:<\/b>\u2022 Die Ausgaben des <b>Bundesnachrichtendienstes<\/b> (BND) werden k\u00fcnftig dem Kanzleramt zugeordnet, dessen Etat sich dadurch 1998 von 547,8 auf 1017,9 Mio. DM erh\u00f6ht.<b>14.07.:<\/b>\u2022 Das BVerfG lehnt einen Eilantrag der SPD auf Zeugenvernehmung von Bundeskanzler Helmut Kohl (CDU) im Bonner <b>Plutonium-Untersuchungsausschu\u00df<\/b> ab.<b>16.07.:<\/b>\u2022 Das Bundesinnenminsterium und Baden-W\u00fcrttemberg unterzeichnen eine &#8218;Sicherheitspartnerschaft&#8216; zur verst\u00e4rkten <b>Kooperation von BGS und L\u00e4nderpolizei<\/b> entlang der Grenze zum Elsa\u00df und der Schweiz als Ausgleichsma\u00dfnahme f\u00fcr den Wegfall der Grenzkontrollen durch das Schengener Abkommen.<b>17.07.:<\/b>\u2022 Nach vier BGH-Entscheidungen kann <b>Geldw\u00e4sche<\/b> in Zusammenhang mit Drogenhandel genauso hart bestraft werden wie der Drogenhandel selbst. Die H\u00f6chstrafe f\u00fcr Geldw\u00e4sche betr\u00e4gt 10 Jahre, f\u00fcr Drogenhandel 15 Jahre Haft. (Az.: 1 StR 791\/96 u.a.)<br \/>\n\u2022 Das Anti-Folter-Komitee des Europarates r\u00fcgt in seinem Inspektionsbericht <b>Mi\u00dfhandlungen von MigrantInnen auf Polizeidienststellen<\/b>, in Gef\u00e4ngnissen und im Abschiebegewahrsam.<b>21.07.:<\/b>\u2022 In Berlin durchsuchen f\u00fcnf Polizeibeamte die Redaktionsr\u00e4ume der autonomen Monatsschrift <b>&#8218;Graswurzelrevolution&#8216;<\/b> aufgrund einer Klage des Schriftstellers Lothar Buchheim gegen eine Romankritik.<br \/>\n\u2022 Zwei mit Haftbefehl gesuchte <b>RAF-Sympathisanten<\/b> stellen sich der Bundesanwaltschaft. Ihnen wird vorgeworfen, Anschlu\u00df an die RAF gesucht und sich mit Waffen ausgestattet zu haben. 1989 waren sie mit falschen Identit\u00e4ten abgetaucht.<b>23.07.:<\/b>\u2022 Der deutsche Privatagent <b>Werner Mauss<\/b> und seine Frau Ida werden in Bogota\/Kolumbien nach acht Monaten unter Auflagen aus der Haft entlassen. Sie werden beschuldigt, regelm\u00e4\u00dfig mit der Guerilla zusammengearbeitet und in Entf\u00fchrungsf\u00e4llen Vermittlungst\u00e4tigkeiten \u00fcbernommen zu haben. Dabei soll Mauss hohe Geb\u00fchren und einen Teil des L\u00f6segeldes kassiert haben.<b>24.07.:<\/b>\u2022 In M\u00fcnchen wird von einer Polizistin ein geistig verwirrter <b>Mann erschossen<\/b>. Er hatte sie mit einem Fleischermesser bedroht.<b>29.07.:<\/b>\u2022 Mit einem Gro\u00dfaufgebot von 500 Polizeibeamten und vom SEK werden in Berlin drei <b>besetzte H\u00e4user ger\u00e4umt<\/b> und f\u00fcnf Jugendliche festgenommen. 300 Sympathisanten demonstrieren am Abend gegen die R\u00e4umungen. Noch am selben Abend erwirken zwei Besetzer eine einstweilige Verf\u00fcgung zur R\u00fcckkehr in ihr ger\u00e4umtes Haus.<br \/>\n\u2022 Die in Deutschland verurteilte Landshut-Entf\u00fchrerin <b>Souhaila Andrawes<\/b> wird zur Verb\u00fc\u00dfung ihrer Reststrafe nach Oslo \u00fcberstellt.<\/p>\n<h5>Martina Kant ist Politikwissenschaftlerin und Mitarbeiterin der &#8218;Arbeitsgruppe B\u00fcrgerrechte&#8216; an der FU Berlin.<\/h5>\n","protected":false},"excerpt":{"rendered":"<p>zusammengestellt von Martina Kant 01.07.:\u2022 Ein Amokl\u00e4ufer verletzt in Berlin einen Polizisten, einen Passanten und<\/p>\n","protected":false},"author":2,"featured_media":0,"comment_status":"open","ping_status":"open","sticky":false,"template":"","format":"standard","meta":{"footnotes":""},"categories":[6,64],"tags":[],"class_list":["post-2605","post","type-post","status-publish","format-standard","hentry","category-chronologien","category-cilip-058"],"_links":{"self":[{"href":"https:\/\/wp-dev.daten.cool\/index.php?rest_route=\/wp\/v2\/posts\/2605","targetHints":{"allow":["GET"]}}],"collection":[{"href":"https:\/\/wp-dev.daten.cool\/index.php?rest_route=\/wp\/v2\/posts"}],"about":[{"href":"https:\/\/wp-dev.daten.cool\/index.php?rest_route=\/wp\/v2\/types\/post"}],"author":[{"embeddable":true,"href":"https:\/\/wp-dev.daten.cool\/index.php?rest_route=\/wp\/v2\/users\/2"}],"replies":[{"embeddable":true,"href":"https:\/\/wp-dev.daten.cool\/index.php?rest_route=%2Fwp%2Fv2%2Fcomments&post=2605"}],"version-history":[{"count":0,"href":"https:\/\/wp-dev.daten.cool\/index.php?rest_route=\/wp\/v2\/posts\/2605\/revisions"}],"wp:attachment":[{"href":"https:\/\/wp-dev.daten.cool\/index.php?rest_route=%2Fwp%2Fv2%2Fmedia&parent=2605"}],"wp:term":[{"taxonomy":"category","embeddable":true,"href":"https:\/\/wp-dev.daten.cool\/index.php?rest_route=%2Fwp%2Fv2%2Fcategories&post=2605"},{"taxonomy":"post_tag","embeddable":true,"href":"https:\/\/wp-dev.daten.cool\/index.php?rest_route=%2Fwp%2Fv2%2Ftags&post=2605"}],"curies":[{"name":"wp","href":"https:\/\/api.w.org\/{rel}","templated":true}]}}