{"id":2716,"date":"1997-02-21T20:50:26","date_gmt":"1997-02-21T20:50:26","guid":{"rendered":"http:\/\/www.cilip.de\/?p=2716"},"modified":"1997-02-21T20:50:26","modified_gmt":"1997-02-21T20:50:26","slug":"chronologie-maerz-1997","status":"publish","type":"post","link":"https:\/\/wp-dev.daten.cool\/?p=2716","title":{"rendered":"Chronologie &#8211; M\u00e4rz 1997"},"content":{"rendered":"<h3>zusammengestellt von Martina Kant<\/h3>\n<p><b>01.03.:<\/b>\u2022 Ein Polizeiaufgebot von 1.500 BeamtInnen verhindert in M\u00fcnchen eine Stra\u00dfenschlacht zwischen 5.000 Rechtsextremisten, die zu einer <b>NPD-Kundgebung<\/b> angereist waren, und 10.000 linken GegendemonstrantInnen. Anla\u00df des Aufmarschs ist die in M\u00fcnchen gezeigte Ausstellung \u00fcber die Verbrechen der Wehrmacht. Es kommt zu \u00fcber 100 Festnahmen.<b>04.03.:<\/b>\u2022 Das Bayerische Verwaltungsgericht erkl\u00e4rt die Einstufung der <b>Republikaner<\/b> als rechtsextremistische Partei f\u00fcr rechtm\u00e4\u00dfig.<br \/>\n\u2022 Auf die Kanzlei des Rechtsanwaltes des brandenburgischen Ministerpr\u00e4sidenten Manfred Stolpe wird ein <b>Bombenanschlag<\/b> ver\u00fcbt. Am 18.4. ver\u00fcben Unbekannte einen zweiten Anschlag. Personen kommen in beiden F\u00e4llen nicht zu Schaden.<b>08.03.:<\/b>\u2022 Nach Auskunft des Berliner Innensenats wurden 1996 insgesamt <b>2.070 Demonstrationen in Berlin<\/b> gez\u00e4hlt, doppelt so viele wie im Vorfahr. 23 davon verliefen unfriedlich.<b>09.03.:<\/b><!--more--><\/p>\n<p>\u2022 Eine 52j\u00e4hrige Russin wird nach einer Trunkenheitsfahrt in einer Berliner Gefangenensammelstelle von acht Polizeibeamten mi\u00dfhandelt und beschimpft. Das LKA leitet gegen die Polizisten ein Ermittlungsverfahren wegen <b>K\u00f6rperverletzung im Amt<\/b> ein.<b>10.03.:<\/b>\u2022 Dem T\u00e4tigkeitsbericht des Berliner <b>Landesbeauftragten f\u00fcr Stasi-Unterlagen<\/b> zufolge sind 5.100 von \u00fcber 81.000 \u00fcberpr\u00fcften MitarbeiterInnen des \u00d6ffentlichen Dienstes stasibelastet. Knapp die H\u00e4lfte von ihnen sei bereits entlassen. Am 19.4. teilt die Gauck-Beh\u00f6rde die Enttarnung von bisher 110.000 der insgesamt 174.000 Stasi-IMs mit.<b>11.03.:<\/b>\u2022 Rund <b>15.000 demonstrierende Bergleute<\/b> werden von der Polizei gewaltsam am Marsch auf das Bonner Kanzleramt gehindert.<b>12.03.:<\/b>\u2022 Wegen <b>K\u00f6rperverletzung im Amt<\/b> und Freiheitsberaubung wird in Frankfurt\/M. ein Polizist zu neun Monaten Haft auf Bew\u00e4hrung verurteilt. Er hatte 1993 einen israelischen Falschparker festgenommen, geschlagen und getreten.<b>14.03.:<\/b>\u2022 Im Revisionsverfahren gegen den Neonazi <b>Gary Lauck<\/b> best\u00e4tigt der BGH die Verurteilung zu vier Jahren Haft wegen Volksverhetzung und Aufstachelung zum Rassenha\u00df. (Az.: 3 StR 10\/97)<b>18.03.:<\/b>\u2022 Irrt\u00fcmlich st\u00fcrmen Beamte der brandenburgischen <b>Landeseinsatzeinheit (LESE)<\/b> in Wittenberge eine falsche Wohnung und fesseln und mi\u00dfhandeln die Bewohner.<b>19.03.:<\/b>\u2022 Ein Mannheimer Gericht verurteilt einen Polizeibeamten zu 21 Monaten Haft wegen sexueller N\u00f6tigung einer Prostiuierten unter <b>Ausnutzung seiner Amtsstellung<\/b>.<br \/>\n\u2022 Nach Mi\u00dfhandlungen und Beleidigungen bei einer Verkehrskontrolle werden drei rheinland-pf\u00e4lzische Polizisten wegen <b>gef\u00e4hrlicher K\u00f6rperverletzung im Amt<\/b> zu Bew\u00e4hrungsstrafen zwischen sieben und neun Monaten verurteilt.<b>20.03.:<\/b>\u2022 Der Bundestag verabschiedet das <b>BKA-Gesetz<\/b>. Damit erhalten die Datensammlungen des BKA erstmals die 1983 durch das Volksz\u00e4hlungsurteil geforderte gesetzliche Grundlage.<br \/>\n\u2022 Die von der Bundesanwaltschaft der Unterst\u00fctzung der RAF beschuldigte <b>Monika Haas<\/b> wird in Frankfurt\/M. aus der Untersuchungshaft entlassen.<b>24.03.:<\/b>\u2022 Nach einem Beschlu\u00df des Bundesverfassungsgerichts m\u00fcssen Gerichte <b>Gef\u00e4hrdungen von Asylsuchenden<\/b> gr\u00fcndlich pr\u00fcfen, bevor sie die Klage als unbegr\u00fcndet abweisen. Die Richter gaben der Klage eines 16j\u00e4hrigen Kurden statt, der zuvor pauschal auf eine inl\u00e4ndische Fluchtalternative verwiesen worden war. (Az.: 2 BvR 1024\/95)<b>25.03.:<\/b>\u2022 Die M\u00fcnchner Staatsanwaltschaft durchsucht das Haus des <b>ehemaligen BND-Vizepr\u00e4sidenten<\/b> Paul M\u00fcnstermann. Er soll Dienstgeheimnisse verraten haben.<b>31.03.:<\/b>\u2022 Bei einem <b>Brandanschlag in Krefeld<\/b> auf ein von T\u00fcrken bewohntes Haus sterben eine Frau und zwei ihrer Kinder. Die t\u00fcrkische Regierung erhebt daraufhin schwere Vorw\u00fcrfe gegen die Bundesregierung. Am 4.4. wird der t\u00fcrkische Familienvater wegen Mordes und schwerer Brandstiftung festgenommen.<\/p>\n<p><b>Martina Kant<\/b> ist Politikwissenschaftlerin und Mitarbeiterin der <b>&#8218;Arbeitsgruppe B\u00fcrgerrechte&#8216;<\/b> an der FU Berlin.<\/p>\n","protected":false},"excerpt":{"rendered":"<p>zusammengestellt von Martina Kant 01.03.:\u2022 Ein Polizeiaufgebot von 1.500 BeamtInnen verhindert in M\u00fcnchen eine Stra\u00dfenschlacht<\/p>\n","protected":false},"author":2,"featured_media":0,"comment_status":"open","ping_status":"open","sticky":false,"template":"","format":"standard","meta":{"footnotes":""},"categories":[6,62],"tags":[],"class_list":["post-2716","post","type-post","status-publish","format-standard","hentry","category-chronologien","category-cilip-056"],"_links":{"self":[{"href":"https:\/\/wp-dev.daten.cool\/index.php?rest_route=\/wp\/v2\/posts\/2716","targetHints":{"allow":["GET"]}}],"collection":[{"href":"https:\/\/wp-dev.daten.cool\/index.php?rest_route=\/wp\/v2\/posts"}],"about":[{"href":"https:\/\/wp-dev.daten.cool\/index.php?rest_route=\/wp\/v2\/types\/post"}],"author":[{"embeddable":true,"href":"https:\/\/wp-dev.daten.cool\/index.php?rest_route=\/wp\/v2\/users\/2"}],"replies":[{"embeddable":true,"href":"https:\/\/wp-dev.daten.cool\/index.php?rest_route=%2Fwp%2Fv2%2Fcomments&post=2716"}],"version-history":[{"count":0,"href":"https:\/\/wp-dev.daten.cool\/index.php?rest_route=\/wp\/v2\/posts\/2716\/revisions"}],"wp:attachment":[{"href":"https:\/\/wp-dev.daten.cool\/index.php?rest_route=%2Fwp%2Fv2%2Fmedia&parent=2716"}],"wp:term":[{"taxonomy":"category","embeddable":true,"href":"https:\/\/wp-dev.daten.cool\/index.php?rest_route=%2Fwp%2Fv2%2Fcategories&post=2716"},{"taxonomy":"post_tag","embeddable":true,"href":"https:\/\/wp-dev.daten.cool\/index.php?rest_route=%2Fwp%2Fv2%2Ftags&post=2716"}],"curies":[{"name":"wp","href":"https:\/\/api.w.org\/{rel}","templated":true}]}}