{"id":2720,"date":"1997-02-21T20:51:42","date_gmt":"1997-02-21T20:51:42","guid":{"rendered":"http:\/\/www.cilip.de\/?p=2720"},"modified":"1997-02-21T20:51:42","modified_gmt":"1997-02-21T20:51:42","slug":"chronologie-april-1997","status":"publish","type":"post","link":"https:\/\/wp-dev.daten.cool\/?p=2720","title":{"rendered":"Chronologie &#8211; April 1997"},"content":{"rendered":"<h3>zusammengestellt von Martina Kant<\/h3>\n<p><b>01.04.:<\/b>\u2022 Die brandenburgische Landesregierung beschlie\u00dft ein <b>&#8218;Aktionsb\u00fcndnis gegen Gewalt, Rechtsextremismus und Fremdenfeindlichkeit&#8216;<\/b>. Es soll aus 30 Mitgliedern wichtiger gesellschaftlicher Gruppen, Organisationen und der Landesregierung gebildet werden und die B\u00fcndelung von Ma\u00dfnahmen gegen Kinder- und Jugendkriminalit\u00e4t zur Aufgabe haben.<b>08.04.:<\/b>\u2022 Dem <b>Verfassungsschutzbericht 1996<\/b> zufolge wurden im vergangenen Jahr 8.730 rechtsextreme Straftaten registriert, 834 mehr als 1995. Die Zahl der linksextremistischen Straftaten ging von 965 auf 932 zur\u00fcck.<b>09.04.:<\/b>\u2022 Nach Angaben der Bundesregierung wurden 1996 fast <b>8.200 Telefon\u00fcberwachungen<\/b> durchgef\u00fchrt, darunter ca. 2.000 bei Mobiltelefonen.<b>10.04.:<\/b>\u2022 Bundesinnenminister Manfred Kanther (CDU) und sein polnischer Amtskollege Miller verst\u00e4ndigen sich auf gemeinsame <b>deutsch-polnische Polizei-Ermittlungsgruppen<\/b> zur Bek\u00e4mpfung der Schlepperkriminalit\u00e4t.<!--more--><\/p>\n<p>\u2022 Bei einer <b>Gro\u00dfrazzia mit 750 PolizeibeamtInnen<\/b> werden in Brandenburg, Sachsen und Th\u00fcringen 96 Wohnungen und drei Nachtbars durchsucht. Dabei nimmt die Polizei 17 Personen fest und stellt Waffen, Munition, Rauschgift und Bargeld sicher.<b>14.04.:<\/b>\u2022 F\u00fcr einen <b>Polizistenmord<\/b> erh\u00e4lt in Hamburg ein 66j\u00e4hriger Mann lebensl\u00e4nglich. Um einen Autodiebstahl zu vertuschen, hatte der Mann bei einer Verkehrskontrolle im August 1996 einen Polizisten erschossen.<b>16.04.:<\/b>\u2022 Eine asylsuchende Frau aus Sierra Leone wird in Berlin von mehreren Polizisten <b>in einem Polizeiwagen geschlagen<\/b> und gew\u00fcrgt.<b>17.04.:<\/b>\u2022 In Berlin werden zwei Wittenberger Rechtsextremisten einer &#8218;Unabh\u00e4ngigen Kameradschaft&#8216; von <b>rivalisierenden Rechten<\/b> erstochen. Zwei Tatverd\u00e4chtige werden festgenommen.<b>20.04.:<\/b>\u2022 In mehreren Orten Brandenburgs verhindert die Polizei <b>&#8218;Hitler-Feiern&#8216;<\/b> und nimmt insgesamt 37 Rechtsradikale fest.<b>21.04.:<\/b>\u2022 In einem 7 Mio. DM teuren Zwischenbericht der Unternehmensberater &#8218;Mummert+Partner&#8216; wird der <b>Berliner Polizei<\/b> Unwirtschaftlichkeit und mangelnde Flexibilit\u00e4t vorgeworfen. Auf der M\u00e4ngelliste stehen u.a. die Reiterstaffel, der unproduktive Beamteneinsatz in den Abschnitten, im Landeskriminalamt und beim Objektschutz.<br \/>\n\u2022 Das bayerische Justizministerium teilt die Einrichtung eines <b>Grenz-Gerichts<\/b> an der tschechischen Grenze mit. Im beschleunigten Verfahren sollen Diebst\u00e4hle von Fl\u00fcchtlingen und Schleusert\u00e4tigkeiten abgeurteilt werden.<b>23.04.:<\/b>\u2022 Im sog. <b>&#8218;Trebbin-Proze\u00df&#8216;<\/b> vor dem Landgericht Potsdam werden zwei Rechtsradikale wegen gemeinschaftlichen versuchten Mordes zu f\u00fcnfzehn bzw. acht Jahren Haft verurteilt. Bei einem \u00dcberfall auf italienische Bauarbeiter im September 1996 hatten sie eines der Opfer mit einem Baseballschl\u00e4ger lebensgef\u00e4hrlich verletzt.<b>28.04.:<\/b>\u2022 Nach einer bundesweiten Statistik kam es im Jahr 1996 zu insgesamt <b>2.595 F\u00e4llen von polizeilichen Schu\u00dfwaffengebrauch<\/b>. Neun Personen wurden dabei get\u00f6tet, 43 verletzt.<br \/>\n\u2022 Der th\u00fcringische Innenminister teilt die <b>Dienstsuspendierung des LKA-Pr\u00e4sidenten<\/b> Uwe Kranz mit. Er soll die Verantwortung f\u00fcr die Einstellung eines vorbestraften Beamten tragen, gegen den wegen Geheimnisverrats ermittelt wird.<\/p>\n<p><b>Martina Kant<\/b> ist Politikwissenschaftlerin und Mitarbeiterin der <b>&#8218;Arbeitsgruppe B\u00fcrgerrechte&#8216;<\/b> an der FU Berlin.<\/p>\n","protected":false},"excerpt":{"rendered":"<p>zusammengestellt von Martina Kant 01.04.:\u2022 Die brandenburgische Landesregierung beschlie\u00dft ein &#8218;Aktionsb\u00fcndnis gegen Gewalt, Rechtsextremismus und<\/p>\n","protected":false},"author":2,"featured_media":0,"comment_status":"open","ping_status":"open","sticky":false,"template":"","format":"standard","meta":{"footnotes":""},"categories":[6,62],"tags":[],"class_list":["post-2720","post","type-post","status-publish","format-standard","hentry","category-chronologien","category-cilip-056"],"_links":{"self":[{"href":"https:\/\/wp-dev.daten.cool\/index.php?rest_route=\/wp\/v2\/posts\/2720","targetHints":{"allow":["GET"]}}],"collection":[{"href":"https:\/\/wp-dev.daten.cool\/index.php?rest_route=\/wp\/v2\/posts"}],"about":[{"href":"https:\/\/wp-dev.daten.cool\/index.php?rest_route=\/wp\/v2\/types\/post"}],"author":[{"embeddable":true,"href":"https:\/\/wp-dev.daten.cool\/index.php?rest_route=\/wp\/v2\/users\/2"}],"replies":[{"embeddable":true,"href":"https:\/\/wp-dev.daten.cool\/index.php?rest_route=%2Fwp%2Fv2%2Fcomments&post=2720"}],"version-history":[{"count":0,"href":"https:\/\/wp-dev.daten.cool\/index.php?rest_route=\/wp\/v2\/posts\/2720\/revisions"}],"wp:attachment":[{"href":"https:\/\/wp-dev.daten.cool\/index.php?rest_route=%2Fwp%2Fv2%2Fmedia&parent=2720"}],"wp:term":[{"taxonomy":"category","embeddable":true,"href":"https:\/\/wp-dev.daten.cool\/index.php?rest_route=%2Fwp%2Fv2%2Fcategories&post=2720"},{"taxonomy":"post_tag","embeddable":true,"href":"https:\/\/wp-dev.daten.cool\/index.php?rest_route=%2Fwp%2Fv2%2Ftags&post=2720"}],"curies":[{"name":"wp","href":"https:\/\/api.w.org\/{rel}","templated":true}]}}