{"id":2731,"date":"1997-02-21T20:57:57","date_gmt":"1997-02-21T20:57:57","guid":{"rendered":"http:\/\/www.cilip.de\/?p=2731"},"modified":"1997-02-21T20:57:57","modified_gmt":"1997-02-21T20:57:57","slug":"redaktionelle-vorbemerkung-8","status":"publish","type":"post","link":"https:\/\/wp-dev.daten.cool\/?p=2731","title":{"rendered":"Redaktionelle Vorbemerkung"},"content":{"rendered":"<h3>von Otto Diederichs<\/h3>\n<p>In einer l\u00e4ngeren Beratungsphase hat sich die Redaktion schlie\u00dflich doch dazu entschlossen, den Informationsdienst B\u00fcrgerrechte &amp; Polizei\/CILIP auch in diesem Jahr weiterzuf\u00fchren. Einer der Gr\u00fcnde hierf\u00fcr liegt in dem regen Interesse, das die Mitglieder des &#8218;Instituts f\u00fcr B\u00fcrgerrechte &amp; \u00f6ffentliche Sicherheit e.V.&#8216; am weiteren Schicksal der Zeitschrift genommen haben. Auch 1997 erscheint CILIP nun mit drei Ausgaben. Die Situation selbst hat sich jedoch nicht grundlegend ge\u00e4ndert; im Gegenteil, die personelle Situation des Institutes ist schwieriger geworden. Die Frage, ob ein Erscheinen auch \u00fcber das Jahresende hinaus m\u00f6glich sein wird, ist deshalb gegenw\u00e4rtig immer noch nicht zu beantworten.<!--more--><\/p>\n<p>Durch diese Schwierigkeiten bedingt, war es nicht m\u00f6glich, B\u00fcrgerrechte &amp; Polizei\/CILIP &#8211; wie aus den Vorjahren gewohnt &#8211; zu festen Terminen herauszugeben. Diese Ausgabe erscheint daher mit einer Versp\u00e4tung von ca. drei Monaten. Das n\u00e4chste Heft soll in einem Abstand von drei Monaten folgen, um anschlie\u00dfend nach einer verk\u00fcrzten Dauer mit der dritten Ausgabe dieses Jahrganges wieder zum gewohnten Rhythmus zur\u00fcckzukehren.<\/p>\n<p>Zum Inhalt<\/p>\n<p>Wegen der skizzierten Ungewi\u00dfheit um das Weiterbestehen von CILIP, war es leider nicht m\u00f6glich, dieses Heft mit einem eigenen Schwerpunktthema zu bearbeiten. Die Redaktion hat sich deshalb f\u00fcr ein &#8218;Potpourri&#8216; einzelner Artikel zu einem m\u00f6glichst aktuellen Thema entschlossen.<\/p>\n<p>Da\u00df der sonst in Heft 1 eines Jahrganges \u00fcbliche \u00dcberblick und Auswertung der polizeilichen Todessch\u00fcsse des Vorjahres in dieser Ausgabe fehlt, hat indes andere Gr\u00fcnde: Nach der Ver\u00f6ffentlichung der amtlichen Schu\u00dfwaffengebrauchsstatistik durch die Innenministerkonferenz (IMK) im Sommer 1996 mu\u00dften wir feststellen, da\u00df es zum ersten Male seit Erscheinen der CILIP-Statistik im Jahre 1979 zu einer eklataten, durch unterschiedliche Z\u00e4hlweisen nicht zu erkl\u00e4renden Differenz bei der Feststellung der Todessch\u00fcsse von 1995 gekommen war.(1)<br \/>\nNachrecherchen ergaben seinerzeit, da\u00df ein wichtiges &#8218;Kontrollinstrument&#8216; der CILIP-Statistiken nicht mehr funktionierte: Die \u00fcberregionale Presse. H\u00e4ufig werden die Opfer polizeilichen Schu\u00dfwaffengebrauchs \u00fcber die Lokalteile hinaus nicht mehr bekannt. Dies zwingt dazu, die Erhebungskriterien und -m\u00f6glichkeiten von B\u00fcrgerrechte &amp; Polizei\/CILIP zu pr\u00fcfen und zu reformieren. Obwohl die Angaben der IMK-Statistik (= 9 t\u00f6dliche Sch\u00fcsse(2)) f\u00fcr das Jahr 1996 mit einer ersten Z\u00e4hlung der Redaktion \u00fcbereinstimmen, wurde die Ver\u00f6ffentlichung der CILIP-Todesschu\u00df-Statistik vorerst verschoben. Sie soll im n\u00e4chsten Heft nachgeholt werden.<\/p>\n<p>Die n\u00e4chste Ausgabe von B\u00fcrgerrechte &amp; Polizei\/CILIP (vorgesehener Erscheinungszeitpunkt: Anfang September) soll dann auch wieder ein eigenes Schwerpunktthema erhalten und sich mit Alternativen zur herrschenden Sicherheitspolitik auseinandersetzen.<\/p>\n<h5>Otto Diederichs ist Redakteur und Mitherausgeber von B\u00fcrgerrechte &amp; Polizei\/CILIP; freier Journalist in Berlin<\/h5>\n<h6>(1) Vgl. B\u00fcrgerrechte &amp; Polizei\/CILIP 55 (3\/96), S. 72ff.<br \/>\n(2) Vgl. St\u00e4ndige Konferenz der Innenminister und -senatoren der L\u00e4nder (Hg.), Presseinformation v. 28.4.97<\/h6>\n","protected":false},"excerpt":{"rendered":"<p>von Otto Diederichs In einer l\u00e4ngeren Beratungsphase hat sich die Redaktion schlie\u00dflich doch dazu entschlossen,<\/p>\n","protected":false},"author":2,"featured_media":0,"comment_status":"open","ping_status":"open","sticky":false,"template":"","format":"standard","meta":{"footnotes":""},"categories":[62,141],"tags":[],"class_list":["post-2731","post","type-post","status-publish","format-standard","hentry","category-cilip-056","category-editorials"],"_links":{"self":[{"href":"https:\/\/wp-dev.daten.cool\/index.php?rest_route=\/wp\/v2\/posts\/2731","targetHints":{"allow":["GET"]}}],"collection":[{"href":"https:\/\/wp-dev.daten.cool\/index.php?rest_route=\/wp\/v2\/posts"}],"about":[{"href":"https:\/\/wp-dev.daten.cool\/index.php?rest_route=\/wp\/v2\/types\/post"}],"author":[{"embeddable":true,"href":"https:\/\/wp-dev.daten.cool\/index.php?rest_route=\/wp\/v2\/users\/2"}],"replies":[{"embeddable":true,"href":"https:\/\/wp-dev.daten.cool\/index.php?rest_route=%2Fwp%2Fv2%2Fcomments&post=2731"}],"version-history":[{"count":0,"href":"https:\/\/wp-dev.daten.cool\/index.php?rest_route=\/wp\/v2\/posts\/2731\/revisions"}],"wp:attachment":[{"href":"https:\/\/wp-dev.daten.cool\/index.php?rest_route=%2Fwp%2Fv2%2Fmedia&parent=2731"}],"wp:term":[{"taxonomy":"category","embeddable":true,"href":"https:\/\/wp-dev.daten.cool\/index.php?rest_route=%2Fwp%2Fv2%2Fcategories&post=2731"},{"taxonomy":"post_tag","embeddable":true,"href":"https:\/\/wp-dev.daten.cool\/index.php?rest_route=%2Fwp%2Fv2%2Ftags&post=2731"}],"curies":[{"name":"wp","href":"https:\/\/api.w.org\/{rel}","templated":true}]}}