{"id":2783,"date":"1996-12-21T21:36:54","date_gmt":"1996-12-21T21:36:54","guid":{"rendered":"http:\/\/www.cilip.de\/?p=2783"},"modified":"1996-12-21T21:36:54","modified_gmt":"1996-12-21T21:36:54","slug":"chronologie-september-1996","status":"publish","type":"post","link":"https:\/\/wp-dev.daten.cool\/?p=2783","title":{"rendered":"Chronologie September 1996"},"content":{"rendered":"<h3>zusammengestellt von Otto Diederichs<\/h3>\n<p>02.09.: Eine mit einem Berufsverbot belegte nieders\u00e4chsische Lehrerin erh\u00e4lt vom &#8218;Europ\u00e4ischen Gerichtshof f\u00fcr Menschenrechte&#8216; einen Schadenersatz von 222.639 DM zugesprochen.<\/p>\n<p>04.09.: Erstmals wird in Bayern ein Asylbewerber im Kirchenasyl festgenommen und in Abschiebehaft gebracht. Zwei Tage sp\u00e4ter wird er abgeschoben. \u2022 Das Bundesamt f\u00fcr Verfassungsschutz (BfV) nennt f\u00fcr das erste Halbjahr 1996 bundesweit 165 rechtsextremistische, fremdenfeindliche Gewalttaten.<!--more--><\/p>\n<p>05.09.: In Berlin werden in den fr\u00fchen Morgenstunden Zivilpolizisten beschossen, weil ein Lokalangestellter sie f\u00fcr Einbrecher h\u00e4lt.<\/p>\n<p>12.09.: Auf eine entsprechende Anfrage der PDS-Fraktion erkl\u00e4rt der Berliner Innensenator J\u00f6rg Sch\u00f6nbohm (CDU), da\u00df im ersten Halbjahr 1996 bei der Polizei 13 F\u00e4lle sexueller Bel\u00e4stigung von Polizistinnen bekannt geworden sind. Die Frauenbeauftragte h\u00e4lt diese Zahl nur f\u00fcr die Spitze des Eisberges.<\/p>\n<p>15.09.: In Neumarkt\/Oberpfalz wird ein Zivilpolizist erschossen und ein Passant lebensgef\u00e4hrlich verletzt. Der T\u00e4ter kann zun\u00e4chst fliehen; acht Stunden sp\u00e4ter wird er jedoch gestellt. Im Verlaufe des anschlie\u00dfenden Feuergefechts t\u00f6tet er sich selbst. \u2022 Auf dem Truppen\u00fcbungsplatz im brandenburgischen Lehnin schie\u00dft ein Feldj\u00e4ger auf ein Auto mit drei Jugendlichen. Dabei wird der Fahrer angeschossen und schwer verletzt.<\/p>\n<p>19.09.: Nach \u00fcber einem Jahr Unterbrechung konstituiert sich in Berlin wieder der parlamentarische Verfassungsschutzausschu\u00df, nachdem zuvor die PDS ihren Vertreter ausgewechselt hatte.<\/p>\n<p>20.09.: Das Ausw\u00e4rtige Amt in Bonn best\u00e4tigt Pressemeldungen, wonach ein BND-Mitarbeiter als EU-Beobachter in Bosnien eingesetzt ist.<\/p>\n<p>23.09.: Die GR\u00dcNEN-Fraktion in Niedersachsen gibt bekannt, da\u00df ihr Mitarbeiter, der Bremer Rechtsanwalt und Publizist Rolf G\u00f6ssner, seit 26 Jahren vom Bundesamt f\u00fcr Verfassungsschutz beobachtet wird.<\/p>\n<p>24.09.: Bei der bundesweit bislang gr\u00f6\u00dften Razzia gegen Schwarzarbeit werden ca. 6.000 Arbeitgeber und ca. 26.000 Arbeitnehmer kontrolliert. In 5.400 F\u00e4llen werden Ermittlungen eingeleitet.<\/p>\n<p>27.09.: In Berlin wird eine Polizeibeamtin wegen Strafvereitelung verurteilt; sie erh\u00e4lt eine Geldstrafe von 2.000 DM.<\/p>\n<p><em>Otto Diederichs ist Redakteur und Mitherausgeber von B\u00fcrgerrechte &amp; Polizei\/CILIP<\/em><\/p>\n","protected":false},"excerpt":{"rendered":"<p>zusammengestellt von Otto Diederichs 02.09.: Eine mit einem Berufsverbot belegte nieders\u00e4chsische Lehrerin erh\u00e4lt vom &#8218;Europ\u00e4ischen<\/p>\n","protected":false},"author":2,"featured_media":0,"comment_status":"open","ping_status":"open","sticky":false,"template":"","format":"standard","meta":{"footnotes":""},"categories":[6],"tags":[],"class_list":["post-2783","post","type-post","status-publish","format-standard","hentry","category-chronologien"],"_links":{"self":[{"href":"https:\/\/wp-dev.daten.cool\/index.php?rest_route=\/wp\/v2\/posts\/2783","targetHints":{"allow":["GET"]}}],"collection":[{"href":"https:\/\/wp-dev.daten.cool\/index.php?rest_route=\/wp\/v2\/posts"}],"about":[{"href":"https:\/\/wp-dev.daten.cool\/index.php?rest_route=\/wp\/v2\/types\/post"}],"author":[{"embeddable":true,"href":"https:\/\/wp-dev.daten.cool\/index.php?rest_route=\/wp\/v2\/users\/2"}],"replies":[{"embeddable":true,"href":"https:\/\/wp-dev.daten.cool\/index.php?rest_route=%2Fwp%2Fv2%2Fcomments&post=2783"}],"version-history":[{"count":0,"href":"https:\/\/wp-dev.daten.cool\/index.php?rest_route=\/wp\/v2\/posts\/2783\/revisions"}],"wp:attachment":[{"href":"https:\/\/wp-dev.daten.cool\/index.php?rest_route=%2Fwp%2Fv2%2Fmedia&parent=2783"}],"wp:term":[{"taxonomy":"category","embeddable":true,"href":"https:\/\/wp-dev.daten.cool\/index.php?rest_route=%2Fwp%2Fv2%2Fcategories&post=2783"},{"taxonomy":"post_tag","embeddable":true,"href":"https:\/\/wp-dev.daten.cool\/index.php?rest_route=%2Fwp%2Fv2%2Ftags&post=2783"}],"curies":[{"name":"wp","href":"https:\/\/api.w.org\/{rel}","templated":true}]}}