{"id":2876,"date":"1993-02-22T10:18:18","date_gmt":"1993-02-22T10:18:18","guid":{"rendered":"http:\/\/www.cilip.de\/?p=2876"},"modified":"1993-02-22T10:18:18","modified_gmt":"1993-02-22T10:18:18","slug":"die-erfassung-rechtsextremistischer-straftaten-wirrwarr-auf-ganzer-linie","status":"publish","type":"post","link":"https:\/\/wp-dev.daten.cool\/?p=2876","title":{"rendered":"Die Erfassung rechtsextremistischer Straftaten &#8211; Wirrwarr auf ganzer Linie"},"content":{"rendered":"<h3>von Kea Tielemann<\/h3>\n<p><b>In den zur\u00fcckliegenden Wochen und Monaten wurden von Verfassungsschutz und Polizei diverse Abhandlungen und Statistiken ver\u00f6ffentlicht, die die reale Zunahme rechtsextremer Gewalttaten f\u00fcr die Jahre 1991 und 1992 dokumentieren sollen. Vergleicht man diese Statistiken miteinander, so ergeben sich trotz einer unterdessen eingef\u00fchrten bundeseinheitlichen Definition z.T. erhebliche Widerspr\u00fcche, da die erfa\u00dften Delikte unterschiedlich zugeordnet werden.<a name=\"fnverweis1\"><\/a><a href=\"\/1993\/02\/22\/die-erfassung-rechtsextremistischer-straftaten-wirrwarr-auf-ganzer-linie\/#fn1\">[1]<\/a><\/b><\/p>\n<p>Seit dem M\u00e4rz 1992 werden unter &#8222;fremdenfeindlichen Straftaten&#8220; bundesweit einheitlich jene Tatbest\u00e4nde verstanden, &#8222;die in der Zielrichtung gegen Personen begangen werden, denen der T\u00e4ter (aus intoleranter Haltung heraus) aufgrund ihrer<\/p>\n<ul>\n<li>Nationalit\u00e4t, Volkszugeh\u00f6rigkeit,<\/li>\n<li>Rasse, Hautfarbe,<\/li>\n<li>Religion, Weltanschauung,<\/li>\n<li>Herkunft oder<\/li>\n<li>aufgrund ihres \u00e4u\u00dferen Erscheinungsbildes ein Bleibe- oder Aufenthaltsrecht in seiner Wohnumgebung oder in der gesamten Bundesrepublik Deutschland bestreitet.<\/li>\n<\/ul>\n<p><!--more--><\/p>\n<p>Es handelt sich insbesondere um Straftaten gegen<\/p>\n<ul>\n<li>Asylbewerber und sonstige Ausl\u00e4nder,<\/li>\n<li>deutschst\u00e4mmige Aussiedler oder<\/li>\n<li>Deutsche, die aufgrund ihres \u00e4u\u00dferen Erscheinungsbildes f\u00fcr Ausl\u00e4nder gehalten werden und\/oder Straftaten gegen<\/li>\n<li>deren Besitz sowie<\/li>\n<li>Objekte und Einrichtungen, die damit im Zusammenhang stehen.&#8220;<a name=\"fnverweis2\"><\/a><a href=\"\/1993\/02\/22\/die-erfassung-rechtsextremistischer-straftaten-wirrwarr-auf-ganzer-linie\/#fn2\">[2]<\/a><\/li>\n<\/ul>\n<h4>Die Anf\u00e4nge<\/h4>\n<p>Zuvor hatte sich Ende 1991 bereits die Staatsschutz-Kommission der &#8218;Arbeitsgemeinschaft der Leiter der Landeskriminal\u00e4mter und des Bundeskriminalamtes&#8216; (AG Kripo) im Auftrag der Innenministerkonferenz (IMK) darum bem\u00fcht, zu einer bundeseinheitlichen Regelung zu kommen. Aus Anla\u00df der Zunahme fremdenfeindlicher Straftaten nach den Ausschreitungen im s\u00e4chsischen Hoyerswerda im September 1991 setzte sie am 23.10.91 eine ad-hoc-Arbeitsgruppe zur Erstellung eines Ma\u00dfnahmenkatalogs zur Bek\u00e4mpfung fremdenfeindlicher Gewalttaten ein. Dieser Katalog wurde am 15.1.92 von der &#8218;Kommission Staatsschutz&#8216; beschlossen und am 26.\/27. M\u00e4rz vom Arbeitskreis &#8218;Innere Sicherheit&#8216; der Innenministerkonferenz (AK II) zur Kenntnis genommen. Die von der ad-hoc-Arbeitsgruppe vorgeschlagene Einrichtung eines Sondermeldedienstes wurde von der &#8218;AG Kripo&#8216; jedoch abgelehnt, da sie wegen unscharfer Abgrenzungskriterien und fehlender rechtlicher Voraussetzungen als problematisch erschien.<a name=\"fnverweis3\"><\/a><a href=\"\/1993\/02\/22\/die-erfassung-rechtsextremistischer-straftaten-wirrwarr-auf-ganzer-linie\/#fn3\">[3]<\/a> Statt dessen wurde vereinbart, im Rahmen der bestehenden Richtlinien f\u00fcr den &#8218;Kriminalpolizeilichen Meldedienst in Staatsschutzsachen (KPMD\/S)&#8216; die Daten \u00fcber fremdenfeindliche Straftaten in der Arbeitsdatei &#8218;PIOS Innere Sicherheit (APIS)&#8216;<a name=\"fnverweis4\"><\/a><a href=\"\/1993\/02\/22\/die-erfassung-rechtsextremistischer-straftaten-wirrwarr-auf-ganzer-linie\/#fn4\">[4]<\/a> zu erfassen.<\/p>\n<p>Weiterhin wurde beschlossen, in jedem Bundesland auf der Grundlage einer noch zu erstellenden einheitlichen Definition monatliche Lagebilder zu erstellen, die vom Bundeskriminalamt (BKA) zu einem Bundeslagebild zusammengefa\u00dft werden sollten.<\/p>\n<p>Trotz der oben zitierten Einigung auf eine verbindliche Definition, r\u00e4umte BKA-Pr\u00e4sident Hans-Ludwig Zachert noch im November 1992 ein, best\u00fcnden &#8222;angesichts des unterschiedlichen Meldeverhaltens der Polizeidienststellen (&#8230;) berechtigte Zweifel, da\u00df dem Bundeskriminalamt als Zentralstelle alle fremdenfeindlichen Straftaten bekannt geworden&#8220;<a name=\"fnverweis5\"><\/a><a href=\"\/1993\/02\/22\/die-erfassung-rechtsextremistischer-straftaten-wirrwarr-auf-ganzer-linie\/#fn5\">[5]<\/a> seien. Fremdenfeindliche Straftaten werden demnach also nicht einheitlich als politisch motivierte Taten bewertet und infolgedessen nicht in den KPMD\/S eingestellt. Zachert selbst geht davon aus, da\u00df fremdenfeindliche Straftaten generell politisch motiviert sind, bezeichnet aber nicht alle Straftaten, die aus einer grunds\u00e4tzlich negativen Einstellung zu Ausl\u00e4ndern bzw. Fremden begangen werden, als rechtsextremistisch. Aus diesem Grunde stufte das BKA 1991 von den insgesamt 239 erfa\u00dften K\u00f6rperverletzungsdelikten mit politischer Motivation gegen Ausl\u00e4nder lediglich 66 Gewalttaten als rechtsextremistisch ein.<a name=\"fnverweis6\"><\/a><a href=\"\/1993\/02\/22\/die-erfassung-rechtsextremistischer-straftaten-wirrwarr-auf-ganzer-linie\/#fn6\">[6]<\/a><\/p>\n<h4>Die Landeskriminal\u00e4mter<\/h4>\n<p>Dieses vom Bundeskriminalamt aufgestellte Kriterium gilt indes nicht einheitlich bei den Landeskriminal\u00e4mtern. So unterscheidet z.B. das Landeskriminalamt (LKA) Baden-W\u00fcrttemberg f\u00fcr 1992 nicht nur diese zwei, sondern gleich drei m\u00f6gliche Motivationen f\u00fcr fremdenfeindliche Straftaten:<a name=\"fnverweis7\"><\/a><a href=\"\/1993\/02\/22\/die-erfassung-rechtsextremistischer-straftaten-wirrwarr-auf-ganzer-linie\/#fn7\">[7]<\/a><\/p>\n<ul>\n<li>allgemeine Abneigung gegen Ausl\u00e4nder\/ Asylbewerber,<\/li>\n<li>Ha\u00df gegen Asylbewerber (z.B. in bezug auf Arbeitspl\u00e4tze oder Wohnungen),<\/li>\n<li>rechtsextremistischer Einflu\u00df.<\/li>\n<\/ul>\n<p>Wie sich der Unterschied zwischen allgemeiner Abneigung und Ha\u00df gegen Asylbewerber dabei definiert, wird allerdings nicht n\u00e4her erl\u00e4utert. Als Belege f\u00fcr eine rechtsextremistische Beeinflussung gelten dem LKA neo-nazistische Schriften, Flugbl\u00e4tter, Tontr\u00e4ger, Embleme usw., die bei Durchsuchungen aufgefunden wurden, sowie die in Vernehmungen gewonnenen Angaben von Beschuldigten, aus denen eine antisemitische Einstellung, nationalsozialistisches Gedankengut u.\u00e4. deutlich wird.<\/p>\n<p>Ein weiterer Vergleich der einzelnen LKA-Statistiken zeigt, da\u00df Einheitlichkeit nur in der Erfassung klar abzugrenzender Delikte wie etwa bei Brandanschl\u00e4gen oder K\u00f6rperverletzungen gegeben ist. Endg\u00fcltig problematisch, wenn nicht unm\u00f6glich, wird der Vergleich besonders in bezug auf sonstige Delikte, die \u00fcberall g\u00e4nzlich unterschiedlich definiert werden. So erfa\u00dft z.B. Hamburg die Delikte Landfriedensbruch, N\u00f6tigung, Bedrohung und die Verwendung von Kennzeichen verfassungswidriger Organisationen gesondert<a name=\"fnverweis8\"><\/a><a href=\"\/1993\/02\/22\/die-erfassung-rechtsextremistischer-straftaten-wirrwarr-auf-ganzer-linie\/#fn8\">[8]<\/a>; aus anderen Statistiken, z.B. denen Bayerns<a name=\"fnverweis9\"><\/a><a href=\"\/1993\/02\/22\/die-erfassung-rechtsextremistischer-straftaten-wirrwarr-auf-ganzer-linie\/#fn9\">[9]<\/a> und des Saarlandes,<a name=\"fnverweis10\"><\/a><a href=\"\/1993\/02\/22\/die-erfassung-rechtsextremistischer-straftaten-wirrwarr-auf-ganzer-linie\/#fn10\">[10]<\/a> ist jedoch nicht ersichtlich, ob diese Delikte unter den sonstigen zusammengefa\u00dft oder teilweise \u00fcberhaupt nicht ber\u00fccksichtigt werden.<\/p>\n<h4>Tabelle 1<\/h4>\n<h4>Fremdenfeindliche Straftaten 1992 nach Angaben der Landeskriminal\u00e4mter<\/h4>\n<table border=\"1\" width=\"100%\">\n<tbody>\n<tr>\n<th class=\"k\" width=\"10%\"><\/th>\n<th class=\"k\" width=\"10%\">insg.<\/th>\n<th class=\"k\" width=\"16%\">Brand-\/ Spreng-<br \/>\nstoffanschl\u00e4ge<\/th>\n<th class=\"k\" width=\"16%\">T\u00f6tungen<br \/>\n(Versuche)<\/th>\n<th class=\"k\" width=\"16%\">K\u00f6rperver-<br \/>\nletzungen<\/th>\n<th class=\"k\" width=\"16%\">Sachbe-<br \/>\nsch\u00e4digungen<\/th>\n<th class=\"k\" width=\"16%\">sonstige<\/th>\n<\/tr>\n<tr align=\"right\">\n<th class=\"k\" align=\"center\">BW<\/th>\n<td class=\"k\">736<\/td>\n<td class=\"k\">83<\/td>\n<td class=\"k\">1 (5)<\/td>\n<td class=\"k\">43<\/td>\n<td class=\"k\">199<\/td>\n<td class=\"k\">405<\/td>\n<\/tr>\n<tr align=\"right\">\n<th class=\"k\" align=\"center\">Bay<\/th>\n<td class=\"k\">429<\/td>\n<td class=\"k\">29<\/td>\n<td class=\"k\">&#8211;<\/td>\n<td class=\"k\">15<\/td>\n<td class=\"k\">65<\/td>\n<td class=\"k\">320<\/td>\n<\/tr>\n<tr align=\"center\">\n<th class=\"k\">Ber<\/th>\n<td class=\"k\" colspan=\"6\">auf Anfrage keine Angaben<\/td>\n<\/tr>\n<tr align=\"center\">\n<th class=\"k\">Bbg<\/th>\n<td class=\"k\" colspan=\"6\">auf Anfrage keine Angaben<\/td>\n<\/tr>\n<tr align=\"right\">\n<th class=\"k\" align=\"center\">HB<\/th>\n<td class=\"k\">43<\/td>\n<td class=\"k\">1<\/td>\n<td class=\"k\">&#8211;<\/td>\n<td class=\"k\">5<\/td>\n<td class=\"k\">4<\/td>\n<td class=\"k\">33<\/td>\n<\/tr>\n<tr align=\"right\">\n<th class=\"k\" align=\"center\">Hbg<\/th>\n<td class=\"k\">157<\/td>\n<td class=\"k\">6<\/td>\n<td class=\"k\">0<\/td>\n<td class=\"k\">24<\/td>\n<td class=\"k\">53<\/td>\n<td class=\"k\">74<\/td>\n<\/tr>\n<tr align=\"right\">\n<th class=\"k\" align=\"center\">Hs<\/th>\n<td class=\"k\">539<\/td>\n<td class=\"k\">39<\/td>\n<td class=\"k\">(7)<\/td>\n<td class=\"k\">23<\/td>\n<td class=\"k\">93<\/td>\n<td class=\"k\">377<\/td>\n<\/tr>\n<tr align=\"center\">\n<th class=\"k\">MV<\/th>\n<td class=\"k\" colspan=\"6\">auf Anfrage keine Angaben<\/td>\n<\/tr>\n<tr align=\"right\">\n<th class=\"k\" align=\"center\">Nds<\/th>\n<td class=\"k\">831<\/td>\n<td class=\"k\">93<\/td>\n<td class=\"k\"><\/td>\n<td class=\"k\">45<\/td>\n<td class=\"k\">255<\/td>\n<td class=\"k\">438<\/td>\n<\/tr>\n<tr align=\"center\">\n<th class=\"k\">NRW<\/th>\n<td class=\"k\" align=\"right\">1.289<sup>2<\/sup><\/td>\n<td class=\"k\" colspan=\"5\">\u00fcber Verteilung keine Angaben<\/td>\n<\/tr>\n<tr align=\"center\">\n<th class=\"k\">RPf<\/th>\n<td class=\"k\" align=\"right\">231<\/td>\n<td class=\"k\" colspan=\"5\">\u00fcber Verteilung keine Angaben<\/td>\n<\/tr>\n<tr align=\"right\">\n<th class=\"k\" align=\"center\">Srl<\/th>\n<td class=\"k\">101<\/td>\n<td class=\"k\">9<\/td>\n<td class=\"k\"><\/td>\n<td class=\"k\">16<\/td>\n<td class=\"k\"><\/td>\n<td class=\"k\">76<sup>3<\/sup><\/td>\n<\/tr>\n<tr align=\"right\">\n<th class=\"k\" align=\"center\">Sa<\/th>\n<td class=\"k\">288<\/td>\n<td class=\"k\">54<\/td>\n<td class=\"k\"><\/td>\n<td class=\"k\">29<\/td>\n<td class=\"k\">58<\/td>\n<td class=\"k\">147<\/td>\n<\/tr>\n<tr align=\"center\">\n<th class=\"k\">S-A<\/th>\n<td class=\"k\" colspan=\"6\">auf Anfrage keine Angaben<\/td>\n<\/tr>\n<tr align=\"right\">\n<th class=\"k\" align=\"center\">SH<\/th>\n<td class=\"k\">265<\/td>\n<td class=\"k\">128<sup>4<\/sup><\/td>\n<td class=\"k\"><\/td>\n<td class=\"k\">30<\/td>\n<td class=\"k\"><\/td>\n<td class=\"k\">107<sup>5<\/sup><\/td>\n<\/tr>\n<tr align=\"center\">\n<th class=\"k\">Th\u00fc<\/th>\n<td class=\"k\" colspan=\"6\">auf Anfrage keine Angaben<\/td>\n<\/tr>\n<\/tbody>\n<\/table>\n<h4>Anmerkungen:<\/h4>\n<p>1 Alle Delikte, die nicht Brand-\/Sprengstoffanschl\u00e4ge, T\u00f6tungen, K\u00f6rperverletzungen oder Sachbesch\u00e4digungen betreffen, sind unter sonstige Delikten zusammengefa\u00dft, auch wenn einzelne Bundesl\u00e4nder Delikte wie z.B. Bedrohung oder Landfriedensbruch gesondert auff\u00fchren.<br \/>\n2 Jan.- Nov. 1992<br \/>\n3 einschl. Sachbesch\u00e4digung<br \/>\n4 einschl. Anschl\u00e4ge auf Asylheime<br \/>\n5 einschl. Sachbesch\u00e4digung<\/p>\n<h4>Bundeskriminalamt und Verfassungsschutz<a name=\"fnverweis11\"><\/a><a href=\"\/1993\/02\/22\/die-erfassung-rechtsextremistischer-straftaten-wirrwarr-auf-ganzer-linie\/#fn11\">[11]<\/a><\/h4>\n<p>Die Jahresstatistiken des BKA lassen sich auch mit denen des Bundesamtes f\u00fcr Verfassungsschutz (BfV) kaum vergleichen: So fa\u00dft das BfV z.B. alle &#8222;Gewalttaten mit erwiesener oder zu vermutender rechtsextremistischer Motivation&#8220; zusammen, d.h. es ber\u00fccksichtigt neben fremdenfeindlichen Straftaten z.B. auch \u00dcbergriffe auf Autonome und Randgruppen. Laut BfV sind rechtsextremistisch motivierte Gewalttaten danach seit 1991 im Vergleich zu 1990 um das F\u00fcnffache gestiegen. W\u00e4hrend f\u00fcr die alten Bundesl\u00e4nder 1990 insgesamt 296 rechtsextremistische Gewalttaten, davon 152 fremdenfeindliche, registriert wurden, gibt das Bundesamt f\u00fcr Verfassungsschutz f\u00fcr 1991 und 1992 f\u00fcr die Bundesrepublik insgesamt folgende Zahlen an:<a name=\"fnverweis12\"><\/a><a href=\"\/1993\/02\/22\/die-erfassung-rechtsextremistischer-straftaten-wirrwarr-auf-ganzer-linie\/#fn12\">[12]<\/a><\/p>\n<h4>Tabelle 2<\/h4>\n<h4>Gewalttaten insgesamt<\/h4>\n<table border=\"0\" width=\"100%\">\n<tbody>\n<tr align=\"right\">\n<td class=\"kb\" width=\"52%\"><\/td>\n<td class=\"kb\" width=\"12%\">1991<\/td>\n<td class=\"kb\" width=\"12%\">1992<\/td>\n<td class=\"kb\" width=\"12%\"><\/td>\n<td class=\"kb\" width=\"12%\"><\/td>\n<\/tr>\n<tr align=\"right\">\n<td class=\"kb\"><\/td>\n<td class=\"kb\">Gesamt<\/td>\n<td class=\"kb\">Gesamt<\/td>\n<td class=\"kb\">Ost<\/td>\n<td class=\"kb\">West<\/td>\n<\/tr>\n<tr>\n<td colspan=\"5\"><\/td>\n<\/tr>\n<tr align=\"right\">\n<td class=\"k\" align=\"left\">Todesf\u00e4lle<\/td>\n<td class=\"k\">3<\/td>\n<td class=\"k\">17<\/td>\n<td class=\"k\">7<\/td>\n<td class=\"k\">10<\/td>\n<\/tr>\n<tr align=\"right\">\n<td class=\"k\" align=\"left\">Brand- und Sprengstoffanschl\u00e4ge<\/td>\n<td class=\"k\">383<\/td>\n<td class=\"k\">701<\/td>\n<td class=\"k\">218<\/td>\n<td class=\"k\">483<\/td>\n<\/tr>\n<tr align=\"right\">\n<td class=\"k\" align=\"left\">K\u00f6rperverletzungen<\/td>\n<td class=\"k\">449<\/td>\n<td class=\"k\">598<\/td>\n<td class=\"k\">280<\/td>\n<td class=\"k\">318<\/td>\n<\/tr>\n<tr align=\"right\" valign=\"bottom\">\n<td class=\"k\" align=\"left\">Sonstige Sachbesch\u00e4digung mit Gewaltanwendung<\/td>\n<td class=\"k\">648<\/td>\n<td class=\"k\">969<\/td>\n<td class=\"k\">303<\/td>\n<td class=\"k\">666<\/td>\n<\/tr>\n<tr>\n<td colspan=\"5\"><\/td>\n<\/tr>\n<tr align=\"right\">\n<td class=\"kb\" align=\"left\">Gesamt<\/td>\n<td class=\"kb\">1.483<\/td>\n<td class=\"kb\">2.285<\/td>\n<td class=\"kb\">808<\/td>\n<td class=\"kb\">1.477<\/td>\n<\/tr>\n<\/tbody>\n<\/table>\n<p>Das K\u00f6lner Amt f\u00fchrt zudem rechtsextremistische Gewalttaten, die fremdenfeindlich motiviert waren, gesondert auf:<a name=\"fnverweis13\"><\/a><a href=\"\/1993\/02\/22\/die-erfassung-rechtsextremistischer-straftaten-wirrwarr-auf-ganzer-linie\/#fn13\">[13]<\/a><\/p>\n<h4>Tabelle 3<\/h4>\n<p><span style=\"font-size: xx-small\"><b>Fremdenfeindliche Gewalttaten<\/b><\/span><br \/>\nStatistik des BfV<\/p>\n<table border=\"0\" width=\"100%\">\n<tbody>\n<tr align=\"right\">\n<td class=\"kb\" width=\"52%\"><\/td>\n<td class=\"kb\" width=\"12%\">1991<\/td>\n<td class=\"kb\" width=\"12%\">1992<\/td>\n<td class=\"kb\" width=\"12%\"><\/td>\n<td class=\"kb\" width=\"12%\"><\/td>\n<\/tr>\n<tr align=\"right\">\n<td class=\"kb\"><\/td>\n<td class=\"kb\">Gesamt<\/td>\n<td class=\"kb\">Gesamt<\/td>\n<td class=\"kb\">Ost<\/td>\n<td class=\"kb\">West<\/td>\n<\/tr>\n<tr>\n<td colspan=\"5\"><\/td>\n<\/tr>\n<tr align=\"right\">\n<td class=\"k\" align=\"left\">Todesf\u00e4lle<\/td>\n<td class=\"k\">3<\/td>\n<td class=\"k\">8<\/td>\n<td class=\"k\">3<\/td>\n<td class=\"k\">5<\/td>\n<\/tr>\n<tr align=\"right\">\n<td class=\"k\" align=\"left\">Brand- und Sprengstoffanschl\u00e4ge<\/td>\n<td class=\"k\">356<\/td>\n<td class=\"k\">657<\/td>\n<td class=\"k\">202<\/td>\n<td class=\"k\">455<\/td>\n<\/tr>\n<tr align=\"right\">\n<td class=\"k\" align=\"left\">K\u00f6rperverletzungen<\/td>\n<td class=\"k\">336<\/td>\n<td class=\"k\">467<\/td>\n<td class=\"k\">187<\/td>\n<td class=\"k\">280<\/td>\n<\/tr>\n<tr align=\"right\" valign=\"bottom\">\n<td class=\"k\" align=\"left\">Sonstige Sachbesch\u00e4digung mit Gewaltanwendung<\/td>\n<td class=\"k\">562<\/td>\n<td class=\"k\">901<\/td>\n<td class=\"k\">272<\/td>\n<td class=\"k\">629<\/td>\n<\/tr>\n<tr>\n<td colspan=\"5\"><\/td>\n<\/tr>\n<tr align=\"right\">\n<td class=\"kb\" align=\"left\">Gesamt<\/td>\n<td class=\"kb\">1.257<\/td>\n<td class=\"kb\">2.033<\/td>\n<td class=\"kb\">664<\/td>\n<td class=\"kb\">1.369<\/td>\n<\/tr>\n<\/tbody>\n<\/table>\n<p>Selbst diese Statistiken scheinen jedoch nur einen Teil der tats\u00e4chlichen Gewalttaten zu erfassen. So weist das BfV etwa darauf hin, da\u00df diese Zahlen nicht mit dem Bundeskriminalamt abgestimmt seien und sich erfahrungsgem\u00e4\u00df aufgrund nachtr\u00e4glich eingehender Meldungen erh\u00f6hen werden.<a name=\"fnverweis14\"><\/a><a href=\"\/1993\/02\/22\/die-erfassung-rechtsextremistischer-straftaten-wirrwarr-auf-ganzer-linie\/#fn14\">[14]<\/a> Dies allein erkl\u00e4rt jedoch immer noch nicht, weshalb das BKA f\u00fcr 1991 fast die doppelte Anzahl von &#8222;Straftaten gegen Ausl\u00e4nder mit m\u00f6glicherweise fremdenfeindlicher Motivation&#8220; nennt:<a name=\"fnverweis15\"><\/a><a href=\"\/1993\/02\/22\/die-erfassung-rechtsextremistischer-straftaten-wirrwarr-auf-ganzer-linie\/#fn15\">[15]<\/a><\/p>\n<h4>Tabelle 4<\/h4>\n<p><span style=\"font-size: xx-small\"><b>Fremdenfeindliche Gewalttaten<\/b><\/span><br \/>\nStatistik des BKA<\/p>\n<table width=\"100%\">\n<tbody>\n<tr>\n<td width=\"85%\"><\/td>\n<td class=\"kb\" align=\"right\" width=\"15%\">1991<\/td>\n<\/tr>\n<tr>\n<td colspan=\"2\"><\/td>\n<\/tr>\n<tr>\n<td class=\"k\" align=\"left\">Brandanschl\u00e4ge bzw. Brandstiftungen<\/td>\n<td class=\"k\" align=\"right\">336<\/td>\n<\/tr>\n<tr>\n<td class=\"k\" align=\"left\">Angriffe gg. Personen<\/td>\n<td class=\"k\" align=\"right\">239<\/td>\n<\/tr>\n<tr>\n<td class=\"k\">andere Straftaten wie Bedrohungen, Beleidigungen, Sachbesch\u00e4digungen oder Propagandadelikte<\/td>\n<td class=\"k\" align=\"right\" valign=\"bottom\">1.852<\/td>\n<\/tr>\n<tr>\n<td colspan=\"2\"><\/td>\n<\/tr>\n<tr>\n<td class=\"kb\">Gesamt<\/td>\n<td class=\"kb\" align=\"right\">2.427<\/td>\n<\/tr>\n<\/tbody>\n<\/table>\n<p>F\u00fcr 1992 hat das Bundeskriminalamt unterdessen von Januar bis November bereits 4.900 Straftaten mit vermuteter fremdenfeindlicher Motivation registriert.<a name=\"fnverweis16\"><\/a><a href=\"\/1993\/02\/22\/die-erfassung-rechtsextremistischer-straftaten-wirrwarr-auf-ganzer-linie\/#fn16\">[16]<\/a><\/p>\n<p>Die Differenz zu den Zahlen des BfV ist zum einen damit zu erkl\u00e4ren, da\u00df beim Bundesamt in K\u00f6ln nur ausgesprochene Gewalttaten wie K\u00f6rperverletzung, Totschlag, Brandstiftung oder schwere Sachbesch\u00e4digung registriert werden, das Wiesbadener BKA hingegen zus\u00e4tzlich auch Delikte wie das Verbreiten volksverhetzender Schriften und rassistische Beleidigungen erfa\u00dft.<\/p>\n<h4>Zum Wert von Statistiken<\/h4>\n<p>Zus\u00e4tzlich mu\u00df bei der Interpretation der Statistiken wohl von einer hohen Dunkelziffer ausgegangen werden, da viele der Gesch\u00e4digten die Straftaten nicht zur Anzeige bringen. Hierf\u00fcr gibt es die verschiedensten Gr\u00fcnde, wie etwa die Angst vor weiteren \u00dcbergriffen, nur geringes Vertrauen in die Polizei aufgrund schlechter Erfahrungen oder eben auch schlicht sprachliche Probleme.<\/p>\n<p>Aufgrund der bis 1992 fehlenden einheitlichen Definition ist ein seri\u00f6ser Gebrauch der bis zu diesem Zeitpunkt ermittelten rechtsextremistischen Gewalttaten ohnehin nicht m\u00f6glich. Dies wird in Gespr\u00e4chen mit Besch\u00e4ftigten der Beh\u00f6rden auch best\u00e4tigt. Doch selbst nach Einf\u00fchrung eines bundeseinheitlichen Erfassungskriteriums bleiben wegen der unterschiedlichen Zuordnung von nicht eindeutig abgrenzbaren Delikten und eines labilen Meldeverhaltens z.T. erhebliche Verzerrungen.<\/p>\n<p>So gilt auch f\u00fcr diese Statistiken das gleiche, was f\u00fcr Kriminalstatistiken allgemein gilt: Sie k\u00f6nnen bestenfalls einen Trend angeben, zur Abbildung der Wirklichkeit sind sie ungeeignet. Immerhin, der Trend ist erschreckend genug.<\/p>\n<h5>Kea Tielemann ist Redaktionsmitglied von B\u00fcrgerrechte &amp; Polizei\/CILIP.<\/h5>\n<h6><a name=\"fn1\"><\/a><a href=\"\/1993\/02\/22\/die-erfassung-rechtsextremistischer-straftaten-wirrwarr-auf-ganzer-linie\/#fnverweis1\">[1]<\/a> zum Vergleich lagen vor: Materialien des Bundeskriminalamtes und der Landeskriminal\u00e4mter von Baden-W\u00fcrttemberg, Bayern, Bremen, Hamburg, Hessen, Niedersachsen, Nordrhein-Westfalen, Rheinland-Pfalz, Saarland, Sachsen und Schleswig-Holstein; Materialien des Bundesamtes f\u00fcr Verfassungsschutz und der Landes\u00e4mter f\u00fcr Verfassungsschutz von Berlin, Bremen, Hessen, Niedersachsen und Saarland. Nichtgenannte Beh\u00f6rden haben, trotz z.T. mehrfacher Nachfrage, keine Zahlen zur Verf\u00fcgung gestellt.<br \/>\n<a name=\"fn2\"><\/a><a href=\"\/1993\/02\/22\/die-erfassung-rechtsextremistischer-straftaten-wirrwarr-auf-ganzer-linie\/#fnverweis2\">[2]<\/a> vgl. Klink, Manfred: Ma\u00dfnahmenkatalog zur Bek\u00e4mpfung fremdenfeindlicher Kriminalit\u00e4t. Ergebnisse einer Arbeitsgruppe der Kommission Staatsschutz, in: Die Polizei 1992, H. 11, S. 274<br \/>\n<a name=\"fn3\"><\/a><a href=\"\/1993\/02\/22\/die-erfassung-rechtsextremistischer-straftaten-wirrwarr-auf-ganzer-linie\/#fnverweis3\">[3]<\/a> vgl. <a href=\"http:\/\/dip.bundestag.de\/btd\/13\/031\/1303121.asc\">BT-Drucksache 12\/3121<\/a> (Ablehnung eines Sondermeldedienstes des Bundeskriminalamtes f\u00fcr fremdenfeindliche Straftaten durch Mehrheitsvotum der Bundesl\u00e4nder)<br \/>\n<a name=\"fn4\"><\/a><a href=\"\/1993\/02\/22\/die-erfassung-rechtsextremistischer-straftaten-wirrwarr-auf-ganzer-linie\/#fnverweis4\">[4]<\/a> zu APIS vgl. B\u00fcrgerrechte &amp; Polizei\/CILIP 41 (1\/1992)<br \/>\n<a name=\"fn5\"><\/a><a href=\"\/1993\/02\/22\/die-erfassung-rechtsextremistischer-straftaten-wirrwarr-auf-ganzer-linie\/#fnverweis5\">[5]<\/a> Zachert, Hans-Ludwig: Fremdenfeindlichkeit &#8211; eskaliert die Gewalt gegen Ausl\u00e4nder? in: Die Polizei 1992, H. 11, S. 268<br \/>\n<a name=\"fn6\"><\/a><a href=\"\/1993\/02\/22\/die-erfassung-rechtsextremistischer-straftaten-wirrwarr-auf-ganzer-linie\/#fnverweis6\">[6]<\/a> ebd., S. 270<br \/>\n<a name=\"fn7\"><\/a><a href=\"\/1993\/02\/22\/die-erfassung-rechtsextremistischer-straftaten-wirrwarr-auf-ganzer-linie\/#fnverweis7\">[7]<\/a> Landeskriminalamt Baden-W\u00fcrttemberg: Info-Mappe Fremdenfeindliche Straftaten in Baden-W\u00fcrttemberg<br \/>\n<a name=\"fn8\"><\/a><a href=\"\/1993\/02\/22\/die-erfassung-rechtsextremistischer-straftaten-wirrwarr-auf-ganzer-linie\/#fnverweis8\">[8]<\/a> Mitteilung des LKA Hamburg an die Redaktion v. 27.1.1993<br \/>\n<a name=\"fn9\"><\/a><a href=\"\/1993\/02\/22\/die-erfassung-rechtsextremistischer-straftaten-wirrwarr-auf-ganzer-linie\/#fnverweis9\">[9]<\/a> Presseerkl\u00e4rung des bayerischen Staatsministerium des Innern v. 6.1.1993<br \/>\n<a name=\"fn10\"><\/a><a href=\"\/1993\/02\/22\/die-erfassung-rechtsextremistischer-straftaten-wirrwarr-auf-ganzer-linie\/#fnverweis10\">[10]<\/a> Schreiben des Ministerium des Innern an die Redaktion v. 20.1.1993<br \/>\n<a name=\"fn11\"><\/a><a href=\"\/1993\/02\/22\/die-erfassung-rechtsextremistischer-straftaten-wirrwarr-auf-ganzer-linie\/#fnverweis11\">[11]<\/a> Zahlen der LfV blieben unber\u00fccksichtigt, da lediglich f\u00fcnf \u00c4mter Material zur Verf\u00fcgung gestellt haben.<br \/>\n<a name=\"fn12\"><\/a><a href=\"\/1993\/02\/22\/die-erfassung-rechtsextremistischer-straftaten-wirrwarr-auf-ganzer-linie\/#fnverweis12\">[12]<\/a> Bundesamt f\u00fcr Verfassungsschutz: Gewalttaten mit erwiesener oder zu vermutender rechtsextremistischer Motivation, Stand: 15. Januar 1993<br \/>\n<a name=\"fn13\"><\/a><a href=\"\/1993\/02\/22\/die-erfassung-rechtsextremistischer-straftaten-wirrwarr-auf-ganzer-linie\/#fnverweis13\">[13]<\/a> ebd.<br \/>\n<a name=\"fn14\"><\/a><a href=\"\/1993\/02\/22\/die-erfassung-rechtsextremistischer-straftaten-wirrwarr-auf-ganzer-linie\/#fnverweis14\">[14]<\/a> ebd.<br \/>\n<a name=\"fn15\"><\/a><a href=\"\/1993\/02\/22\/die-erfassung-rechtsextremistischer-straftaten-wirrwarr-auf-ganzer-linie\/#fnverweis15\">[15]<\/a> Zachert a.a.O. (Fn. 5), S. 268-272<br \/>\n<a name=\"fn16\"><\/a><a href=\"\/1993\/02\/22\/die-erfassung-rechtsextremistischer-straftaten-wirrwarr-auf-ganzer-linie\/#fnverweis16\">[16]<\/a> vgl. die tageszeitung v. 10.2.1993<\/h6>\n","protected":false},"excerpt":{"rendered":"<p>von Kea Tielemann In den zur\u00fcckliegenden Wochen und Monaten wurden von Verfassungsschutz und Polizei diverse<\/p>\n","protected":false},"author":2,"featured_media":0,"comment_status":"open","ping_status":"open","sticky":false,"template":"","format":"standard","meta":{"footnotes":""},"categories":[152,50],"tags":[],"class_list":["post-2876","post","type-post","status-publish","format-standard","hentry","category-artikel","category-cilip-044"],"_links":{"self":[{"href":"https:\/\/wp-dev.daten.cool\/index.php?rest_route=\/wp\/v2\/posts\/2876","targetHints":{"allow":["GET"]}}],"collection":[{"href":"https:\/\/wp-dev.daten.cool\/index.php?rest_route=\/wp\/v2\/posts"}],"about":[{"href":"https:\/\/wp-dev.daten.cool\/index.php?rest_route=\/wp\/v2\/types\/post"}],"author":[{"embeddable":true,"href":"https:\/\/wp-dev.daten.cool\/index.php?rest_route=\/wp\/v2\/users\/2"}],"replies":[{"embeddable":true,"href":"https:\/\/wp-dev.daten.cool\/index.php?rest_route=%2Fwp%2Fv2%2Fcomments&post=2876"}],"version-history":[{"count":0,"href":"https:\/\/wp-dev.daten.cool\/index.php?rest_route=\/wp\/v2\/posts\/2876\/revisions"}],"wp:attachment":[{"href":"https:\/\/wp-dev.daten.cool\/index.php?rest_route=%2Fwp%2Fv2%2Fmedia&parent=2876"}],"wp:term":[{"taxonomy":"category","embeddable":true,"href":"https:\/\/wp-dev.daten.cool\/index.php?rest_route=%2Fwp%2Fv2%2Fcategories&post=2876"},{"taxonomy":"post_tag","embeddable":true,"href":"https:\/\/wp-dev.daten.cool\/index.php?rest_route=%2Fwp%2Fv2%2Ftags&post=2876"}],"curies":[{"name":"wp","href":"https:\/\/api.w.org\/{rel}","templated":true}]}}