{"id":3457,"date":"1995-02-24T14:42:49","date_gmt":"1995-02-24T14:42:49","guid":{"rendered":"http:\/\/www.cilip.de\/?p=3457"},"modified":"1995-02-24T14:42:49","modified_gmt":"1995-02-24T14:42:49","slug":"toedlicher-schusswaffeneinsatz-1994","status":"publish","type":"post","link":"https:\/\/wp-dev.daten.cool\/?p=3457","title":{"rendered":"T\u00f6dlicher Schu\u00dfwaffeneinsatz 1994"},"content":{"rendered":"<h3>von Otto Diederichs<\/h3>\n<p><strong>Im zur\u00fcckliegenden Jahr verstarben an den Folgen eines Polizeischusses zehn Menschen. Nachdem f\u00fcr das Jahr 1993 mit 15 Todessch\u00fcssen der h\u00f6chste Stand seit 1983 registriert werden mu\u00dfte, sank die Zahl 1994 damit wieder auf den seit 1988 &#8222;\u00fcblichen&#8220; Stand1. Mit vorsichtigem Optimismus kann man somit vermuten, da\u00df es sich 1993 lediglich um einen &#8222;Ausrei\u00dfer&#8220; und nicht den Beginn eines neuen Anstiegstrends gehandelt hat.<\/strong><\/p>\n<p>Besonderes Aufsehen unter den Vorf\u00e4llen des Jahres 1994 hat der t\u00f6dliche Schu\u00df auf den 16j\u00e4hrigen Kurden Halim Dener in Hannover ausgel\u00f6st. Da\u00df es in solchen F\u00e4llen zu teilweise ganz erheblichen Abweichungen bei den Aussagen von beteiligten Polizeibeamten und anderen Zeugen kommt, ist nicht neu und z.T. aus der Situation heraus erkl\u00e4rlich. Schlichte Irrt\u00fcmer bei der Wahrnehmung kann man in diesem Fall jedoch kaum unterstellen, wenn in ersten Verlautbarungen der durch einen &#8222;Greifreflex&#8220;2 ausgel\u00f6ste Schu\u00df aus einer Entfernung von drei bis vier Metern gefallen sein solle, ein Gutachten des Landeskriminalamtes jedoch zu dem Ergebnis kommt, die Distanz habe allenfalls f\u00fcnf bis f\u00fcnfzehn Zentimeter betragen k\u00f6nnen.3<!--more--><\/p>\n<p>&nbsp;<\/p>\n<p><a href=\"http:\/\/www.cilip.de\/wp-content\/uploads\/1995\/02\/Polizeiliche-Todesschuesse-1994-1.png\"><img loading=\"lazy\" decoding=\"async\" class=\"aligncenter size-full wp-image-18363\" src=\"https:\/\/www.cilip.de\/wp-content\/uploads\/1995\/02\/Polizeiliche-Todesschuesse-1994-1.png\" alt=\"\" width=\"866\" height=\"593\" srcset=\"https:\/\/wp-dev.daten.cool\/wp-content\/uploads\/1995\/02\/Polizeiliche-Todesschuesse-1994-1.png 866w, https:\/\/wp-dev.daten.cool\/wp-content\/uploads\/1995\/02\/Polizeiliche-Todesschuesse-1994-1-300x205.png 300w, https:\/\/wp-dev.daten.cool\/wp-content\/uploads\/1995\/02\/Polizeiliche-Todesschuesse-1994-1-768x526.png 768w\" sizes=\"auto, (max-width: 866px) 100vw, 866px\" \/><\/a> <a href=\"http:\/\/www.cilip.de\/wp-content\/uploads\/1995\/02\/Polizeiliche-Todesschuesse-1994-2.png\"><img loading=\"lazy\" decoding=\"async\" class=\"aligncenter size-full wp-image-18364\" src=\"https:\/\/www.cilip.de\/wp-content\/uploads\/1995\/02\/Polizeiliche-Todesschuesse-1994-2.png\" alt=\"\" width=\"871\" height=\"585\" srcset=\"https:\/\/wp-dev.daten.cool\/wp-content\/uploads\/1995\/02\/Polizeiliche-Todesschuesse-1994-2.png 871w, https:\/\/wp-dev.daten.cool\/wp-content\/uploads\/1995\/02\/Polizeiliche-Todesschuesse-1994-2-300x201.png 300w, https:\/\/wp-dev.daten.cool\/wp-content\/uploads\/1995\/02\/Polizeiliche-Todesschuesse-1994-2-768x516.png 768w\" sizes=\"auto, (max-width: 871px) 100vw, 871px\" \/><\/a><\/p>\n<h6>1 Vgl. B\u00fcrgerrechte &amp; Polizei\/CILIP 44 (1\/93), S. 79ff und\u00a0 B\u00fcrgerrechte und Polizei\/CILIP 47 (1\/94), S. 59ff.<\/h6>\n<h6>2 die tageszeitung v. 2.7.94<\/h6>\n<h6>3 die tageszeitung v. 7.7.94, Die Zeit v. 8.7.94<\/h6>\n","protected":false},"excerpt":{"rendered":"<p>von Otto Diederichs Im zur\u00fcckliegenden Jahr verstarben an den Folgen eines Polizeischusses zehn Menschen. Nachdem<\/p>\n","protected":false},"author":2,"featured_media":0,"comment_status":"open","ping_status":"open","sticky":false,"template":"","format":"standard","meta":{"footnotes":""},"categories":[56,147],"tags":[774,820,1094,1437],"class_list":["post-3457","post","type-post","status-publish","format-standard","hentry","category-cilip-050","category-polizeiliche-todesschuesse","tag-innenministerkonferenz","tag-justiz","tag-polizei","tag-todesschuesse"],"_links":{"self":[{"href":"https:\/\/wp-dev.daten.cool\/index.php?rest_route=\/wp\/v2\/posts\/3457","targetHints":{"allow":["GET"]}}],"collection":[{"href":"https:\/\/wp-dev.daten.cool\/index.php?rest_route=\/wp\/v2\/posts"}],"about":[{"href":"https:\/\/wp-dev.daten.cool\/index.php?rest_route=\/wp\/v2\/types\/post"}],"author":[{"embeddable":true,"href":"https:\/\/wp-dev.daten.cool\/index.php?rest_route=\/wp\/v2\/users\/2"}],"replies":[{"embeddable":true,"href":"https:\/\/wp-dev.daten.cool\/index.php?rest_route=%2Fwp%2Fv2%2Fcomments&post=3457"}],"version-history":[{"count":0,"href":"https:\/\/wp-dev.daten.cool\/index.php?rest_route=\/wp\/v2\/posts\/3457\/revisions"}],"wp:attachment":[{"href":"https:\/\/wp-dev.daten.cool\/index.php?rest_route=%2Fwp%2Fv2%2Fmedia&parent=3457"}],"wp:term":[{"taxonomy":"category","embeddable":true,"href":"https:\/\/wp-dev.daten.cool\/index.php?rest_route=%2Fwp%2Fv2%2Fcategories&post=3457"},{"taxonomy":"post_tag","embeddable":true,"href":"https:\/\/wp-dev.daten.cool\/index.php?rest_route=%2Fwp%2Fv2%2Ftags&post=3457"}],"curies":[{"name":"wp","href":"https:\/\/api.w.org\/{rel}","templated":true}]}}