{"id":3463,"date":"1995-02-26T14:49:01","date_gmt":"1995-02-26T14:49:01","guid":{"rendered":"http:\/\/www.cilip.de\/?p=3463"},"modified":"1995-02-26T14:49:01","modified_gmt":"1995-02-26T14:49:01","slug":"redaktionelle-vorbemerkung-13","status":"publish","type":"post","link":"https:\/\/wp-dev.daten.cool\/?p=3463","title":{"rendered":"Redaktionelle Vorbemerkung"},"content":{"rendered":"<h3>von Otto Diederichs<\/h3>\n<p>Bei dem vorliegenden Heft handelt es sich mit Heft 50 um die Jubil\u00e4umsausgabe von B\u00fcrgerrechte &amp; Polizei\/CILIP. W\u00e4hrend sich der seit 1978 bestehende Informationsdienst ansonsten \u00fcberwiegend mit der &#8218;Politik Innerer Sicherheit&#8216; und deren Wirkungen auf die B\u00fcrgerrechte besch\u00e4ftigte, wurde dieser Ansatz hier nun einmal umgekehrt. B\u00fcrger- und Menschenrechtsorganisationen und deren Auswirkungen auf die offizielle Politik sollen dabei betrachtet werden. Der Tradition von CILIP entsprechend konzentriert sich das Heft dabei in erster Linie auf jene Initiativen, Gruppen und Gr\u00fcppchen, die mit der Verteidigung von B\u00fcrgerrechten und der Aufkl\u00e4rung \u00fcber Polizei- und Geheimdienstarbeit befa\u00dft sind oder waren.<!--more--><\/p>\n<h4>Zum Schwerpunkt:<\/h4>\n<p>Als sich die Redaktion im Herbst letzten Jahres dazu entschlo\u00df, mit einem solchen Schwerpunktheft einen \u00dcberblick \u00fcber dieses Spektrum (altbun-des)deutscher &#8218;Politik von unten&#8216; zu geben, dem ja auch wir uns zugeh\u00f6rig f\u00fchlen, sollte dies zugleich auch so etwas wie ein eigenes Geburtstags-geschenk werden. So gestalteten sich die Telefongespr\u00e4che mit der Bitte um Mitarbeit teilweise denn auch wie ein fernm\u00fcndliches &#8218;Familientreffen&#8216;. Ins-besondere bei den einstigen VertreterInnen heute nicht mehr existenter und z.T. schon halb vergessener Gruppierungen kam man rasch zu dem &#8222;Mensch, wei\u00dft Du noch &#8230;&#8220;.<\/p>\n<p>Leider hielten die anschlie\u00dfend, nach mehrmaliger Erinnerungen und Mahnungen zugesandten Beitr\u00e4ge nicht immer das, was man sich (gemeinsam) davon versprochen hatte. Bei kaum einer Ausgabe von B\u00fcrgerrechte &amp; Polizei\/CILIP in den letzten Jahren war eine \u00e4hnlich intensive Betreuung und Bearbeitung notwendig. Dennoch fehlen in diesem Heft ein Beitrag \u00fcber die vielf\u00e4ltigen &#8218;Roten Hilfen&#8216; aus den 70er Jahren (der trotz Zusage nie geschrieben wurde) und einer \u00fcber die Anwaltsorganisationen (der schlu\u00dfendlich dann doch noch einer Erkrankung zum Opfer fiel).<\/p>\n<p>Beitr\u00e4ge von\/zu noch bestehenden Gruppen lesen sich nun als schlichte Selbstdarstellungen. Deutlich wird daran u.a., da\u00df die heutigen zumeist j\u00fcn-geren Mitglieder\/AutorInnen die Anf\u00e4nge ihrer Initiative h\u00e4ufig selbst nur noch bruchst\u00fcckhaft oder gar nicht mehr kennen. Der Verlust der eigenen Geschichte ist dabei mit Sicherheit ein Problem, das umso gr\u00f6\u00dfer werden wird, je weiter die gegenw\u00e4rtigen VertreterInnen der Gruppen und Gr\u00fcppchen sich zeitlich von ihren Urspr\u00fcngen und Verirrungen entfernen. Es ist aber auch unser Problem insoweit, als wir \u00c4ltere offenkundig nicht in der Lage waren, diese zu vermitteln und das Interesse daran wachzuhalten. Dazu pa\u00dft es dann, wenn die \u00e4lteren Mitglieder\/Autoren gewesener Organisationen oft nur wenig Neigung zeigten, die eigene fr\u00fchere Arbeit zumindest im R\u00fcckblick auch einmal selbstkritisch zu betrachten. Telefonische Randbemerkungen wie z.B. &#8222;Ich war doch gar nicht Mitglied. Ich war doch nur Kader und hatte f\u00fcr B\u00fcndnispartner zu sorgen&#8220;, werfen da nachtr\u00e4glich via &#8218;Telekom&#8216; lange Schatten. So ist B\u00fcrgerrechte &amp; Polizei\/CILIP 50 (1\/95) auch in seiner letztlichen Unvollkommenheit noch ein Abbild von der &#8218;St\u00e4rke der Bewegung&#8216;.<\/p>\n<p>In seiner n\u00e4chsten Ausgabe (erscheint Ende Juli) wird sich B\u00fcrgerrechte &amp; Polizei\/CILIP wieder unmittelbarer mit der Polizeiarbeit besch\u00e4ftigen: Poli-zei in der Stadt\/Polizei auf dem Land lautet das Thema.<\/p>\n<h5>Otto Diederichs ist Redakteur und Mit-herausgeber von B\u00fcrgerrechte &amp; Poli-zei\/CILIP und war Mitglied verschiedener der nachfolgend vorgestellten Gruppen<\/h5>\n","protected":false},"excerpt":{"rendered":"<p>von Otto Diederichs Bei dem vorliegenden Heft handelt es sich mit Heft 50 um die<\/p>\n","protected":false},"author":2,"featured_media":0,"comment_status":"open","ping_status":"open","sticky":false,"template":"","format":"standard","meta":{"footnotes":""},"categories":[56,141],"tags":[],"class_list":["post-3463","post","type-post","status-publish","format-standard","hentry","category-cilip-050","category-editorials"],"_links":{"self":[{"href":"https:\/\/wp-dev.daten.cool\/index.php?rest_route=\/wp\/v2\/posts\/3463","targetHints":{"allow":["GET"]}}],"collection":[{"href":"https:\/\/wp-dev.daten.cool\/index.php?rest_route=\/wp\/v2\/posts"}],"about":[{"href":"https:\/\/wp-dev.daten.cool\/index.php?rest_route=\/wp\/v2\/types\/post"}],"author":[{"embeddable":true,"href":"https:\/\/wp-dev.daten.cool\/index.php?rest_route=\/wp\/v2\/users\/2"}],"replies":[{"embeddable":true,"href":"https:\/\/wp-dev.daten.cool\/index.php?rest_route=%2Fwp%2Fv2%2Fcomments&post=3463"}],"version-history":[{"count":0,"href":"https:\/\/wp-dev.daten.cool\/index.php?rest_route=\/wp\/v2\/posts\/3463\/revisions"}],"wp:attachment":[{"href":"https:\/\/wp-dev.daten.cool\/index.php?rest_route=%2Fwp%2Fv2%2Fmedia&parent=3463"}],"wp:term":[{"taxonomy":"category","embeddable":true,"href":"https:\/\/wp-dev.daten.cool\/index.php?rest_route=%2Fwp%2Fv2%2Fcategories&post=3463"},{"taxonomy":"post_tag","embeddable":true,"href":"https:\/\/wp-dev.daten.cool\/index.php?rest_route=%2Fwp%2Fv2%2Ftags&post=3463"}],"curies":[{"name":"wp","href":"https:\/\/api.w.org\/{rel}","templated":true}]}}