{"id":3564,"date":"1996-02-24T16:55:33","date_gmt":"1996-02-24T16:55:33","guid":{"rendered":"http:\/\/www.cilip.de\/?p=3564"},"modified":"1996-02-24T16:55:33","modified_gmt":"1996-02-24T16:55:33","slug":"toedlicher-schusswaffeneinsatz-1995","status":"publish","type":"post","link":"https:\/\/wp-dev.daten.cool\/?p=3564","title":{"rendered":"T\u00f6dlicher Schu\u00dfwaffeneinsatz 1995"},"content":{"rendered":"<h3>von Otto Diederichs<\/h3>\n<p><strong>1995 starben infolge polizeilichen Schu\u00dfwaffeneinsatzes f\u00fcnfzehn Menschen; in zweien der F\u00e4lle wurden zudem Polizeibeamte get\u00f6tet, zwei weitere durch Sch\u00fcsse verletzt. So ist denn an der letztj\u00e4hrigen Bilanz nicht der erneute Anstieg polizeilicher Todessch\u00fcsse das eigentlich Auff\u00e4llige, sondern der Anstieg bei der Bewaffnung der Erschossenen.<\/strong><\/p>\n<p>Zehn der Get\u00f6teten waren mit einer scharfen Schu\u00dfwaffe und zwei mit einer Gaspistole ausger\u00fcstet. Nur eines der Opfer war g\u00e4nzlich unbewaffnet. 1994 waren lediglich in zwei von zehn F\u00e4llen Schu\u00dfwaffen mitgef\u00fchrt worden; 1993 in drei von f\u00fcnfzehn und 1992 in drei von neun F\u00e4llen, um nur die letzten drei Jahre zu nennen.1<!--more--><\/p>\n<p>Ein \u00fcberaus interessantes und wichtiges Urteil zum polizeilichen Schu\u00dfwaffengebrauch erging im Februar 1996; der Fall selbst datiert aus 1992: Ein von der Polizei \u00fcberraschter Einbrecher versuchte \u00fcber die Regenrinne zu fl\u00fcchten, st\u00fcrzte dabei ab und wurde im Fall von einem Beamten erschossen.2 Im Proze\u00df hatte dieser geltend gemacht, er habe aus Schreck \u00fcber den pl\u00f6tzlich Herabst\u00fcrzenden reflexartig geschossen.3 Dem widersprach ein Sachverst\u00e4ndiger, da seiner Erfahrung nach eine Schu\u00dfabgabe durch einen Reflex nicht m\u00f6glich sei. Wenn ein Abzugswiderstand von 5.8 Kilopond mit dem Finger \u00fcberwunden werden m\u00fcsse, sei dies &#8222;nur willentlich und damit vom Gehirn gesteuert&#8220; m\u00f6glich.4 Das Gericht verurteilte den Beamten zu 8.000 DM Geldstrafe. In der Urteilsbegr\u00fcndung hob der Richter hervor, ein Polizist sei auch dann noch strafrechtlich verantwortlich, wenn er selbst &#8222;unbewu\u00dft fahrl\u00e4ssig&#8220; einen t\u00f6dlichen Schu\u00df abgibt (Az.: 73 Js 31496 3192). Wenn dieses Urteil Bestand beh\u00e4lt, wird es die Rechtsprechung insgesamt ver\u00e4ndern.<\/p>\n<p><a href=\"http:\/\/www.cilip.de\/wp-content\/uploads\/2020\/10\/Polizeiliche-Todesschuesse-1995-1.png\"><img loading=\"lazy\" decoding=\"async\" class=\"aligncenter size-full wp-image-18238\" src=\"https:\/\/www.cilip.de\/wp-content\/uploads\/2020\/10\/Polizeiliche-Todesschuesse-1995-1.png\" alt=\"\" width=\"846\" height=\"537\" srcset=\"https:\/\/wp-dev.daten.cool\/wp-content\/uploads\/2020\/10\/Polizeiliche-Todesschuesse-1995-1.png 846w, https:\/\/wp-dev.daten.cool\/wp-content\/uploads\/2020\/10\/Polizeiliche-Todesschuesse-1995-1-300x190.png 300w, https:\/\/wp-dev.daten.cool\/wp-content\/uploads\/2020\/10\/Polizeiliche-Todesschuesse-1995-1-768x487.png 768w\" sizes=\"auto, (max-width: 846px) 100vw, 846px\" \/><\/a> <a href=\"http:\/\/www.cilip.de\/wp-content\/uploads\/2020\/10\/Polizeiliche-Todesschuesse-1995-2.png\"><img loading=\"lazy\" decoding=\"async\" class=\"aligncenter size-full wp-image-18239\" src=\"https:\/\/www.cilip.de\/wp-content\/uploads\/2020\/10\/Polizeiliche-Todesschuesse-1995-2.png\" alt=\"\" width=\"849\" height=\"547\" srcset=\"https:\/\/wp-dev.daten.cool\/wp-content\/uploads\/2020\/10\/Polizeiliche-Todesschuesse-1995-2.png 849w, https:\/\/wp-dev.daten.cool\/wp-content\/uploads\/2020\/10\/Polizeiliche-Todesschuesse-1995-2-300x193.png 300w, https:\/\/wp-dev.daten.cool\/wp-content\/uploads\/2020\/10\/Polizeiliche-Todesschuesse-1995-2-768x495.png 768w\" sizes=\"auto, (max-width: 849px) 100vw, 849px\" \/><\/a> <a href=\"http:\/\/www.cilip.de\/wp-content\/uploads\/2020\/10\/Polizeiliche-Todesschuesse-1995-3.png\"><img loading=\"lazy\" decoding=\"async\" class=\"aligncenter size-full wp-image-18240\" src=\"https:\/\/www.cilip.de\/wp-content\/uploads\/2020\/10\/Polizeiliche-Todesschuesse-1995-3.png\" alt=\"\" width=\"858\" height=\"561\" srcset=\"https:\/\/wp-dev.daten.cool\/wp-content\/uploads\/2020\/10\/Polizeiliche-Todesschuesse-1995-3.png 858w, https:\/\/wp-dev.daten.cool\/wp-content\/uploads\/2020\/10\/Polizeiliche-Todesschuesse-1995-3-300x196.png 300w, https:\/\/wp-dev.daten.cool\/wp-content\/uploads\/2020\/10\/Polizeiliche-Todesschuesse-1995-3-768x502.png 768w\" sizes=\"auto, (max-width: 858px) 100vw, 858px\" \/><\/a><\/p>\n<h6>1 Vgl. B\u00fcrgerrechte &amp; Polizei\/CILIP 50 (1195), 47 (1194) und 44 (1193)<\/h6>\n<h6>2 B\u00fcrgerrechte &amp; PolizeilCILIP 44 (1193), S. 84 (Fall 5); siehe auch: Frankfurter Rundschau v. 3.8.92<\/h6>\n<h6>3 Frankfurter Rundschau v. 3.5.95<\/h6>\n<h6>4 Frankfurter Rundschau v. 9.2.96<\/h6>\n<h6>5 Frankfurter Rundschau v. 16.2.96<\/h6>\n","protected":false},"excerpt":{"rendered":"<p>von Otto Diederichs 1995 starben infolge polizeilichen Schu\u00dfwaffeneinsatzes f\u00fcnfzehn Menschen; in zweien der F\u00e4lle wurden<\/p>\n","protected":false},"author":2,"featured_media":0,"comment_status":"open","ping_status":"open","sticky":false,"template":"","format":"standard","meta":{"footnotes":""},"categories":[59,147],"tags":[774,820,1094,1437],"class_list":["post-3564","post","type-post","status-publish","format-standard","hentry","category-cilip-053","category-polizeiliche-todesschuesse","tag-innenministerkonferenz","tag-justiz","tag-polizei","tag-todesschuesse"],"_links":{"self":[{"href":"https:\/\/wp-dev.daten.cool\/index.php?rest_route=\/wp\/v2\/posts\/3564","targetHints":{"allow":["GET"]}}],"collection":[{"href":"https:\/\/wp-dev.daten.cool\/index.php?rest_route=\/wp\/v2\/posts"}],"about":[{"href":"https:\/\/wp-dev.daten.cool\/index.php?rest_route=\/wp\/v2\/types\/post"}],"author":[{"embeddable":true,"href":"https:\/\/wp-dev.daten.cool\/index.php?rest_route=\/wp\/v2\/users\/2"}],"replies":[{"embeddable":true,"href":"https:\/\/wp-dev.daten.cool\/index.php?rest_route=%2Fwp%2Fv2%2Fcomments&post=3564"}],"version-history":[{"count":0,"href":"https:\/\/wp-dev.daten.cool\/index.php?rest_route=\/wp\/v2\/posts\/3564\/revisions"}],"wp:attachment":[{"href":"https:\/\/wp-dev.daten.cool\/index.php?rest_route=%2Fwp%2Fv2%2Fmedia&parent=3564"}],"wp:term":[{"taxonomy":"category","embeddable":true,"href":"https:\/\/wp-dev.daten.cool\/index.php?rest_route=%2Fwp%2Fv2%2Fcategories&post=3564"},{"taxonomy":"post_tag","embeddable":true,"href":"https:\/\/wp-dev.daten.cool\/index.php?rest_route=%2Fwp%2Fv2%2Ftags&post=3564"}],"curies":[{"name":"wp","href":"https:\/\/api.w.org\/{rel}","templated":true}]}}