{"id":3700,"date":"1994-02-24T21:49:07","date_gmt":"1994-02-24T21:49:07","guid":{"rendered":"http:\/\/www.cilip.de\/?p=3700"},"modified":"1994-02-24T21:49:07","modified_gmt":"1994-02-24T21:49:07","slug":"toedlicher-schusswaffeneinsatz-1993","status":"publish","type":"post","link":"https:\/\/wp-dev.daten.cool\/?p=3700","title":{"rendered":"T\u00f6dlicher Schu\u00dfwaffeneinsatz 1993"},"content":{"rendered":"<h3>von Otto Diederichs<\/h3>\n<p><strong>Im zur\u00fcckliegenden Jahr verstarben an den Folgen eines Polizeischusses (zweifelsfrei) 15 Personen. Dies ist die gr\u00f6\u00dfte Zahl seit zehn Jahren. Damals, 1983, mu\u00dfte mit 24 Todesopfern der h\u00f6chste Stand verzeichnet werden, den CILIP seit dem Beginn seiner Z\u00e4hlung und Auswertung (r\u00fcckwirkend bis 1974) bisher zu vermelden hatte.<\/strong><\/p>\n<p>Seither sank die Zahl t\u00f6dlich verlaufener Schu\u00dfwaffeneins\u00e4tze kontinuierlich. Dieser Trend hielt auch nach der Vereinigung Deutschlands an, obwohl damit die Zahl der polizeilichen Waffentr\u00e4ger kr\u00e4ftig gewachsen ist.1 Wie der pl\u00f6tzliche sprunghafte Anstieg des letzten Jahres zu bewerten ist, kann gegenw\u00e4rtig noch nicht beurteilt werden.<!--more--><\/p>\n<p>Besorgnis erregen m\u00fcssen allerdings die folgenden Zahlen zum Schu\u00dfwaffengebrauch, die eine Anfrage der SPD-Fraktion im Deutschen Bundestag zutage f\u00f6rderte: Danach setzte der Bundesgrenzschutz 1992 insgesamt 46mal die Waffe ein; in 21 F\u00e4llen sei sie dabei gegen Personen gerichtet gewesen. Im Vorjahr war dies &#8222;nur&#8220; siebenmal der Fall. Zur Begr\u00fcndung f\u00fcr den ge-stiegenen Einsatz der Schu\u00dfwaffe nannte die Bundesregierung einen &#8222;Anstieg der Warnsch\u00fcsse&#8220;, um (insbesondere an der deutschen Ostgrenze) Grenz-durchbr\u00fcche zu verhindern.2<\/p>\n<h4>Bad Kleinen fehlt<\/h4>\n<p>Trotz aller damit verbundenen &#8218;Bauchschmerzen&#8216; wurde darauf verzichtet, den t\u00f6dlichen Ausgang des Polizeieinsatzes vom 27.6.93 gegen die mutma\u00dflichen RAF-Mitglieder Birgit Hogefeld und Wolfgang Grams im mecklenburgischen Bad Kleinen mit in die \u00dcbersicht aufzunehmen. Er wird statt dessen an dieser Stelle gesondert dargestellt:<\/p>\n<p>W\u00e4hrend einer heftigen Schie\u00dferei bei der Festnahme des fl\u00fcchtigen Wolfgang Grams wurde dieser von mehreren Sch\u00fcssen getroffen und st\u00fcrzte auf die Gleise. Hier wurde er von zwei GSG 9-Beamten gestellt. Sp\u00e4tere Zeugenaussagen berichten, in dieser Situation seien auf Grams nochmals zwei Sch\u00fcsse abgegeben worden3. Teilergebnisse zweier rechtsmedizinischer Gutachten aus L\u00fcbeck und M\u00fcnster ergaben, da\u00df der aufgesetzte Kopfschu\u00df, der Grams get\u00f6tet hatte, nicht von einer der untersuchten Polizeiwaffen stammt. Das m\u00fcnsteraner Gutachten h\u00e4lt Grams&#8216; eigene Waffe f\u00fcr die m\u00f6gliche Tatwaffe; ein drittes (Teil)Gutachten, das bei der Z\u00fcricher Stadtpolizei angefordert wurde, kam zum selben Ergebnis. Die entscheidende Frage, wer den t\u00f6dlichen Schu\u00df abgab, blieb allerdings bei allen Gutachten ausgeklammert. Nachdem das endg\u00fcltige Gutachten aus Z\u00fcrich schlie\u00dflich zu dem Ergebnis kam, eine &#8222;exekutions\u00e4hnliche Handlung&#8220; k\u00f6nne &#8222;praktisch ausgeschlossen&#8220; werden4, stellte die ermittelnde Schweriner Staatsanwaltschaft im Januar 1994 die Ermittlungsverfahren gegen zwei GSG 9-Beamte ein. Im Abschlu\u00dfbericht des Bundesinnenministeriums hei\u00dft es daraufhin zum Ablauf des Todes des 40j\u00e4hrigen Grams: &#8222;Er st\u00fcrzte r\u00fcckw\u00e4rts auf das Gleis, wo er sich in Selbstmordabsicht einen Kopfdurchschu\u00df versetzte.5<\/p>\n<p>Die Merkw\u00fcrdigkeiten und &#8222;Zuf\u00e4lle&#8220;, die die Ermittlungen und Gutachten immer wieder begleiteten6, lassen zumindest erhebliche Zweifel an der Frage aufkommen, ob an der notwendigen, wahrheitsgem\u00e4\u00dfen Aufkl\u00e4rung des Falles \u00fcberhaupt ein Interesse bestand. (Zweites Opfer des Einsatzes wurde der 25j\u00e4hrige GSG 9-Beamte Michael Newrzella, der von Grams erschossen wurde.)<\/p>\n<h4>Todessch\u00fcsse 1992: Ein Nachtrag<\/h4>\n<p>Nachzutragen ist ein (zumindest \u00fcberregional) bislang unbekannt gebliebener Todesschu\u00df aus dem Jahr 1992: Am 19.1.92 wurde die Polizei \u00fcber einen Einbruch in eine Verkaufsstelle in Bernburg (Sachsen-Anhalt) informiert. Nachdem zwei Beamte sich den Schl\u00fcssel des Ladens besorgt hatten, gingen sie mit gezogenen Waffen in das Gesch\u00e4ft, wo sich der T\u00e4ter, der 24j\u00e4hrige Peter Sund, noch befand und sie pausenlos beschimpfte. Als die Beamten ihn stellten, steckte einer der Beamten seine Waffe zur\u00fcck ins Holster, w\u00e4hrend der andere mit gezogener Waffe sicherte. Bei der anschlie\u00dfenden Festnahme trat der T\u00e4ter wild um sich und brachte dabei den sichernden Beamten aus dem Gleichgewicht; als dieser strauchelte, l\u00f6ste sich aus seiner Makarov-Pistole ein Schu\u00df und traf den T\u00e4ter in den Kopf.<br \/>\nAm 23.11.93 wurde der Beamte vom Vorwurf der fahrl\u00e4ssigen T\u00f6tung freigesprochen; die Staatsanwaltschaft hat Berufung eingelegt.7<\/p>\n<p>Die Zahl t\u00f6dlich verlaufender Schu\u00dfwaffeneins\u00e4tze8 mu\u00df damit von 9 auf 10 korrigiert werden.<\/p>\n<p><a href=\"http:\/\/www.cilip.de\/wp-content\/uploads\/1994\/02\/Polizeiliche-Todesschuesse-1993-1.png\"><img loading=\"lazy\" decoding=\"async\" class=\"aligncenter size-full wp-image-18366\" src=\"https:\/\/www.cilip.de\/wp-content\/uploads\/1994\/02\/Polizeiliche-Todesschuesse-1993-1.png\" alt=\"\" width=\"874\" height=\"621\" srcset=\"https:\/\/wp-dev.daten.cool\/wp-content\/uploads\/1994\/02\/Polizeiliche-Todesschuesse-1993-1.png 874w, https:\/\/wp-dev.daten.cool\/wp-content\/uploads\/1994\/02\/Polizeiliche-Todesschuesse-1993-1-300x213.png 300w, https:\/\/wp-dev.daten.cool\/wp-content\/uploads\/1994\/02\/Polizeiliche-Todesschuesse-1993-1-768x546.png 768w\" sizes=\"auto, (max-width: 874px) 100vw, 874px\" \/><\/a> <a href=\"http:\/\/www.cilip.de\/wp-content\/uploads\/1994\/02\/Polizeiliche-Todesschuesse-1993-2.png\"><img loading=\"lazy\" decoding=\"async\" class=\"aligncenter size-full wp-image-18367\" src=\"https:\/\/www.cilip.de\/wp-content\/uploads\/1994\/02\/Polizeiliche-Todesschuesse-1993-2.png\" alt=\"\" width=\"869\" height=\"616\" srcset=\"https:\/\/wp-dev.daten.cool\/wp-content\/uploads\/1994\/02\/Polizeiliche-Todesschuesse-1993-2.png 869w, https:\/\/wp-dev.daten.cool\/wp-content\/uploads\/1994\/02\/Polizeiliche-Todesschuesse-1993-2-300x213.png 300w, https:\/\/wp-dev.daten.cool\/wp-content\/uploads\/1994\/02\/Polizeiliche-Todesschuesse-1993-2-768x544.png 768w\" sizes=\"auto, (max-width: 869px) 100vw, 869px\" \/><\/a> <a href=\"http:\/\/www.cilip.de\/wp-content\/uploads\/1994\/02\/Polizeiliche-Todesschuesse-1993-3.png\"><img loading=\"lazy\" decoding=\"async\" class=\"aligncenter size-full wp-image-18368\" src=\"https:\/\/www.cilip.de\/wp-content\/uploads\/1994\/02\/Polizeiliche-Todesschuesse-1993-3.png\" alt=\"\" width=\"861\" height=\"628\" srcset=\"https:\/\/wp-dev.daten.cool\/wp-content\/uploads\/1994\/02\/Polizeiliche-Todesschuesse-1993-3.png 861w, https:\/\/wp-dev.daten.cool\/wp-content\/uploads\/1994\/02\/Polizeiliche-Todesschuesse-1993-3-300x219.png 300w, https:\/\/wp-dev.daten.cool\/wp-content\/uploads\/1994\/02\/Polizeiliche-Todesschuesse-1993-3-768x560.png 768w\" sizes=\"auto, (max-width: 861px) 100vw, 861px\" \/><\/a><\/p>\n<p>&nbsp;<\/p>\n<h6>1 B\u00fcrgerrechte &amp; Polizei\/CILIP 44 (1\/93)<\/h6>\n<h6>2 BT-Drs. 12\/6690 v. 28.1.94<\/h6>\n<h6>3 die tageszeitung v. 2.7.93, Der Spiegel v. 5.7.93<\/h6>\n<h6>4 Berliner Morgenpost v. 21.11.93<\/h6>\n<h6>5 Berliner Zeitung v. 18.2.94<\/h6>\n<h6>6 vgl. Der Spiegel, Ausgaben Juli 93 &#8211; Januar 94<\/h6>\n<h6>7 alle Angaben nach telefonischer Auskunft der Staatsanwaltschaft beim Landgericht Dessau v. 23.2.94<\/h6>\n<h6>8 B\u00fcrgerrechte &amp; Polizei\/CILIP 44 (1\/93)<\/h6>\n","protected":false},"excerpt":{"rendered":"<p>von Otto Diederichs Im zur\u00fcckliegenden Jahr verstarben an den Folgen eines Polizeischusses (zweifelsfrei) 15 Personen.<\/p>\n","protected":false},"author":2,"featured_media":0,"comment_status":"open","ping_status":"open","sticky":false,"template":"","format":"standard","meta":{"footnotes":""},"categories":[53,147],"tags":[774,820,1094,1437],"class_list":["post-3700","post","type-post","status-publish","format-standard","hentry","category-cilip-047","category-polizeiliche-todesschuesse","tag-innenministerkonferenz","tag-justiz","tag-polizei","tag-todesschuesse"],"_links":{"self":[{"href":"https:\/\/wp-dev.daten.cool\/index.php?rest_route=\/wp\/v2\/posts\/3700","targetHints":{"allow":["GET"]}}],"collection":[{"href":"https:\/\/wp-dev.daten.cool\/index.php?rest_route=\/wp\/v2\/posts"}],"about":[{"href":"https:\/\/wp-dev.daten.cool\/index.php?rest_route=\/wp\/v2\/types\/post"}],"author":[{"embeddable":true,"href":"https:\/\/wp-dev.daten.cool\/index.php?rest_route=\/wp\/v2\/users\/2"}],"replies":[{"embeddable":true,"href":"https:\/\/wp-dev.daten.cool\/index.php?rest_route=%2Fwp%2Fv2%2Fcomments&post=3700"}],"version-history":[{"count":0,"href":"https:\/\/wp-dev.daten.cool\/index.php?rest_route=\/wp\/v2\/posts\/3700\/revisions"}],"wp:attachment":[{"href":"https:\/\/wp-dev.daten.cool\/index.php?rest_route=%2Fwp%2Fv2%2Fmedia&parent=3700"}],"wp:term":[{"taxonomy":"category","embeddable":true,"href":"https:\/\/wp-dev.daten.cool\/index.php?rest_route=%2Fwp%2Fv2%2Fcategories&post=3700"},{"taxonomy":"post_tag","embeddable":true,"href":"https:\/\/wp-dev.daten.cool\/index.php?rest_route=%2Fwp%2Fv2%2Ftags&post=3700"}],"curies":[{"name":"wp","href":"https:\/\/api.w.org\/{rel}","templated":true}]}}