{"id":3735,"date":"1993-12-24T22:19:54","date_gmt":"1993-12-24T22:19:54","guid":{"rendered":"http:\/\/www.cilip.de\/?p=3735"},"modified":"1993-12-24T22:19:54","modified_gmt":"1993-12-24T22:19:54","slug":"redaktionelle-vorbemerkung-19","status":"publish","type":"post","link":"https:\/\/wp-dev.daten.cool\/?p=3735","title":{"rendered":"Redaktionelle Vorbemerkung"},"content":{"rendered":"<h3>von Otto Diederichs<\/h3>\n<p>In den letzten beiden Ausgaben hat sich B\u00fcrgerrechte &amp; Polizei\/CILIP aus-f\u00fchrlich mit Fragen des polizeilichen Umgangs mit dem wachsenden Rechts-radikalismus\/-extremismus sowie mit der Rolle der Polizei im Spannungsfeld der Ausl\u00e4nder- und Asylpolitik besch\u00e4ftigt. An der dort beschriebenen Situation hat sich in der Zwischenzeit zwar nichts ge\u00e4ndert, dennoch m\u00fcssen wir uns mit dem nun vorliegenden Heft wieder anderen Fragen zuwenden. Au\u00dferhalb des jeweiligen Schwerpunktes wird uns das Thema aber auch in den kommenden Ausgaben immer wieder besch\u00e4ftigen (m\u00fcssen).<!--more--><\/p>\n<h4>Zum Schwerpunkt:<\/h4>\n<p>Nach den umfassenden Strukturreformen in den 70er Jahren steht der deutschen Polizei ggw. unter dem Schlagwort &#8222;Polizei 2000&#8220; eine neuerliche Strukturreform ins Haus. Die Notwendigkeit dieses ebenso umfangreichen wie ehrgeizigen Projektes ist weitgehend unstrittig und wurde am 22.5.92 von der Innenministerkonferenz grunds\u00e4tzlich anerkannt und beschlossen.\u00a0 <!--more-->Wichtigstes Element dieser Reform ist die Einf\u00fchrung der &#8218;Zweigeteilten Laufbahn&#8216; unter Wegfall des mittleren Dienstes als bisherige Einstiegslaufbahn in den Polizeiberuf. Dies erfordert u.a. schon aus beamtenrechtlichen Gr\u00fcnden eine qualifiziertere Ausbildung der k\u00fcnftigen PolizeibeamtInnen. Dies reichte allein schon aus, sich die ggw. Polizeiausbildung einmal etwas genauer anzusehen.<\/p>\n<p>Hinzu kommt jedoch ein weiterer, f\u00fcr die B\u00fcrgerInnen erheblich bedeutenderer Umstand. Nach jahrelangen Problemen in der Nachwuchswerbung hat sich die Situation nun umgekehrt, und die Polizei konnte bei den BewerberInnen &#8218;aus dem Vollen sch\u00f6pfen&#8216;. In s\u00e4mtlichen Bundesl\u00e4ndern sind die Ausbildungspl\u00e4tze nahezu vollst\u00e4ndig besetzt worden. Dieser Zustand wird sich voraussichtlich noch einige Zeit halten, denn, so ein nieders\u00e4chsischer Polizeisprecher, &#8222;wenn es der Wirtschaft schlecht geht, geht es der Polizei gut.&#8220; Bedenkt man dabei auch die innenpolitische Stimmungslage, l\u00e4\u00dft sich sagen, da\u00df eine Vielzahl der k\u00fcnftigen Polizeisch\u00fclerInnen einen eher rechtsorientierten Hintergrund haben wird. W\u00e4hrend dies in anderen Berufen in erster Linie ein Problem f\u00fcr die KollegInnen werden kann, wird es im Sicherheitsbereich zu einem gesamtgesellschaftlichen, das in hohem Ma\u00dfe im Rahmen der Ausbildung aufgefangen werden m\u00fc\u00dfte.<\/p>\n<p>Darauf angesprochen, erkennen Polizeivertreter das Problem zwar grunds\u00e4tzlich an, zeigen ansonsten jedoch \u00fcberwiegend eine erschreckende Naivit\u00e4t beim Umgang mit dem Thema. Auch dies war ein Grund, sich mit der Polizeiausbildung wieder einmal\u00a0 intensiver zu besch\u00e4ftigen. Ein wichtiger Aspekt hierbei, die &#8218;Politische Bildung&#8216; bei der Polizei, mu\u00dfte allerdings ausgeklammert bleiben. Einerseits waren aussagekr\u00e4ftige Materialien zu diesem Bereich nicht zu beschaffen und andererseits auch keine AutorInnen zu finden, von denen verwertbare Informationen au\u00dferhalb der \u00fcblichen Polizeipropaganda zu erwarten gewesen w\u00e4ren. B\u00fcrgerrechte &amp; Polizei\/CILIP wird sich bem\u00fchen, dies in einer der n\u00e4chsten Ausgaben nachzuholen.<\/p>\n<p>In der n\u00e4chsten Ausgabe (erscheint Ende M\u00e4rz 1994) wird B\u00fcrgerrechte &amp; Polizei\/CILIP die Frage der Struktur- und Organisationsver\u00e4nderungen in der deutschen Polizei weiterverfolgen. Als erstes werden wir dabei den Bun-desgrenzschutz, der mit den UNO-Eins\u00e4tzen in Namibia, Kambodscha und der Westsahara seine ersten Auslandseins\u00e4tze hinter sich hat, einmal genauer betrachten.<\/p>\n<h5>Otto Diederichs ist Redakteur und Mit-herausgeber von B\u00fcrgerrechte &amp; Poli-zei\/CILIP<\/h5>\n","protected":false},"excerpt":{"rendered":"<p>von Otto Diederichs In den letzten beiden Ausgaben hat sich B\u00fcrgerrechte &amp; Polizei\/CILIP aus-f\u00fchrlich mit<\/p>\n","protected":false},"author":2,"featured_media":0,"comment_status":"open","ping_status":"open","sticky":false,"template":"","format":"standard","meta":{"footnotes":""},"categories":[52,141],"tags":[],"class_list":["post-3735","post","type-post","status-publish","format-standard","hentry","category-cilip-046","category-editorials"],"_links":{"self":[{"href":"https:\/\/wp-dev.daten.cool\/index.php?rest_route=\/wp\/v2\/posts\/3735","targetHints":{"allow":["GET"]}}],"collection":[{"href":"https:\/\/wp-dev.daten.cool\/index.php?rest_route=\/wp\/v2\/posts"}],"about":[{"href":"https:\/\/wp-dev.daten.cool\/index.php?rest_route=\/wp\/v2\/types\/post"}],"author":[{"embeddable":true,"href":"https:\/\/wp-dev.daten.cool\/index.php?rest_route=\/wp\/v2\/users\/2"}],"replies":[{"embeddable":true,"href":"https:\/\/wp-dev.daten.cool\/index.php?rest_route=%2Fwp%2Fv2%2Fcomments&post=3735"}],"version-history":[{"count":0,"href":"https:\/\/wp-dev.daten.cool\/index.php?rest_route=\/wp\/v2\/posts\/3735\/revisions"}],"wp:attachment":[{"href":"https:\/\/wp-dev.daten.cool\/index.php?rest_route=%2Fwp%2Fv2%2Fmedia&parent=3735"}],"wp:term":[{"taxonomy":"category","embeddable":true,"href":"https:\/\/wp-dev.daten.cool\/index.php?rest_route=%2Fwp%2Fv2%2Fcategories&post=3735"},{"taxonomy":"post_tag","embeddable":true,"href":"https:\/\/wp-dev.daten.cool\/index.php?rest_route=%2Fwp%2Fv2%2Ftags&post=3735"}],"curies":[{"name":"wp","href":"https:\/\/api.w.org\/{rel}","templated":true}]}}