{"id":3744,"date":"1993-08-24T22:27:34","date_gmt":"1993-08-24T22:27:34","guid":{"rendered":"http:\/\/www.cilip.de\/?p=3744"},"modified":"1993-08-24T22:27:34","modified_gmt":"1993-08-24T22:27:34","slug":"neues-mitglied-im-interpol-exekutivkomitee-aus-dem-folterkeller-zum-amerikanischen-delegierten","status":"publish","type":"post","link":"https:\/\/wp-dev.daten.cool\/?p=3744","title":{"rendered":"Neues Mitglied im Interpol-Exekutivkomitee &#8211; aus dem Folterkeller zum amerikanischen Delegierten"},"content":{"rendered":"<h3>von Heiner Busch und Helmut Dietrich<\/h3>\n<p>Anfang Oktober fand auf der zu den niederl\u00e4ndischen Antillen geh\u00f6renden Karibik-Insel Arruba die Generalversammlung der &#8218;Internationalen Kriminalpolizeilichen Organisation&#8216; (IKPO) &#8211; besser bekannt unter ihrem K\u00fcrzel &#8218;Interpol&#8216; &#8211; statt, bei der u.a. einige neue Mitglieder des 14-k\u00f6pfigen Exekutivkomitees gew\u00e4hlt wurden. Mit Nelson Mery Figeroa, dem Chef der chilenischen Kriminalpolizei, wurde dabei eine Person in das Komitee berufen, die w\u00e4hrend der Diktatur an Folterungen und Verschleppungen beteiligt gewesen ist.<\/p>\n<p>W\u00e4hrend der Regierung Allende stand Mery noch in dem Ruf, der &#8218;Unidad Popular&#8216; nahezustehen. Nach dem Putsch aber schienen sich f\u00fcr ihn die Zeiten gewandelt zu haben. Vertreter\/Innen chilenischer Menschenrechtsorganisationen und ehemalige politische Gefangene geben an, Mery sei eine der Schl\u00fcsselfiguren f\u00fcr die Organisation der Repression in der Region Linares gewesen, deren Kriminalpolizei er seinerzeit leitete.<!--more--><\/p>\n<h4>Merys Grill<\/h4>\n<p>In dieser Funktion organisierte er im Verbund mit der ber\u00fcchtigten Geheim-polizei &#8218;DINA&#8216; und dem milit\u00e4rischen Geheimdienst die Verhaftung von Gewerkschaftler\/Innen und Linken, die dann in den Kellern der Artillerieschule von Linares inhaftiert wurden. Seine Beteiligung an den dortigen Folterungen wurde bereits in einer Ende 1992 herausgegebenen Dokumentation des &#8218;Comit\u00e9 de defensa de los derechos del pueblo&#8216; (CODEPU) benannt und wird nun unter dem Titel &#8222;Merys Grill&#8220; erneut in der September-Ausgabe von Punto Final herausgestellt.<\/p>\n<p>In den meisten Berichten der Opfer wird Mery nicht als der unmittelbare Folterer bezeichnet. Er bestimmte allerdings, wer verhaftet und wer gefoltert wurde. Im Zusammenhang mit den Folterungen selbst nahm er vor allem die Rolle des &#8218;Guten&#8216; ein, der selbst keine Gewalt anwendete, sondern nach der Folter den Weg zu Kooperation und zur Aussage ebnen sollte. &#8222;Mery war der Ideologe w\u00e4hrend der Folter und des Verh\u00f6rs. Er war immer vor dem Folterraum, aber er entschied, wann der Zeitpunkt gekommen war, an dem die Folter beendet und die Kooperation versucht wurde&#8220;, so Solidia Leiva von der &#8218;Vereinigung der Familienangeh\u00f6rigen von Verschwundenen&#8216;. Silvia Sep\u00falveda, in den 70er Jahren Vorsitzende der Bauerngewerkschaft &#8218;Luciano Cruz&#8216;, und in Linares gefangen und gefoltert, beschreibt, da\u00df Mery den Gefangenen klarzumachen versuchte, da\u00df weiteres Schweigen sinnlos sei. &#8222;Mery hat mir gesagt, ich solle alles sagen, was ich wei\u00df, dann w\u00fcrde ich schnell freigelassen.&#8220;<\/p>\n<p>Frau Sep\u00falveda berichtet weiter, da\u00df sie sah, wie Mery den Gefangenen Alejandro Mella dazu bringen wollte, eine Erkl\u00e4rung \u00fcber seine Freilassung zu unterschreiben. Gefangene, die eine solche Erkl\u00e4rung unterschrieben, wurden anschlie\u00dfend h\u00e4ufig sofort umgebracht. Derartige Dokumente geh\u00f6rten ins feste Repertoire der Verschleppung: So konnte die Polizei ihre H\u00e4nde in Unschuld waschen, da sie nachweisen konnte, den Gefangenen freigelassen zu haben.<\/p>\n<h4>Ahnungslose Interpol?<\/h4>\n<p>Sicher wird man nicht annehmen k\u00f6nnen, da\u00df s\u00e4mtliche Delegierte der Interpol-Generalversammlung \u00fcber die Rolle des chilenischen Kripo-Chefs informiert waren. Vollst\u00e4ndige Unkenntnis d\u00fcrfte aber kaum einer f\u00fcr sich beanspruchen k\u00f6nnen. Dies gilt um so mehr, als die Teilnehmer der Generalversammlung gegen\u00fcber einem Sicherheitsbeamten aus der Zeit der chilenischen Diktatur generell h\u00e4tten Vorsicht an den Tag legen m\u00fcssen. Angesichts der Tatsache, da\u00df sich die Organisation in Artikel 2 ihrer Statuten ausdr\u00fccklich auf die Erkl\u00e4rung der Menschenrechte bezieht, kann eine solche Wahl nicht als Kleinigkeit gewertet werden. Die Versuche, Folterer und andere Verantwortliche f\u00fcr schwerste Menschenrechtsverletzungen durch Amnestien vor einer Verurteilung zu bewahren, das Beharren der Milit\u00e4rs auf einer Teilhabe an der Macht im Land, sind in allen seri\u00f6sen Zeitungen nachzulesen. Mit der Wahl Mery Figeroas in eine Schl\u00fcsselposition beteiligt sich die Interpol-Ge-neralversammlung an der nachtr\u00e4glichen Rechtfertigung der Menschenrechts-verletzungen w\u00e4hrend der Diktatur.<\/p>\n<p>Die nach Kontinenten gew\u00e4hlten Delegierten sollen vor allem die polizeiliche Zusammenarbeit in ihrer Region bef\u00f6rdern &#8211; ein Vorhaben, das Interpol seit den 80er Jahren verst\u00e4rkt betrieben hat. Als einer von zwei Delegierten \u00fcbernimmt Mery f\u00fcr Amerika im Exekutivkomitee eine bedeutende Position in der einzigen weltweiten Polizeiorganisation, der mittlerweile \u00fcber 170 L\u00e4nder angeh\u00f6ren. Das Exekutivkomitee von Interpol hat die Aufgabe, die Arbeit des Generalsekretariats in Lyon zu \u00fcberwachen. Auch hierf\u00fcr scheint Mery kaum der geeignete Mann zu sein, denn auch unabh\u00e4ngig von seiner Rolle w\u00e4hrend der Milit\u00e4rdiktatur des General Pinochet ist er &#8211; heute h\u00f6chster Kriminalbeamter Chiles &#8211; eine durchaus beachtenswerte Person f\u00fcr die Herren von Interpol. So ver\u00f6ffentlichte z.B. die chilenische Zeitschrift &#8218;Apsi&#8216; im vergangenen Jahr einen l\u00e4ngeren Bericht \u00fcber den Drogenhandel in Chile. Darin findet sich auch ein Foto, das ihn in einer freundlichen Begr\u00fc-\u00dfungsszene mit Cabro Carrera zeigt. Der Handschlag der beiden, so betont das Blatt, sei keineswegs ein Einzelfall gewesen. Carreras Name steht in Chile f\u00fcr Drogenhandel, illegales Gl\u00fccksspiel und andere Delikte, die Hans-Ludwig Zachert, Pr\u00e4sident des Bundeskriminalamtes und ebenfalls neu gek\u00fcrtes Mitglied des Interpol-Exekutivkomitees, hierzulande sonst mit dem Titel &#8222;organisierte Kriminalit\u00e4t&#8220; kennzeichnet.<\/p>\n<h5>Heiner Busch ist Redaktionsmitglied von B\u00fcrgerrechte &amp; Polizei\/CILIP; Helmut Dietrich ist Gesch\u00e4ftsf\u00fchrer des Berliner &#8218;Forschungs- und Dokumentationszentrums Chile-Lateinamerika&#8216; (FDCL)<\/h5>\n<h6>Mit Fu\u00dfnoten im <a href=\"http:\/\/archiv.cilip.de\/Hefte\/CILIP_046.pdf\">PDF der Gesamtausgabe<\/a>.<\/h6>\n","protected":false},"excerpt":{"rendered":"<p>von Heiner Busch und Helmut Dietrich Anfang Oktober fand auf der zu den niederl\u00e4ndischen Antillen<\/p>\n","protected":false},"author":2,"featured_media":0,"comment_status":"open","ping_status":"open","sticky":false,"template":"","format":"standard","meta":{"footnotes":""},"categories":[152,52],"tags":[],"class_list":["post-3744","post","type-post","status-publish","format-standard","hentry","category-artikel","category-cilip-046"],"_links":{"self":[{"href":"https:\/\/wp-dev.daten.cool\/index.php?rest_route=\/wp\/v2\/posts\/3744","targetHints":{"allow":["GET"]}}],"collection":[{"href":"https:\/\/wp-dev.daten.cool\/index.php?rest_route=\/wp\/v2\/posts"}],"about":[{"href":"https:\/\/wp-dev.daten.cool\/index.php?rest_route=\/wp\/v2\/types\/post"}],"author":[{"embeddable":true,"href":"https:\/\/wp-dev.daten.cool\/index.php?rest_route=\/wp\/v2\/users\/2"}],"replies":[{"embeddable":true,"href":"https:\/\/wp-dev.daten.cool\/index.php?rest_route=%2Fwp%2Fv2%2Fcomments&post=3744"}],"version-history":[{"count":0,"href":"https:\/\/wp-dev.daten.cool\/index.php?rest_route=\/wp\/v2\/posts\/3744\/revisions"}],"wp:attachment":[{"href":"https:\/\/wp-dev.daten.cool\/index.php?rest_route=%2Fwp%2Fv2%2Fmedia&parent=3744"}],"wp:term":[{"taxonomy":"category","embeddable":true,"href":"https:\/\/wp-dev.daten.cool\/index.php?rest_route=%2Fwp%2Fv2%2Fcategories&post=3744"},{"taxonomy":"post_tag","embeddable":true,"href":"https:\/\/wp-dev.daten.cool\/index.php?rest_route=%2Fwp%2Fv2%2Ftags&post=3744"}],"curies":[{"name":"wp","href":"https:\/\/api.w.org\/{rel}","templated":true}]}}