{"id":3845,"date":"1992-12-26T11:59:36","date_gmt":"1992-12-26T11:59:36","guid":{"rendered":"http:\/\/www.cilip.de\/?p=3845"},"modified":"1992-12-26T11:59:36","modified_gmt":"1992-12-26T11:59:36","slug":"redaktionelle-vorbemerkung-20","status":"publish","type":"post","link":"https:\/\/wp-dev.daten.cool\/?p=3845","title":{"rendered":"Redaktionelle Vorbemerkung"},"content":{"rendered":"<h3>von Otto Diederichs<\/h3>\n<p>Erstmalig erscheint B\u00fcrgerrechte &amp; Polizei\/CILIP mit seiner dritten Ausgabe in diesem Jahr fr\u00fcher als gewohnt. Da es in der zur\u00fcckliegenden Zeit immer wieder zu Schwierigkeiten und Verz\u00f6gerungen in der Auslieferung kam, weil die Versandtermine regelm\u00e4\u00dfig in den Weihnachtsbetrieb der Post gerieten, haben wir das dritte Heft des Jahrganges etwas vorgezogen. So hoffen wir, dem Weihnachtstrubel k\u00fcnftig zu entgehen und damit im Interesse unserer LeserInnen zugleich noch ein St\u00fcck &#8218;kundenfreundlicher&#8216; zu werden.<!--more--><\/p>\n<h4>Zum Schwerpunkt:<\/h4>\n<p>Einer Studie des &#8218;National Institut of Justice&#8216; zufolge waren in den USA im vergangenen Jahr mit insgesamt ca. eineinhalb Millionen mehr als doppelt so viele Menschen bei privaten Sicherheitsdiensten besch\u00e4ftigt wie bei der Poli-zei (ca. 600.000).<\/p>\n<p>Von solchen Verh\u00e4ltnissen ist die Bundesrepublik noch weit entfernt (z.Zt. ca. 200.000 Private und ca. 250.000 Polizeibeamte ), doch auch bei uns treten die Privaten seit Jahren im \u00f6ffentlichen Leben immer mehr in Erscheinung. Ihren Markt finden sie \u00fcberall da, wo die Polizei in den immer komplexer werdenden modernen Staaten zwangsl\u00e4ufig nicht mehr in der Lage ist, s\u00e4mtlichen notwendigen &#8211; geschweige denn den vermeintlichen &#8211; Sicherheitsbed\u00fcrfnissen der Bev\u00f6lkerung gerecht zu werden &#8211; es sei denn um den Preis des Polizeistaates.<\/p>\n<p>Anders als sonst verzichtet dieses Heft darauf, auch die Situation in anderen L\u00e4ndern zu betrachten. F\u00fcr die USA, Gro\u00dfbritannien und Frankreich liegen zu diesem Thema ausreichend Informationen vor (siehe S. 85) &#8211; ganz im Gegensatz zur Bundesrepublik. Aus diesem Grund beschr\u00e4nkt sich B\u00fcrgerrechte &amp; Polizei\/CILIP diesmal (abgesehen von einem bemerkenswerten Schlaglicht aus Lateinamerika) ganz auf die deutsche Situation und versucht, m\u00f6glichst viele gesicherte Informationen f\u00fcr eine Diskussion um die \u00dcbertragung von &#8218;Sicherheit&#8216; auf private Dienste zur Verf\u00fcgung zu stellen. Eine Diskussion, die derzeit immer absurder zu werden beginnt, etwa, wenn &#8211; wie im vergangenen Sommer in Berlin geschehen &#8211; allen Ernstes der private Sheriff in \u00f6ffentlichen Schwimmb\u00e4dern propagiert (und probeweise vereinzelt eingesetzt) wird.<\/p>\n<p>In der n\u00e4chsten Ausgabe (erscheint Ende M\u00e4rz) wird sich B\u00fcrgerrechte &amp; Polizei\/CILIP aus aktuellem Anla\u00df mit den rapide zunehmenden rassistisch motivierten Gewalttaten gegen Ausl\u00e4nder befassen und nach den von der Polizei entwickelten Gegenkonzepten fragen. Aus diesem Grund wurden denn auch bei der Chronologie (S. 76) nur die &#8218;herausragendsten&#8216; Ereignisse aufgef\u00fchrt.<\/p>\n<h5>Otto Diederichs ist Redakteur und Mitherausgeber von B\u00fcrgerrechte &amp; Polizei\/CILIP.<\/h5>\n","protected":false},"excerpt":{"rendered":"<p>von Otto Diederichs Erstmalig erscheint B\u00fcrgerrechte &amp; Polizei\/CILIP mit seiner dritten Ausgabe in diesem Jahr<\/p>\n","protected":false},"author":2,"featured_media":0,"comment_status":"open","ping_status":"open","sticky":false,"template":"","format":"standard","meta":{"footnotes":""},"categories":[49,141],"tags":[],"class_list":["post-3845","post","type-post","status-publish","format-standard","hentry","category-cilip-043","category-editorials"],"_links":{"self":[{"href":"https:\/\/wp-dev.daten.cool\/index.php?rest_route=\/wp\/v2\/posts\/3845","targetHints":{"allow":["GET"]}}],"collection":[{"href":"https:\/\/wp-dev.daten.cool\/index.php?rest_route=\/wp\/v2\/posts"}],"about":[{"href":"https:\/\/wp-dev.daten.cool\/index.php?rest_route=\/wp\/v2\/types\/post"}],"author":[{"embeddable":true,"href":"https:\/\/wp-dev.daten.cool\/index.php?rest_route=\/wp\/v2\/users\/2"}],"replies":[{"embeddable":true,"href":"https:\/\/wp-dev.daten.cool\/index.php?rest_route=%2Fwp%2Fv2%2Fcomments&post=3845"}],"version-history":[{"count":0,"href":"https:\/\/wp-dev.daten.cool\/index.php?rest_route=\/wp\/v2\/posts\/3845\/revisions"}],"wp:attachment":[{"href":"https:\/\/wp-dev.daten.cool\/index.php?rest_route=%2Fwp%2Fv2%2Fmedia&parent=3845"}],"wp:term":[{"taxonomy":"category","embeddable":true,"href":"https:\/\/wp-dev.daten.cool\/index.php?rest_route=%2Fwp%2Fv2%2Fcategories&post=3845"},{"taxonomy":"post_tag","embeddable":true,"href":"https:\/\/wp-dev.daten.cool\/index.php?rest_route=%2Fwp%2Fv2%2Ftags&post=3845"}],"curies":[{"name":"wp","href":"https:\/\/api.w.org\/{rel}","templated":true}]}}