{"id":3904,"date":"1992-09-26T13:36:19","date_gmt":"1992-09-26T13:36:19","guid":{"rendered":"http:\/\/www.cilip.de\/?p=3904"},"modified":"1992-09-26T13:36:19","modified_gmt":"1992-09-26T13:36:19","slug":"schwarze-kaefer-bei-der-gsg-9-tuerkische-anti-terror-einheiten-und-die-luegen-des-herrn-spranger","status":"publish","type":"post","link":"https:\/\/wp-dev.daten.cool\/?p=3904","title":{"rendered":"&#8222;Schwarze K\u00e4fer&#8220; bei der GSG 9 T\u00fcrkische Anti-Terror-Einheiten und die L\u00fcgen des Herrn Spranger"},"content":{"rendered":"<p>Im M\u00e4rz 1992 sperrte die Bundesregierung die weitere Lieferung von NVA-Panzern an die T\u00fcrkei im Rahmen der NATO-Verteidigungshilfe. Grund: das W\u00fcten t\u00fcrkischer Spezialeinheiten unter der kurdischen Bev\u00f6lkerung. Da\u00df die Entscheidung der Bundesregierung beim t\u00fcrkischen Partner Erstaunen hervorrief, ist nicht verwunderlich. Hat doch die Bundesregierung jahrelang t\u00fcrkische Spezialeinheiten bei der Sondereinheit des Bundesgrenzschutzes, GSG 9 ausbilden lassen.<!--more--><\/p>\n<p>Am 1.2.1987 ver\u00f6ffentlichte die Zeitung &#8222;Terc\u00fcman&#8220; einen Artikel, in dem es u.a. hie\u00df: &#8222;W\u00e4hrend unseres langen Gespr\u00e4chs mit Hauptmann Weygold erw\u00e4hnte er die enge Zusammenarbeit mit der T\u00fcrkei. Weygold erw\u00e4hnte, da\u00df im vergangenen Jahr hier zwei Kommandoeinheiten der Gendarmerie ausgebildet worden seien und fuhr fort: &#8218;Aus der Zusammenarbeit erzielen wir sehr gute Ergebnisse&#8216;. (&#8230;)&#8220;<\/p>\n<p>Sowohl vor als auch nach dem Bericht wurde diese Zusammenarbeit von der Bundesregierung bestritten. 1986 hatte der parlamentarische Staatssekret\u00e4r im Verteidigungsministerium erkl\u00e4rt, eine in dieser Anfrage genannte t\u00fcrkische Sondereinheit &#8222;Schwarze K\u00e4fer&#8220; nicht einmal aus der &#8222;\u00fcberregionalen, seri\u00f6sen deutschen Presse&#8220; zu kennen. Eine Ausbildung dieser Sondereinheit bei der GSG 9 sei &#8211; auch im Jahre 1984, nach dem konkret gefragt worden war &#8211; nicht erfolgt.1 Auch eine Kleine Anfrage des Abgeordneten Emmerlich (SPD) wurde vom damaligen Staatssekret\u00e4r im Bundesinnenministerium (BMI) und heutigen Minister f\u00fcr wirtschaftliche Zusammenarbeit, Carl-Dieter Spranger (CSU), mit einem klaren &#8222;Nein&#8220; beschieden.2 Schlie\u00dflich bleibt auch in den Vorlagen des BMI an den Innenausschu\u00df zum Thema polizeiliche Ausbildungshilfe die Ausbildung t\u00fcrkischer Einheiten bei der GSG 9 unerw\u00e4hnt.<\/p>\n<p>Um so verwunderlicher ist es, da\u00df der Nachfolger Sprangers im BMI, Eduard Lintner (CSU), offensichtlich das L\u00fcgen vergessen hat oder es einfach leid war. Auf Anfrage des MdB Lambinus (SPD) erkl\u00e4rt er am 8.5.1991, da\u00df 1981 sieben Beamte der Gendarmerie, 1983 zwei Beamte der Gendarmerie und zwei Beamte der Landstreitkr\u00e4fte, 1984 vier Beamte der Generaldirektion f\u00fcr Sicherheit und 1986 wiederum drei Beamte der Gendarmerie an Ausbildungsveranstaltungen der GSG 9 teilnahmen. &#8222;Der Schwerpunkt lag in polizeilichen Taktiken und Techniken beim Vorgehen gegen terroristische Gewaltt\u00e4ter.&#8220;3<\/p>\n<h5>Heiner Busch ist Redaktionsmitglied und Mitherausgeber von B\u00fcrgerrechte &amp; Polizei\/CILIP<\/h5>\n<h6>1 Drs. 10\/ 5919 v. 12.8.1986<br \/>\n2 Plenarprotokoll 11\/60, v. 24.2.1988, S. 4149<br \/>\n3 Innere Sicherheit Nr.3 v. 12.7.1991<\/h6>\n","protected":false},"excerpt":{"rendered":"<p>Im M\u00e4rz 1992 sperrte die Bundesregierung die weitere Lieferung von NVA-Panzern an die T\u00fcrkei im<\/p>\n","protected":false},"author":9,"featured_media":0,"comment_status":"open","ping_status":"open","sticky":false,"template":"","format":"standard","meta":{"footnotes":""},"categories":[152,48],"tags":[],"class_list":["post-3904","post","type-post","status-publish","format-standard","hentry","category-artikel","category-cilip-042"],"_links":{"self":[{"href":"https:\/\/wp-dev.daten.cool\/index.php?rest_route=\/wp\/v2\/posts\/3904","targetHints":{"allow":["GET"]}}],"collection":[{"href":"https:\/\/wp-dev.daten.cool\/index.php?rest_route=\/wp\/v2\/posts"}],"about":[{"href":"https:\/\/wp-dev.daten.cool\/index.php?rest_route=\/wp\/v2\/types\/post"}],"author":[{"embeddable":true,"href":"https:\/\/wp-dev.daten.cool\/index.php?rest_route=\/wp\/v2\/users\/9"}],"replies":[{"embeddable":true,"href":"https:\/\/wp-dev.daten.cool\/index.php?rest_route=%2Fwp%2Fv2%2Fcomments&post=3904"}],"version-history":[{"count":0,"href":"https:\/\/wp-dev.daten.cool\/index.php?rest_route=\/wp\/v2\/posts\/3904\/revisions"}],"wp:attachment":[{"href":"https:\/\/wp-dev.daten.cool\/index.php?rest_route=%2Fwp%2Fv2%2Fmedia&parent=3904"}],"wp:term":[{"taxonomy":"category","embeddable":true,"href":"https:\/\/wp-dev.daten.cool\/index.php?rest_route=%2Fwp%2Fv2%2Fcategories&post=3904"},{"taxonomy":"post_tag","embeddable":true,"href":"https:\/\/wp-dev.daten.cool\/index.php?rest_route=%2Fwp%2Fv2%2Ftags&post=3904"}],"curies":[{"name":"wp","href":"https:\/\/api.w.org\/{rel}","templated":true}]}}