{"id":3954,"date":"1992-02-26T14:27:19","date_gmt":"1992-02-26T14:27:19","guid":{"rendered":"http:\/\/www.cilip.de\/?p=3954"},"modified":"1992-02-26T14:27:19","modified_gmt":"1992-02-26T14:27:19","slug":"toedlicher-schusswaffeneinsatz-1991","status":"publish","type":"post","link":"https:\/\/wp-dev.daten.cool\/?p=3954","title":{"rendered":"T\u00f6dlicher Schu\u00dfwaffeneinsatz 1991"},"content":{"rendered":"<h3>von Otto Diederichs<\/h3>\n<p><strong>Die CILIP-Statistik der t\u00f6dlich verlaufenen polizeilichen Schu\u00dfwaffeneins\u00e4tze des letzten Jahres war noch in alte und neue Bundesl\u00e4nder aufgeteilt. Diesmal liegt nun auch hier die erste gesamtdeutsche \u00dcbersicht vor: danach starben 1991 insgesamt neun Menschen an den Folgen polizeilichen Schu\u00dfwaffeneinsatzes.<\/strong><\/p>\n<p>Nicht in die Auswertung aufgenommen, allerdings erw\u00e4hnenswert, ist ein Vorfall vom September 1991. Zwar handelt es sich auch hierbei um einen Polizeieinsatz, der Todessch\u00fctze war jedoch ein in den Einsatz einbezogener Privatdetektiv. Nach den wenigen bekannten Informationen hatte dieser die Polizei von einem Kaufhauseinbruch informiert. Beim Eintreffen konnte die Polizei einen tatverd\u00e4chtigen Mann festnehmen. Anschlie\u00dfend begaben sich ein Beamter und der Detektiv in das Kaufhaus, um nach weiteren Einbrechern zu suchen. Laut Polizeimitteilung gab der Detektiv im Verlauf dieser Suche den t\u00f6dlichen Schu\u00df auf einen zweiten Einbrecher ab. Warum sich der Detektiv bewaffnet am Tatort aufgehalten hatte und an der Durchsuchung des Kaufhauses beteiligt worden war, wurde nicht mitgeteilt.1<!--more--><\/p>\n<h4>Nachtrag zur Statistik 1990<\/h4>\n<p>Die von der Innenministerkonferenz (IMK) herausgegebene &#8218;Statistik \u00fcber den Schu\u00dfwaffengebrauch der deutschen Polizei f\u00fcr das Jahr 1990&#8216; best\u00e4tigt unsere eigene Auswertung2. Dar\u00fcber hinaus weist sie weitere interessante Zahlen auf: Insgesamt wurden 1990 in den alten Bundesl\u00e4ndern 2.014 Polizeisch\u00fcsse abgegeben (die Zahlen f\u00fcr die ehemalige DDR fehlen); in 59 F\u00e4llen wurde dabei auf Personen geschossen. Neben den t\u00f6dlichen Sch\u00fcssen wurden in weiteren 36 F\u00e4llen Menschen verletzt.<\/p>\n<p>Interessant auch diese Zahlen: Nach IMK-Kriterien wurde unzul\u00e4ssiger Schu\u00dfwaffengebrauch gegen Personen f\u00fcnfmal registriert, in einem Fall war dabei eine Person verletzt worden.<\/p>\n<p><a href=\"http:\/\/www.cilip.de\/wp-content\/uploads\/1992\/02\/Polizeiliche-Todesschuesse-1991-1.png\"><img loading=\"lazy\" decoding=\"async\" class=\"aligncenter size-full wp-image-18374\" src=\"https:\/\/www.cilip.de\/wp-content\/uploads\/1992\/02\/Polizeiliche-Todesschuesse-1991-1.png\" alt=\"\" width=\"892\" height=\"582\" srcset=\"https:\/\/wp-dev.daten.cool\/wp-content\/uploads\/1992\/02\/Polizeiliche-Todesschuesse-1991-1.png 892w, https:\/\/wp-dev.daten.cool\/wp-content\/uploads\/1992\/02\/Polizeiliche-Todesschuesse-1991-1-300x196.png 300w, https:\/\/wp-dev.daten.cool\/wp-content\/uploads\/1992\/02\/Polizeiliche-Todesschuesse-1991-1-768x501.png 768w\" sizes=\"auto, (max-width: 892px) 100vw, 892px\" \/><\/a> <a href=\"http:\/\/www.cilip.de\/wp-content\/uploads\/1992\/02\/Polizeiliche-Todesschuesse-1991-2.png\"><img loading=\"lazy\" decoding=\"async\" class=\"aligncenter size-full wp-image-18375\" src=\"https:\/\/www.cilip.de\/wp-content\/uploads\/1992\/02\/Polizeiliche-Todesschuesse-1991-2.png\" alt=\"\" width=\"896\" height=\"585\" srcset=\"https:\/\/wp-dev.daten.cool\/wp-content\/uploads\/1992\/02\/Polizeiliche-Todesschuesse-1991-2.png 896w, https:\/\/wp-dev.daten.cool\/wp-content\/uploads\/1992\/02\/Polizeiliche-Todesschuesse-1991-2-300x196.png 300w, https:\/\/wp-dev.daten.cool\/wp-content\/uploads\/1992\/02\/Polizeiliche-Todesschuesse-1991-2-768x501.png 768w\" sizes=\"auto, (max-width: 896px) 100vw, 896px\" \/><\/a><\/p>\n<h6>1 FAZ v. 9.12.91<\/h6>\n<h6>2 vgl. B\u00fcrgerrechte &amp; Polizei\/CILIP 38, 1\/1991, S. 71<\/h6>\n","protected":false},"excerpt":{"rendered":"<p>von Otto Diederichs Die CILIP-Statistik der t\u00f6dlich verlaufenen polizeilichen Schu\u00dfwaffeneins\u00e4tze des letzten Jahres war noch<\/p>\n","protected":false},"author":2,"featured_media":0,"comment_status":"open","ping_status":"open","sticky":false,"template":"","format":"standard","meta":{"footnotes":""},"categories":[47,147],"tags":[774,820,1094,1437],"class_list":["post-3954","post","type-post","status-publish","format-standard","hentry","category-cilip-041","category-polizeiliche-todesschuesse","tag-innenministerkonferenz","tag-justiz","tag-polizei","tag-todesschuesse"],"_links":{"self":[{"href":"https:\/\/wp-dev.daten.cool\/index.php?rest_route=\/wp\/v2\/posts\/3954","targetHints":{"allow":["GET"]}}],"collection":[{"href":"https:\/\/wp-dev.daten.cool\/index.php?rest_route=\/wp\/v2\/posts"}],"about":[{"href":"https:\/\/wp-dev.daten.cool\/index.php?rest_route=\/wp\/v2\/types\/post"}],"author":[{"embeddable":true,"href":"https:\/\/wp-dev.daten.cool\/index.php?rest_route=\/wp\/v2\/users\/2"}],"replies":[{"embeddable":true,"href":"https:\/\/wp-dev.daten.cool\/index.php?rest_route=%2Fwp%2Fv2%2Fcomments&post=3954"}],"version-history":[{"count":0,"href":"https:\/\/wp-dev.daten.cool\/index.php?rest_route=\/wp\/v2\/posts\/3954\/revisions"}],"wp:attachment":[{"href":"https:\/\/wp-dev.daten.cool\/index.php?rest_route=%2Fwp%2Fv2%2Fmedia&parent=3954"}],"wp:term":[{"taxonomy":"category","embeddable":true,"href":"https:\/\/wp-dev.daten.cool\/index.php?rest_route=%2Fwp%2Fv2%2Fcategories&post=3954"},{"taxonomy":"post_tag","embeddable":true,"href":"https:\/\/wp-dev.daten.cool\/index.php?rest_route=%2Fwp%2Fv2%2Ftags&post=3954"}],"curies":[{"name":"wp","href":"https:\/\/api.w.org\/{rel}","templated":true}]}}