{"id":4049,"date":"1991-10-26T19:12:23","date_gmt":"1991-10-26T19:12:23","guid":{"rendered":"http:\/\/www.cilip.de\/?p=4049"},"modified":"1991-10-26T19:12:23","modified_gmt":"1991-10-26T19:12:23","slug":"redaktionelle-vorbemerkung-23","status":"publish","type":"post","link":"https:\/\/wp-dev.daten.cool\/?p=4049","title":{"rendered":"Redaktionelle Vorbemerkung"},"content":{"rendered":"<h3>von Otto Diederichs<\/h3>\n<p>W\u00e4hrend sich die LeserInnen von B\u00fcrgerrechte &amp; Polizei\/CILIP an diversen Str\u00e4nden oder in Stra\u00dfencaf\u00e9s langweilten, haben wir uns bem\u00fcht, recht-zeitig zum Ende der Urlaubssaison das neue Schwerpunktheft in die Briefk\u00e4sten zu bekommen. Damit zieht sich die Redaktion nun auch in den Urlaub zur\u00fcck.<!--more--><\/p>\n<h4>Zum Schwerpunkt:<\/h4>\n<p>Am 24. Juli hat sich das Bonner Kabinett \u00fcber die bis dahin noch strittigen Punkte des &#8222;Gesetzes zur Bek\u00e4mpfung des illegalen Rauschgifthandels und anderer Erscheinungsformen der organisierten Kriminalit\u00e4t&#8220; (OrgKG) geeinigt. Die Stellungnahme ist unterdessen an den Bundesrat \u00fcbersandt worden, so da\u00df das Gesetz in nicht allzu ferner Zukunft in Kraft gesetzt werden d\u00fcrfte. Damit zieht die Bundesregierung einen vorl\u00e4ufigen Schlu\u00dfstrich unter eine Debatte, die mittlerweile bereits in das dritte Jahrzehnt geht: Gibt es in der Bundesrepublik organisierte Kriminalit\u00e4t?<br \/>\nBlickt man in die Tagespresse, mu\u00df man diesen Eindruck wohl gewinnen. Kaum ein Tag vergeht noch, ohne da\u00df von irgendwelchen Verbrechen, Schiebereien oder sonstigen Vorg\u00e4ngen berichtet wird, die ohne viel Federlesens der &#8222;Organisierten Kriminalit\u00e4t&#8220; zugeordnet werden. Dringt man allerdings etwas tiefer in die Materie ein, so wird man feststellen, da\u00df die Meinungen dar\u00fcber, was unter &#8222;Organisierter Kriminalit\u00e4t&#8220; zu verstehen ist, recht vielf\u00e4ltig sind &#8211; was u.a. auch die Dauer des Streites erkl\u00e4rt. Im wesentlichen scheint die Einordnung von Kriminalit\u00e4t in die Kategorie &#8222;organisiert&#8220; eine Frage des eigenen Standortes und Blickwinkels zu sein. So ist denn auch dieses Schwerpunktheft ein recht kontroverses geworden.<\/p>\n<p>Zum anderen handelt es sich bei &#8222;Organisierter Kriminalit\u00e4t&#8220; in hohem Ma\u00dfe auch um einen politischen Kampfbegriff. Lauscht man so manchem Politiker, wenn er \u00fcber organisiertes Verbrechen schwadroniert, so kann man sich des Eindrucks schwer erwehren, da\u00df es einzig darum geht, die \u00c4ngste von Menschen zu instrumentalisieren, um darauf ein politisches S\u00fcppchen zu kochen.<br \/>\nDieses Schwerpunktheft soll deshalb einen Beitrag zur weiteren Debatte um die &#8222;Organisierte Kriminalit\u00e4t&#8220; leisten, denn zu Ende ist sie mit dem OrgKG sicherlich noch nicht &#8211; sie hat nur ihren vorl\u00e4ufigen Abschlu\u00df gefunden.<\/p>\n<p>Im Februar 1992 will auch die Bundesrepublik das sog. Schengener Abkommen endg\u00fcltig ratifizieren. Den Schwerpunkt der n\u00e4chsten Ausgabe von B\u00fcrgerrechte &amp; Polizei\/CILIP (erscheint Mitte Dezember) wird deshalb das zuk\u00fcnftige Europa bilden: Europa ohne Grenzen oder Festung Europa?<\/p>\n<h5>Otto Diederichs ist Redakteur und Mitherausgeber von B\u00fcrgerrechte &amp; Polizei\/CILIP.<\/h5>\n","protected":false},"excerpt":{"rendered":"<p>von Otto Diederichs W\u00e4hrend sich die LeserInnen von B\u00fcrgerrechte &amp; Polizei\/CILIP an diversen Str\u00e4nden oder<\/p>\n","protected":false},"author":2,"featured_media":0,"comment_status":"open","ping_status":"open","sticky":false,"template":"","format":"standard","meta":{"footnotes":""},"categories":[45,141],"tags":[],"class_list":["post-4049","post","type-post","status-publish","format-standard","hentry","category-cilip-039","category-editorials"],"_links":{"self":[{"href":"https:\/\/wp-dev.daten.cool\/index.php?rest_route=\/wp\/v2\/posts\/4049","targetHints":{"allow":["GET"]}}],"collection":[{"href":"https:\/\/wp-dev.daten.cool\/index.php?rest_route=\/wp\/v2\/posts"}],"about":[{"href":"https:\/\/wp-dev.daten.cool\/index.php?rest_route=\/wp\/v2\/types\/post"}],"author":[{"embeddable":true,"href":"https:\/\/wp-dev.daten.cool\/index.php?rest_route=\/wp\/v2\/users\/2"}],"replies":[{"embeddable":true,"href":"https:\/\/wp-dev.daten.cool\/index.php?rest_route=%2Fwp%2Fv2%2Fcomments&post=4049"}],"version-history":[{"count":0,"href":"https:\/\/wp-dev.daten.cool\/index.php?rest_route=\/wp\/v2\/posts\/4049\/revisions"}],"wp:attachment":[{"href":"https:\/\/wp-dev.daten.cool\/index.php?rest_route=%2Fwp%2Fv2%2Fmedia&parent=4049"}],"wp:term":[{"taxonomy":"category","embeddable":true,"href":"https:\/\/wp-dev.daten.cool\/index.php?rest_route=%2Fwp%2Fv2%2Fcategories&post=4049"},{"taxonomy":"post_tag","embeddable":true,"href":"https:\/\/wp-dev.daten.cool\/index.php?rest_route=%2Fwp%2Fv2%2Ftags&post=4049"}],"curies":[{"name":"wp","href":"https:\/\/api.w.org\/{rel}","templated":true}]}}