{"id":4079,"date":"1991-09-26T19:38:04","date_gmt":"1991-09-26T19:38:04","guid":{"rendered":"http:\/\/www.cilip.de\/?p=4079"},"modified":"1991-09-26T19:38:04","modified_gmt":"1991-09-26T19:38:04","slug":"business-crime-control-buerger-beobachten-wirtschaftskriminalitaet","status":"publish","type":"post","link":"https:\/\/wp-dev.daten.cool\/?p=4079","title":{"rendered":"Business Crime Control &#8211; B\u00fcrger beobachten Wirtschaftskriminalit\u00e4t"},"content":{"rendered":"<h3>von Bernhard Gill<\/h3>\n<p>&#8222;Kapital-Verbrechen&#8220; &#8211; darunter versteht der im M\u00e4rz dieses Jahres gegr\u00fcndete Verein &#8222;Business Crime Control (BCC)&#8220; nicht nur die illegalen, sondern allgemein alle sozial- und umweltsch\u00e4dlichen Gesch\u00e4ftspraktiken, wie sie bei der Kapitalverwertung gang und g\u00e4be sind. H\u00e4ufig werden solche Praktiken immer noch als Kavaliersdelikte behandelt oder ihre Verfolgung sogar aus politischen Gr\u00fcnden hintertrieben. Mit dem Aufbau eines eigenen Dokumentationszentrums will BCC zu einer st\u00e4rkeren Sensibilisierung der \u00d6ffentlichkeit beitragen und helfen, die meist nur unsystematische Berichterstattung der Presse zu verbessern.<\/p>\n<p>Jahrelang hatte Hans See, Politikwissenschaftler in Frankfurt und Buchautor , nach wissenschaftlicher Literatur zur Wirtschaftskriminalit\u00e4t gesucht. Er fand zwar eine &#8222;Springflut von B\u00fcchern \u00fcber Wirtschaftsverbrechen&#8220;, doch allenthalben mangelte es an einer Aufarbeitung der \u00fcbergreifenden Zu-sammenh\u00e4nge. U.a. mit Brigitte Erler (ehemalige Leiterin von Amnesty In-ternational Deutschland), Dieter Schenk (Ex-BKA-Beamter und Kripo-Kritiker), Manfred Such (ehemals Bundestagsabgeordneter der GR\u00dcNEN und Kriminalhauptkommissar) und Rolf Knecht (Betriebsratsvorsitzender von Honeywell Deutschland) gr\u00fcndete See daraufhin den Verein &#8222;Business Crime Control&#8220; .<!--more--><\/p>\n<p>Die Ziele, die sich BCC gesteckt hat, sind ehrgeizig: &#8222;Eine mitgliederstarke Organisation gegen die Verbrechen des Kapitals soll aufgebaut werden, die zun\u00e4chst in der Bundesrepublik Deutschland, m\u00f6glichst gleichzeitig aber auch in anderen europ\u00e4ischen Staaten, schlie\u00dflich &#8211; \u00e4hnlich wie amnesty in-ternational &#8211; weltweit \u00fcber Sektionen und Mitarbeiter und ein eigenes Infor-mations- und Dokumentationszentrum verf\u00fcgt. Die Wirtschaftsverbrechen sollen weltweit erfa\u00dft, systematisch auf ihre Strukturen, auf Ursachen und Folgen untersucht und die Erkenntnisse der \u00d6ffentlichkeit zug\u00e4nglich gemacht werden&#8220;, hei\u00dft es im Gr\u00fcndungsaufruf. In Frankfurt ist bereits ein Ortsverein entstanden, weitere Gr\u00fcndungen in M\u00fcnchen, Kassel, Dortmund und Gera stehen bevor. In K\u00fcrze will man mit dem Aufbau einer \u00f6ffentlich zug\u00e4nglichen Datenbank beginnen. Auf Ortsebene sollen (auf ehrenamtlicher Basis) von der Presse vernachl\u00e4ssigte Themen recherchiert werden. Z.B. will man die weiteren Konsequenzen des Imhausen-Skandals (Lieferung von Giftgasanlagen nach Libyen) weiterverfolgen. Im Oktober ist in Frankfurt ein internationaler Kongre\u00df geplant, zu dem u.a. der Schweizer Abgeordnete und Buchautor3 Jean Ziegler seine Mitwirkung zugesagt hat. F\u00fcr die Zukunft sind auch Forschungsprojekte und die Herausgabe einer eigenen Zeitschrift geplant.<\/p>\n<p>Derzeit betr\u00e4gt die Mitgliederzahl ca. 100, bis zum Jahresende hofft man auf 800 Mitstreiter. Haupts\u00e4chlich engagieren sich bei BCC Menschen, die selbst gesch\u00e4digt wurden, und solche, die z.B. als Juristen oder Kaufleute kurzfri-stig in Unternehmen mit unsauberen Gesch\u00e4ftspraktiken &#8222;hereingerochen&#8220; haben.<\/p>\n<p>Unklar ist noch, was mit der vielen Post geschehen soll, die man von Ge-sch\u00e4digten erh\u00e4lt. Von unsauberen Konkurspraktiken sei darin ebenso zu lesen wie von Erfahrungen eines Reiseunternehmers mit der Donauschiffahrt in der UdSSR. Auch eine Kl\u00e4rung des eigenen Identit\u00e4tsprofils zwischen Umwelt- und Menschenrechtsgruppen sowie Verbraucherschutzorganisationen steht noch aus.<\/p>\n<p>Deutlich abgrenzen will sich BCC allerdings gegen\u00fcber Bestrebungen von Polizei und Nachrichtendiensten, mit der &#8222;Organisierten Kriminalit\u00e4t&#8220; staatliche Eingriffsbefugnisse zu erweitern. Grunds\u00e4tzlich steht der Verein aber auch f\u00fcr die Mitarbeit von Polizeibeamten offen, denn insbesondere engagierte Sachbearbeiter machten h\u00e4ufig die Erfahrung, da\u00df Ermittlungen h\u00f6heren Orts aus politischen Motiven behindert w\u00fcrden. Ein Konzept, wie der Wirtschaftskriminalit\u00e4t begegnet werden k\u00f6nnte, etwa mit einem erweiterten Akteneinsichtsrecht, mu\u00df allerdings noch erarbeitet werden.<\/p>\n<h5>Bernhard Gill ist Mitglied der Redaktion B\u00fcrgerrechte &amp; Polizei\/ CILIP.<\/h5>\n<h6>Mit Fu\u00dfnoten im <a href=\"http:\/\/archiv.cilip.de\/Hefte\/CILIP_039.pdf\">PDF der Gesamtausgabe<\/a>.<\/h6>\n","protected":false},"excerpt":{"rendered":"<p>von Bernhard Gill &#8222;Kapital-Verbrechen&#8220; &#8211; darunter versteht der im M\u00e4rz dieses Jahres gegr\u00fcndete Verein &#8222;Business<\/p>\n","protected":false},"author":2,"featured_media":0,"comment_status":"open","ping_status":"open","sticky":false,"template":"","format":"standard","meta":{"footnotes":""},"categories":[152,45],"tags":[],"class_list":["post-4079","post","type-post","status-publish","format-standard","hentry","category-artikel","category-cilip-039"],"_links":{"self":[{"href":"https:\/\/wp-dev.daten.cool\/index.php?rest_route=\/wp\/v2\/posts\/4079","targetHints":{"allow":["GET"]}}],"collection":[{"href":"https:\/\/wp-dev.daten.cool\/index.php?rest_route=\/wp\/v2\/posts"}],"about":[{"href":"https:\/\/wp-dev.daten.cool\/index.php?rest_route=\/wp\/v2\/types\/post"}],"author":[{"embeddable":true,"href":"https:\/\/wp-dev.daten.cool\/index.php?rest_route=\/wp\/v2\/users\/2"}],"replies":[{"embeddable":true,"href":"https:\/\/wp-dev.daten.cool\/index.php?rest_route=%2Fwp%2Fv2%2Fcomments&post=4079"}],"version-history":[{"count":0,"href":"https:\/\/wp-dev.daten.cool\/index.php?rest_route=\/wp\/v2\/posts\/4079\/revisions"}],"wp:attachment":[{"href":"https:\/\/wp-dev.daten.cool\/index.php?rest_route=%2Fwp%2Fv2%2Fmedia&parent=4079"}],"wp:term":[{"taxonomy":"category","embeddable":true,"href":"https:\/\/wp-dev.daten.cool\/index.php?rest_route=%2Fwp%2Fv2%2Fcategories&post=4079"},{"taxonomy":"post_tag","embeddable":true,"href":"https:\/\/wp-dev.daten.cool\/index.php?rest_route=%2Fwp%2Fv2%2Ftags&post=4079"}],"curies":[{"name":"wp","href":"https:\/\/api.w.org\/{rel}","templated":true}]}}