{"id":4087,"date":"1991-02-26T19:47:44","date_gmt":"1991-02-26T19:47:44","guid":{"rendered":"http:\/\/www.cilip.de\/?p=4087"},"modified":"1991-02-26T19:47:44","modified_gmt":"1991-02-26T19:47:44","slug":"ein-gruener-polizeipraesident-in-brandenburg","status":"publish","type":"post","link":"https:\/\/wp-dev.daten.cool\/?p=4087","title":{"rendered":"Ein gr\u00fcner Polizeipr\u00e4sident in Brandenburg?"},"content":{"rendered":"<h3>von Otto Diederichs<\/h3>\n<p>Gr\u00fcne Regierungsbeteiligungen hat es auch vor dem Wahlergebnis in Brandenburg &#8211; und der daraus resultierenden &#8222;Ampelkoalition&#8220; &#8211; bereits gegeben. Nach Hessen (1985-87), Berlin (1989-90) und Niedersachsen (1990- ) ist Brandenburg bereits das vierte Bundesland, in dem die einst traditionellen Regierungskonstellationen aufgebrochen wurden. Trotz der (zumindenst theoretischen) M\u00f6glichkeit eines langsamen Gew\u00f6hnungsprozesses tun sich die Sicherheitsbeh\u00f6rden immer noch \u00e4u\u00dferst schwer, gr\u00fcnes Gedankengut auch in ihren Reihen zu akzeptieren. Solchen Ber\u00fchrungs\u00e4ngsten droht gegenw\u00e4rtig der Mitbegr\u00fcnder und einstige Sprecher der Bundesarbeitsgruppe &#8222;Kritische Polizisten und Polizistinnen&#8220;, Manfred Such, zum Opfer zu fallen.<!--more--><\/p>\n<p>Gem\u00e4\u00df einer interfraktionellen Absprache sollen die Chefsessel in den sechs in Brandenburg eingerichteten Polizeipr\u00e4sidien mit Vorschlagskandidaten der Parteien besetzt werden. Je einen Kandidaten d\u00fcrfen danach FDP, CDU und das B\u00dcNDNIS &#8217;90 benennen, w\u00e4hrend sich die SPD die Besetzung der restlichen drei Posten vorbeh\u00e4lt &#8211; die PDS geht leer aus. Diese Zusage bereitet in Potsdam inzwischen Kopfzerbrechen, da das B\u00dcNDNIS &#8217;90 ausgerechnet Such als Kandidaten auf den Schild hob. Der fr\u00fchere gr\u00fcne Bundestagsabgeordnete, einstmals im Range eines Kriminalhauptkommissars Kripo-Chef im nordrhein-westf\u00e4lischen Werl, ist nach Ansicht der Brandenburger B\u00fcrgerrechtlerInnen der richtige Mann f\u00fcr diese Aufgabe, f\u00fcr den sie &#8222;auch politisch Verantwortung \u00fcbernehmen&#8220; wollen.<\/p>\n<p>Im brandenburgischen Landtag hatte die Nominierung zun\u00e4chst niemanden sonderlich interessiert, geschweige denn aufgeregt. Umso h\u00f6her schlugen daf\u00fcr die Wellen unter den Ministerialen aus dem Partnerland NRW, die Such aus der Zeit in Werl in lebhafter Erinnerung und das Innenministerium in Potsdam fest in ihrer Hand haben. Wenn er \u00fcber die dortigen Flure gehe, so Such, f\u00fchle er sich &#8222;fast schon heimisch&#8220;; bei den T\u00fcrschildern sei er &#8222;nur auf bekannte Namen gesto\u00dfen&#8220;.<\/p>\n<p>Der Startschu\u00df zur Kampagne gegen Manfred Such fiel so auch nicht in Brandenburg, sondern in Nordrhein-Westfalen. Eine Ernennung Suchs zum Polizeipr\u00e4sidenten sei &#8222;eine Beleidigung f\u00fcr alle Polizisten&#8220;, feuerte der innenpolitische Sprecher der CDU-Fraktion im D\u00fcsseldorfer Landtag, Paus, zum Auftakt gleich eine Breitseite ab. Sein Parteikollege, der Fraktionsvorsitzende der CDU-Fraktion im Berliner Abgeordnetenhaus, Landowsky, sah gar die Sicherheit der einstigen Mauerstadt bedroht, wenn Such tats\u00e4chlich eines der Polizeipr\u00e4sidien \u00fcbern\u00e4hme. Dies bedeute indirekt auch ein Risiko f\u00fcr Berlin. Angesichts der Sicherheitslage, des &#8222;enormen Anstiegs der Kriminalit\u00e4t&#8220; und des &#8222;wachsenden Unsicherheitsgef\u00fchls der B\u00fcrger&#8220; werde es eine gro\u00dfe Belastung sein, wenn man einen Mann zum Polizeipr\u00e4sidenten mache, der &#8222;schon in seiner fr\u00fcheren T\u00e4tigkeit h\u00f6chst umstritten&#8220; gewesen sei.<\/p>\n<p>Die importierten Leihbeamten im brandenburgischen Innenministerium dachten unterdessen dar\u00fcber nach, wie sich das Problem am elegantesten in ihrem Sinne l\u00f6sen lie\u00dfe und entwickelten nachtr\u00e4glich Kriterien, die potentielle Kandidaten zu erf\u00fcllen h\u00e4tten: auf jeden Fall solle es jemand aus dem Osten und zudem ein Zivilist sein. Zuf\u00e4llig genau die Kriterien, die auf Manfred Such nicht zutreffen.<\/p>\n<p>Werner Ruckriegel, vom nordrhein-westf\u00e4lischen Ministerialdirigenten zum Staatssekret\u00e4r in Brandenburg avanciert, verstieg sich bei dem Bem\u00fchen, den nicht Genehmen auszubremsen, gar zu der Aussage, man wolle eine F\u00fchrung, &#8222;die b\u00fcrgernah ist und zivil denkt&#8220;, deshalb komme f\u00fcr das Amt &#8222;niemand in Frage, der Polizist ist&#8220;. Eine solche Bemerkung, die unter anderen Umst\u00e4nden sofort die GdP in Harnisch gebracht h\u00e4tte, blieb diesmal unkommentiert, denn auch der Gewerkschaft pa\u00dft Such nicht ins Konzept. Allerdings zieht sie sich auf die unverf\u00e4ngliche Argumentation zur\u00fcck, die Kandidaten m\u00fc\u00dften Einheimische sein, da bereits jetzt zu viele F\u00fchrungspositionen mit Westbeamten besetzt seien.<br \/>\nInnenminister Alwin Ziel (SPD), der mit Such bislang dreimal zusammengekommen ist, h\u00e4lt sich aus dem Streit zumindest \u00f6ffentlich heraus und \u00fcberl\u00e4\u00dft seinem Staatssekret\u00e4r das Feld. Der wird nicht m\u00fcde, den KoalitionspartnerInnen seines Ministers st\u00e4ndig zu versichern, das Angebot, einen der Polizeipr\u00e4sidenten zu benennen, bliebe selbstverst\u00e4ndlich bestehen. Gern gesehen w\u00fcrde beispielsweise auch ein Parteiloser oder gar eine Frau &#8211; auch diese Kriterien wird Such kaum erf\u00fcllen k\u00f6nnen.<\/p>\n<p>Ob der ehemalige Kripo-Chef tats\u00e4chlich &#8222;das Polizeikonzept der B\u00fcrgerbewegung&#8220; darstellt, wie Henrik Poller, deren innenpolitischer Sprecher etwas emphatisch verlauten lie\u00df, oder ob Such sich in dem &#8211; auch von ihm angestrebten &#8211; Amt schlie\u00dflich wohlf\u00fchlen w\u00fcrde, kann dahingestellt sein. Zu w\u00fcnschen ist jedenfalls, da\u00df das B\u00dcNDNIS &#8217;90, das den Fall zur Nagelprobe der Koalition machen will, als Sieger aus der Kraftprobe hervorgehen wird. Mit Manfred Such best\u00fcnde die M\u00f6glichkeit, die sicherheitspolitischen Vorstellungen von B\u00fcrgerbewegungen und GR\u00dcNEN an der rauhen Wirklichkeit zu messen. Dies allein ist Grund genug, an der Nominierung festzuhalten.<\/p>\n<p>B\u00dcNDNIS &#8217;90 und ihr Kandidat trauen es sich offenbar zu und sollten deshalb eine Chance erhalten. Ist es vielleicht gerade dies, was die \u00fcbrigen Parteien und die Sicherheitsapparate f\u00fcrchten?<\/p>\n","protected":false},"excerpt":{"rendered":"<p>von Otto Diederichs Gr\u00fcne Regierungsbeteiligungen hat es auch vor dem Wahlergebnis in Brandenburg &#8211; und<\/p>\n","protected":false},"author":2,"featured_media":0,"comment_status":"open","ping_status":"open","sticky":false,"template":"","format":"standard","meta":{"footnotes":""},"categories":[152,44],"tags":[326,725,881,1004],"class_list":["post-4087","post","type-post","status-publish","format-standard","hentry","category-artikel","category-cilip-038","tag-brandenburg","tag-gruene","tag-kriminalpolizei","tag-nordrhein-westfalen"],"_links":{"self":[{"href":"https:\/\/wp-dev.daten.cool\/index.php?rest_route=\/wp\/v2\/posts\/4087","targetHints":{"allow":["GET"]}}],"collection":[{"href":"https:\/\/wp-dev.daten.cool\/index.php?rest_route=\/wp\/v2\/posts"}],"about":[{"href":"https:\/\/wp-dev.daten.cool\/index.php?rest_route=\/wp\/v2\/types\/post"}],"author":[{"embeddable":true,"href":"https:\/\/wp-dev.daten.cool\/index.php?rest_route=\/wp\/v2\/users\/2"}],"replies":[{"embeddable":true,"href":"https:\/\/wp-dev.daten.cool\/index.php?rest_route=%2Fwp%2Fv2%2Fcomments&post=4087"}],"version-history":[{"count":0,"href":"https:\/\/wp-dev.daten.cool\/index.php?rest_route=\/wp\/v2\/posts\/4087\/revisions"}],"wp:attachment":[{"href":"https:\/\/wp-dev.daten.cool\/index.php?rest_route=%2Fwp%2Fv2%2Fmedia&parent=4087"}],"wp:term":[{"taxonomy":"category","embeddable":true,"href":"https:\/\/wp-dev.daten.cool\/index.php?rest_route=%2Fwp%2Fv2%2Fcategories&post=4087"},{"taxonomy":"post_tag","embeddable":true,"href":"https:\/\/wp-dev.daten.cool\/index.php?rest_route=%2Fwp%2Fv2%2Ftags&post=4087"}],"curies":[{"name":"wp","href":"https:\/\/api.w.org\/{rel}","templated":true}]}}