{"id":4211,"date":"1990-12-27T21:24:49","date_gmt":"1990-12-27T21:24:49","guid":{"rendered":"http:\/\/www.cilip.de\/?p=4211"},"modified":"1990-12-27T21:24:49","modified_gmt":"1990-12-27T21:24:49","slug":"todesschuesse-1988-ein-nachtrag","status":"publish","type":"post","link":"https:\/\/wp-dev.daten.cool\/?p=4211","title":{"rendered":"Todessch\u00fcsse 1988 &#8211; ein Nachtrag"},"content":{"rendered":"<p>Beim Versuch, mit der IMK-Gesch\u00e4ftsstelle Differenzen zwischen der Zahl der in CILIP Nr. 33 dokumentierten Situationen t\u00f6dlich endender Konflikte zwischen Polizisten und B\u00fcrgern im Jahre 1988 zu kl\u00e4ren, machte uns die Gesch\u00e4ftsstelle auf einen von CILIP bis\u00adher nicht erfa\u00dften Fall aufmerksam.<!--more--><\/p>\n<h4>Nachtrag<\/h4>\n<p>Name\/ vermutl. Geistesgest\u00f6rter, 36 J.<br \/>\nDatum: 26. Dezember &#8217;88<br \/>\nOrt\/ Land: Bremen<\/p>\n<p>Szenarium: Wohnungsinhaber greift gleichaltrigen Besucher mit Fleischermesser an und verletzt ihn lebensgef\u00e4hrlich. Nach Eintreffen von Polizisten setzt er Angriff fort. Polizisten schie\u00dfen durch eingeschlag. Scheibe zun\u00e4chst auf Extremit\u00e4ten, dann &#8211; nach Fortsetzung des Angriffs &#8211; auf den eigentl. K\u00f6rper. T\u00e4ter verstirbt am 30.12.&#8217;90 an Schu\u00dffolgen.<\/p>\n<p>Opfer mit Schu\u00dfwaffe? nein<br \/>\nSchu\u00dfwechsel? nein<br \/>\nSondereinsatz- beamte? nein<br \/>\nVerletze\/ get\u00f6tete Beamte? nein<br \/>\nVorbereitete Polizeiaktion? nein<br \/>\nStaatsanwaltschaftl. Ermittlungsverfahren? nein<br \/>\nGerichts- verfahren? nein<\/p>\n<h4>Bitte an CILIP-LeserInnen<\/h4>\n<p>In den letzten Jahren ist die Presseberichterstattung \u00fcber F\u00e4lle t\u00f6dlichen Schu\u00dfwaffeneinsatzes durch die Polizei karger geworden. Wie notwendig es ist, sich nicht nur auf die Angaben der IMK zu verlassen, darauf verweisen unsere Korrekturen der IMK-Zahlen f\u00fcr die Jahre 1976 &#8211; 1989. So bitten wir unsere Leser-Innen, insbesondere aus der von uns nicht ausgewerteten Lokalpresse ent-sprechende Meldungen an die Redak-tionsanschrift zuzuschicken. Da\u00df die IMK \u00fcberhaupt seit 1984 ihre Stati-stiken nach Jahren der Geheimhaltung ver\u00f6ffentlicht, halten wir unserer laufenden Berichterstattung zu gute, die die IMK zum Reagieren zwang.<\/p>\n<p>Der Vollst\u00e4ndigkeit halber sei auch hier noch einmal auf die Korrektur des t\u00f6dlichen Schusses auf Silke Bischoff hingewiesen (vgl. vorstehenden Artikel).<\/p>\n","protected":false},"excerpt":{"rendered":"<p>Beim Versuch, mit der IMK-Gesch\u00e4ftsstelle Differenzen zwischen der Zahl der in CILIP Nr. 33 dokumentierten<\/p>\n","protected":false},"author":2,"featured_media":0,"comment_status":"open","ping_status":"open","sticky":false,"template":"","format":"standard","meta":{"footnotes":""},"categories":[152,43],"tags":[774,820,1094,1437],"class_list":["post-4211","post","type-post","status-publish","format-standard","hentry","category-artikel","category-cilip-037","tag-innenministerkonferenz","tag-justiz","tag-polizei","tag-todesschuesse"],"_links":{"self":[{"href":"https:\/\/wp-dev.daten.cool\/index.php?rest_route=\/wp\/v2\/posts\/4211","targetHints":{"allow":["GET"]}}],"collection":[{"href":"https:\/\/wp-dev.daten.cool\/index.php?rest_route=\/wp\/v2\/posts"}],"about":[{"href":"https:\/\/wp-dev.daten.cool\/index.php?rest_route=\/wp\/v2\/types\/post"}],"author":[{"embeddable":true,"href":"https:\/\/wp-dev.daten.cool\/index.php?rest_route=\/wp\/v2\/users\/2"}],"replies":[{"embeddable":true,"href":"https:\/\/wp-dev.daten.cool\/index.php?rest_route=%2Fwp%2Fv2%2Fcomments&post=4211"}],"version-history":[{"count":0,"href":"https:\/\/wp-dev.daten.cool\/index.php?rest_route=\/wp\/v2\/posts\/4211\/revisions"}],"wp:attachment":[{"href":"https:\/\/wp-dev.daten.cool\/index.php?rest_route=%2Fwp%2Fv2%2Fmedia&parent=4211"}],"wp:term":[{"taxonomy":"category","embeddable":true,"href":"https:\/\/wp-dev.daten.cool\/index.php?rest_route=%2Fwp%2Fv2%2Fcategories&post=4211"},{"taxonomy":"post_tag","embeddable":true,"href":"https:\/\/wp-dev.daten.cool\/index.php?rest_route=%2Fwp%2Fv2%2Ftags&post=4211"}],"curies":[{"name":"wp","href":"https:\/\/api.w.org\/{rel}","templated":true}]}}