{"id":4257,"date":"1990-09-27T22:18:16","date_gmt":"1990-09-27T22:18:16","guid":{"rendered":"http:\/\/www.cilip.de\/?p=4257"},"modified":"1990-09-27T22:18:16","modified_gmt":"1990-09-27T22:18:16","slug":"abschrift-eines-briefes-eingegangen-mitte-januar-1990","status":"publish","type":"post","link":"https:\/\/wp-dev.daten.cool\/?p=4257","title":{"rendered":"Abschrift eines Briefes, eingegangen Mitte Januar 1990"},"content":{"rendered":"<p>Werter Herr von Sa\u00df!<\/p>\n<p>Ich wende mich an Sie um gro\u00dfer Sorge um all das, was in n\u00e4chster Zeit auf unser Land, auf seine Menschen zukommt. Ich kann Ihnen meinen Namen nicht nennen, m\u00f6chte ich doch ein paar Tage l\u00e4nger unter den Lebenden weilen.<br \/>\nJawohl, als inoffizieller Mitarbeiter des MfS habe ich heute ein wenig Angst um mein bi\u00dfchen Leben. Diese schreckliche Angst erw\u00e4chst aber nicht aus dem, was ich in dieser Funktion getan habe, nein, sie erw\u00e4chst aus der gegenw\u00e4rtigen Situation, alles was in Verbindung mit dem MfS gebracht werden kann zu verurteilen, grausam Rache an denen zu nehmen, die damit zu tun hatten.<!--more--><br \/>\nSie, werter Herr von Sa\u00df, hatten die M\u00f6glichkeit in die Akten einzusehen. Sind Ihnen bei dem Aktenstudium nicht auch andere Dinge als die in dem Artikel vom 29.12.89 in der &#8222;Freien Erde&#8220; genannten aufgefallen? Ich verurteile, wie so viele, alles was im Zusammenhang mit der Bespitzelung von Personen zu tun hatte. Ich mu\u00df aber im Interesse vieler inoffizieller Mitarbeiter, die, wie Sie sicher wissen, aus allen Klassen und Schichten &#8211; auch unabh\u00e4ngig von ihrem Glaubensbekenntnis kommen, sagen, da\u00df wir weitaus mehr geleistet haben, als uns heute zugesprochen wird.<br \/>\nIch bin zu diesem Amt gekommen, weil ich glaubte, da\u00df \u00fcber diesen Weg Informationen \u00fcber den tats\u00e4chlichen Zustand in unserer Gesellschaft auch dahin kommen, wo sie hingeh\u00f6ren. Ich denke dabei immer an die Meinung vieler, die Regierung wei\u00df nicht, was wirklich los ist, die Partei informiert nicht. Diese von mir gegebenen Berichte trugen meinen Namen als Unterschrift. Nach damaliger Auffassung h\u00e4tte man mich wohl einsperren k\u00f6nnen. In diesen Berichten hatte ich bis ins Detail auf Fakten und Ursachen der mi\u00dflichen Lage hingewiesen, wies nach, wie Inkompetenz, Unkenntnis und Arroganz zu den Dingen f\u00fchrten, die wir heute ausbaden m\u00fcssen.<br \/>\nNeulich forderten Mitglieder von Umweltgruppen die namentliche Benennung der inoffiziellen Mitarbeiter. Auch dazu ein Wort. Vieles, was auf diesem Gebiet des Umweltschutzes trotz des gro\u00dfen Desinteresses des Staates passiert ist, ist auch auf unsere Arbeit zur\u00fcckzuf\u00fchren, weil wir eben oft diesen Weg der Kl\u00e4rung der Dinge \u00fcber andere Instanzen gegangen sind. Wir werden Denunzianten genannt. Ich beziehe das nicht auf meine Person. Ich habe denunziert, unhaltbare Zust\u00e4nde, Schlendrian, Unf\u00e4higkeit und anderes. Ich habe das getan, weil ich nirgendwo sonst zu den Dingen Geh\u00f6r gefunden habe. Nat\u00fcrlich ist nicht zu leugnen, da\u00df diese Arbeit auch Personen betraf &#8230; Bei der Betrachtung der Arbeitsweise des Ministeriums sollte man m.E. auch die hier beschriebenen Dinge betrachten.<br \/>\nSo gesehen gehe ich der Ver\u00f6ffentlichung meines Namens entgegen und rechne damit, so zusammengeschlagen zu werden wie mein Nachbar, der in der \u00d6ffentlichkeit mit einem ehemaligen Mitarbeiter des MfS gesehen wurde. Dabei habe ich mit dem guten Glauben gehandelt, f\u00fcr mein Land, nicht f\u00fcr meine Partei, das Beste zu tun, was damals n\u00f6tig war und wozu das damalige System keinen Raum lie\u00df.<br \/>\nWenn ich demn\u00e4chst als Verbrecher abgestempelt werde, mu\u00df ich das hinnehmen. Nur meine christliche Gesinnung l\u00e4\u00dft mir den Glauben, da\u00df eines Tages alles so hingestellt wird, wie es wirklich war. Ich hoffe, diesen Zeitpunkt erleben zu k\u00f6nnen. In diesem Sinne danke ich Ihnen f\u00fcr Ihre sicher nicht leichte Aufgabe!<\/p>\n<p>Ich verbleibe mit freundlichen Gr\u00fc\u00dfen<\/p>\n","protected":false},"excerpt":{"rendered":"<p>Werter Herr von Sa\u00df! Ich wende mich an Sie um gro\u00dfer Sorge um all das,<\/p>\n","protected":false},"author":2,"featured_media":0,"comment_status":"open","ping_status":"open","sticky":false,"template":"","format":"standard","meta":{"footnotes":""},"categories":[4],"tags":[],"class_list":["post-4257","post","type-post","status-publish","format-standard","hentry","category-cilip-ausgaben"],"_links":{"self":[{"href":"https:\/\/wp-dev.daten.cool\/index.php?rest_route=\/wp\/v2\/posts\/4257","targetHints":{"allow":["GET"]}}],"collection":[{"href":"https:\/\/wp-dev.daten.cool\/index.php?rest_route=\/wp\/v2\/posts"}],"about":[{"href":"https:\/\/wp-dev.daten.cool\/index.php?rest_route=\/wp\/v2\/types\/post"}],"author":[{"embeddable":true,"href":"https:\/\/wp-dev.daten.cool\/index.php?rest_route=\/wp\/v2\/users\/2"}],"replies":[{"embeddable":true,"href":"https:\/\/wp-dev.daten.cool\/index.php?rest_route=%2Fwp%2Fv2%2Fcomments&post=4257"}],"version-history":[{"count":0,"href":"https:\/\/wp-dev.daten.cool\/index.php?rest_route=\/wp\/v2\/posts\/4257\/revisions"}],"wp:attachment":[{"href":"https:\/\/wp-dev.daten.cool\/index.php?rest_route=%2Fwp%2Fv2%2Fmedia&parent=4257"}],"wp:term":[{"taxonomy":"category","embeddable":true,"href":"https:\/\/wp-dev.daten.cool\/index.php?rest_route=%2Fwp%2Fv2%2Fcategories&post=4257"},{"taxonomy":"post_tag","embeddable":true,"href":"https:\/\/wp-dev.daten.cool\/index.php?rest_route=%2Fwp%2Fv2%2Ftags&post=4257"}],"curies":[{"name":"wp","href":"https:\/\/api.w.org\/{rel}","templated":true}]}}