{"id":4288,"date":"1990-02-27T22:51:11","date_gmt":"1990-02-27T22:51:11","guid":{"rendered":"http:\/\/www.cilip.de\/?p=4288"},"modified":"1990-02-27T22:51:11","modified_gmt":"1990-02-27T22:51:11","slug":"polizeilicher-schusswaffeneinsatz-1989","status":"publish","type":"post","link":"https:\/\/wp-dev.daten.cool\/?p=4288","title":{"rendered":"Polizeilicher Schu\u00dfwaffeneinsatz 1989"},"content":{"rendered":"<p><strong>Im letzten Jahr kamen mindestens 10 Menschen als Folge polizeilichen Schu\u00dfwaffeneinsatzes ums Leben, mindestens 3 Polizisten wurden 1989 von Straft\u00e4tern get\u00f6tet. Die IMK ist wieder dazu \u00fcbergegangen, der \u00d6ffentlichkeit ihre Statistik des polizeilichen Schu\u00dfwaffeneinsatzes vorzuenthalten.<\/strong><\/p>\n<p>Nach 7 F\u00e4llen t\u00f6dlichen polizeilichen Schu\u00dfwaffeneinsatzes im Jahre 1987 und 9 F\u00e4llen im Jahre 1988 stieg die Zahl der F\u00e4lle im letzten Jahr auf zehn &#8211; unter den Opfern ein 13j\u00e4hriges t\u00fcrkisches Kind (vgl. CILIP 34, S.11 ff.) und ein 17j\u00e4hriger jugendlicher Autodieb. Der Anteil der F\u00e4lle, in denen die Opfer \u00fcber Schu\u00dfwaffen verf\u00fcgten, mit ihnen schossen oder zumindest drohten, war &#8211; gemessen an fr\u00fcheren Jahren 1989 mit 50 % der t\u00f6dlich ausgehenden Ereignisse \u00fcberdurchschnittlich hoch. Zudem wurden in zwei weiteren, t\u00f6dlich endenden Situationen zwei Polizisten durch Stichwaffen get\u00f6tet, 5 Polizisten verletzt.<!--more--><\/p>\n<p>In unserer Dokumentation nicht aufgef\u00fchrt ist der Mord an einem Polizisten in der Nacht zum Ostermontag letzten Jahres in F\u00fcrstenfeldbruck. Ein zur Blutprobe auf ein Polizeirevier gef\u00fchrter 36j\u00e4hriger Mann zog hier einen Revolver, t\u00f6tete einen Beamten mit einem Kopf- und Bauchschu\u00df, verletzte einen weiteren Polizisten durch einen Schu\u00df in den Unterarm und fl\u00fcchtete. Tage sp\u00e4ter wurde der T\u00e4ter festgenommen und ist inzwischen zu lebenslanger Haft verurteilt worden.<\/p>\n<p>Unverst\u00e4ndlich bleibt, da\u00df die IMK erneut dazu \u00fcbergangen ist, ihre j\u00e4hrliche Statistik zum polizeilichen Schu\u00dfwaffeneinsatz der \u00d6ffentlichkeit vorzuenthalten. Erst die Anfrage eines Bundestagsabgeordneten der &#8222;Gr\u00fcnen&#8220; bei der IMK-Gesch\u00e4ftsstelle f\u00fchrte dazu, da\u00df einige unvollst\u00e4ndige Zahlen f\u00fcr das Jahr 1988 herausger\u00fcckt wurden. Demnach hat die IMK f\u00fcr dieses Jahr 8 F\u00e4lle t\u00f6dlichen polizeilichen Schu\u00dfwaffeneinsatzes erfa\u00dft, w\u00e4hrend unsere Dokumentation (CILIP 33, S.93 f.) 9 F\u00e4lle belegt.<\/p>\n<p>Ein vor vier Monaten gemachter Versuch, mit der IMK-Gesch\u00e4ftsstelle diese Differenz zu kl\u00e4ren, ist bisher an deren Unwillen oder Unf\u00e4higkeit ge-scheitert.<br \/>\nOhne gesetzgeberische Konsequenzen blieb bisher die Ank\u00fcndigung des Bundesinnneministers im Sommer letzten Jahres, f\u00fcr den Bereich der Bundespolizeien (BKA, BGS, Zoll) im Gesetz \u00fcber den unmittelbaren Zwang des Bundes (UZWG-B) den vors\u00e4tzlich t\u00f6tenden Schu\u00df aufzunehmen. Diese \u00dcberlegungen waren eines der beherrschenden Themen des politischen Sommertheaters &#8217;89.<\/p>\n<p><a href=\"https:\/\/wp-dev.daten.cool\/wp-content\/uploads\/1990\/02\/Polizeiliche-Todesschuesse-1989-1.png\"><img loading=\"lazy\" decoding=\"async\" class=\"aligncenter size-full wp-image-18352\" src=\"https:\/\/www.cilip.de\/wp-content\/uploads\/1990\/02\/Polizeiliche-Todesschuesse-1989-1.png\" alt=\"\" width=\"822\" height=\"539\" srcset=\"https:\/\/wp-dev.daten.cool\/wp-content\/uploads\/1990\/02\/Polizeiliche-Todesschuesse-1989-1.png 822w, https:\/\/wp-dev.daten.cool\/wp-content\/uploads\/1990\/02\/Polizeiliche-Todesschuesse-1989-1-300x197.png 300w, https:\/\/wp-dev.daten.cool\/wp-content\/uploads\/1990\/02\/Polizeiliche-Todesschuesse-1989-1-768x504.png 768w\" sizes=\"auto, (max-width: 822px) 100vw, 822px\" \/><\/a> <a href=\"https:\/\/wp-dev.daten.cool\/wp-content\/uploads\/1990\/02\/Polizeiliche-Todesschuesse-1989-2.png\"><img loading=\"lazy\" decoding=\"async\" class=\"aligncenter size-full wp-image-18353\" src=\"https:\/\/www.cilip.de\/wp-content\/uploads\/1990\/02\/Polizeiliche-Todesschuesse-1989-2.png\" alt=\"\" width=\"825\" height=\"541\" srcset=\"https:\/\/wp-dev.daten.cool\/wp-content\/uploads\/1990\/02\/Polizeiliche-Todesschuesse-1989-2.png 825w, https:\/\/wp-dev.daten.cool\/wp-content\/uploads\/1990\/02\/Polizeiliche-Todesschuesse-1989-2-300x197.png 300w, https:\/\/wp-dev.daten.cool\/wp-content\/uploads\/1990\/02\/Polizeiliche-Todesschuesse-1989-2-768x504.png 768w\" sizes=\"auto, (max-width: 825px) 100vw, 825px\" \/><\/a><\/p>\n","protected":false},"excerpt":{"rendered":"<p>Im letzten Jahr kamen mindestens 10 Menschen als Folge polizeilichen Schu\u00dfwaffeneinsatzes ums Leben, mindestens 3<\/p>\n","protected":false},"author":2,"featured_media":0,"comment_status":"open","ping_status":"open","sticky":false,"template":"","format":"standard","meta":{"footnotes":""},"categories":[41,147],"tags":[774,820,1094,1437],"class_list":["post-4288","post","type-post","status-publish","format-standard","hentry","category-cilip-035","category-polizeiliche-todesschuesse","tag-innenministerkonferenz","tag-justiz","tag-polizei","tag-todesschuesse"],"_links":{"self":[{"href":"https:\/\/wp-dev.daten.cool\/index.php?rest_route=\/wp\/v2\/posts\/4288","targetHints":{"allow":["GET"]}}],"collection":[{"href":"https:\/\/wp-dev.daten.cool\/index.php?rest_route=\/wp\/v2\/posts"}],"about":[{"href":"https:\/\/wp-dev.daten.cool\/index.php?rest_route=\/wp\/v2\/types\/post"}],"author":[{"embeddable":true,"href":"https:\/\/wp-dev.daten.cool\/index.php?rest_route=\/wp\/v2\/users\/2"}],"replies":[{"embeddable":true,"href":"https:\/\/wp-dev.daten.cool\/index.php?rest_route=%2Fwp%2Fv2%2Fcomments&post=4288"}],"version-history":[{"count":0,"href":"https:\/\/wp-dev.daten.cool\/index.php?rest_route=\/wp\/v2\/posts\/4288\/revisions"}],"wp:attachment":[{"href":"https:\/\/wp-dev.daten.cool\/index.php?rest_route=%2Fwp%2Fv2%2Fmedia&parent=4288"}],"wp:term":[{"taxonomy":"category","embeddable":true,"href":"https:\/\/wp-dev.daten.cool\/index.php?rest_route=%2Fwp%2Fv2%2Fcategories&post=4288"},{"taxonomy":"post_tag","embeddable":true,"href":"https:\/\/wp-dev.daten.cool\/index.php?rest_route=%2Fwp%2Fv2%2Ftags&post=4288"}],"curies":[{"name":"wp","href":"https:\/\/api.w.org\/{rel}","templated":true}]}}