{"id":5021,"date":"1989-08-15T02:02:56","date_gmt":"1989-08-15T02:02:56","guid":{"rendered":"http:\/\/www.cilip.de\/?p=5021"},"modified":"1989-08-15T02:02:56","modified_gmt":"1989-08-15T02:02:56","slug":"verdachtsobjekt-cilip","status":"publish","type":"post","link":"https:\/\/wp-dev.daten.cool\/?p=5021","title":{"rendered":"Verdachtsobjekt CILIP"},"content":{"rendered":"<p>Verwunderlich ist es sicher nicht, da\u00df &#8222;B\u00fcrgerrechte &amp; Polizei&#8220; (CILIP) von Besch\u00e4ftigten der Verfassungsschutz\u00e4mter gelesen und ausgewertet wird &#8211; schlie\u00dflich verstehen auch wir unsere Arbeit als Beitrag zum Verfassungsschutz, zum Schutz verfassungsrechtlich garantierter Grundrechte und politischer Freir\u00e4ume. Die Lese-Perspektive der beamteten Verfassungssch\u00fctzer scheint jedoch &#8211; wie sich unl\u00e4ngst zeigte &#8211; eine andere zu sein.<!--more--><\/p>\n<h4>Unterwandert<\/h4>\n<p>Im Zuge der Aufkl\u00e4rung der Journalisten\u00fcberwachung durch das Berliner Landesamt f\u00fcr Verfassungsschutz wurde im Februar d.J. bekannt, da\u00df wir als Teil der verd\u00e4chtigten Szenepresse erfa\u00dft und drei Herausgeber als Produzenten von des Linksextremismus verd\u00e4chtigem Schriftgut mit Bruchst\u00fccken ihrer politischen Vita abgespeichert sind.<\/p>\n<p>Unl\u00e4ngst hat nun die Bundesregierung offiziell &#8211; in ihrer Antwort auf eine kleine Anfrage der Abgeordneten Schilling zur &#8222;Kontrolle von Zeitungs-Redaktionen &#8230;&#8220; er\u00f6ffnet, da\u00df \u00fcber B\u00fcrgerrechte &amp; Polizei (CILIP) &#8222;Informationen in Akten gesammelt wurden&#8220;, da &#8222;sich Mitglieder und Anh\u00e4nger linksextremistischer Organisationen&#8220; an dieser Zeitschrift beteiligt h\u00e4tten (Siehe Kasten).<\/p>\n<p>Nur was hilft es uns, in dieser Form vor unserer Unterwanderung gewarnt zu werden, wenn nicht zugleich &#8222;Ro\u00df und Reiter&#8220; benannt sind? So haben wir uns selbst um Aufkl\u00e4rung bem\u00fcht!<\/p>\n<h4>Die Erkenntnisse<\/h4>\n<p>Seit Jahren tarnt sich der Herausgeberkreis durch diverse Mitgliedschaften:<br \/>\n&#8211; in der Humanistischen Union,<br \/>\n&#8211; im Komitee f\u00fcr Grundrechte und Demokratie,<br \/>\n&#8211; in der AL<br \/>\n&#8211; und von besonderer Perfidit\u00e4t, auch durch die Mitgliedschaft in der SPD.<\/p>\n<p>An der Aufdeckung sonstiger extremistisch-klandestiner Geheimverbindungen der FreundInnen im Herausgeberkreis brennend interessiert, werden wir wohl versuchen m\u00fcssen, gerichtlich die Grundlage der \u00c4u\u00dferungen der Bundesregierung in Erfahrung zu bringen.<\/p>\n<p>Unsere eigenen Recherchen \u00fcber die Vergangenheit des Herausgeberkreises haben ergeben, da\u00df wir in der Summe recht repr\u00e4sentativ sind f\u00fcr den politischen Werdegang unserer Generation:<br \/>\nKaum ein Lernschritt wurde ausgelassen, so manche politische Entt\u00e4uschung war zu verarbeiten, es gab keinen politischen Fehler unserer Generation, der sich nicht auch im CILIP-Kreis wiederfinden lie\u00dfe &#8211; von der zeitweiligen KPD-ML-Zugeh\u00f6rigkeit bis zum SPD-Parteibuch.<\/p>\n<p>Redaktionsmitglieder haben zudem eingestanden, da einst an einer sozialistischen Assistentenzelle am Otto-Suhr-Institut der FU Berlin &#8222;mitgliedschaftlich beteiligt&#8220; gewesen zu sein, um sich dann sp\u00e4ter dem Sozialistischen B\u00fcro anzuschlie\u00dfen; es wurde zugegeben, in Berlin 1979 &#8222;B\u00fcrger beobachten die Polizei&#8220; mitgegr\u00fcndet zu haben und an der Organisation des &#8222;Russell-Tribunals&#8220; beteiligt gewesen zu sein; zu Hochzeiten von Haus-besetzungen in Berlin Anfang der 80er Jahre \u00fcbernahmen CILIP-HerausgeberInnen &#8222;Patenschaften&#8220; f\u00fcr besetzte H\u00e4user und seit mehr als einem Jahrzehnt haben einzelne CILIP-HerausgeberInnen immer wieder Stellung gegen die Haftbedingungen der RAF-H\u00e4ftlinge bezogen.<\/p>\n<p>Nur: wer uns aber derzeit extremistisch unterwandert &#8211; dar\u00fcber haben unsere Erkenntnisse uns keinen Einblick verschafft.<\/p>\n<h4>Die zirkul\u00e4re Verdachtsgenerierung<\/h4>\n<p>Oder handelt es sich bei der Erkl\u00e4rung der Bundesregierung doch nur um das in der &#8222;Verfassungsschutz&#8220;-Branche \u00fcbliche zirkul\u00e4re Verfahren der Verdachtsgenerierung?<\/p>\n<p>Da B\u00fcrgerrechte &amp; Polizei verd\u00e4chtig erschien, wurden die daran beteiligten Personen \u00fcberpr\u00fcft. Da ein Teil der MitherausgeberInnen bereits &#8222;amtsbekannt&#8220; war, wurden ihre Dossiers umsortiert und fortan unter der Kategorie &#8222;linksextremistische Presse&#8220; (sp\u00e4ter &#8222;Szenepresse&#8220;) neu verkartet. Die Mitarbeit am verd\u00e4chtigen Objekt wiederum best\u00e4tigte die Notwendigkeit, diese HerausgeberInnen weiterhin in Augenschein &#8211; und in Akten &#8211; zu behalten.<\/p>\n<p>Damit zu leben, f\u00e4llt heute leichter als noch vor 10 oder 5 Jahren. Die &#8222;\u00c4mter&#8220; haben sich mit ihrer ma\u00dfstabslosen Sammel- und De-nunziationsleidenschaft inzwischen selbst in einem Ma\u00dfe politisch demontiert, da\u00df solcherart Verrufserkl\u00e4rungen schlechtestenfalls noch in CDU\/CSU-L\u00e4ndern und in der Rechtspresse verfangen. Daf\u00fcr gilt ihnen unser Dank.<\/p>\n<h4>Was uns heute bewegt<\/h4>\n<p>Wie tr\u00f6sten wir jenes Redaktionsmitglied, das betr\u00fcbt und selbstzweiflerisch ob seines bisherigen politischen Engagements zur Kennntis nehmen mu\u00dfte, da\u00df zumindest das Berliner Landesamt f\u00fcr Verfassungschutz nichts (mehr?) \u00fcber ihn gespeichert hat?<\/p>\n","protected":false},"excerpt":{"rendered":"<p>Verwunderlich ist es sicher nicht, da\u00df &#8222;B\u00fcrgerrechte &amp; Polizei&#8220; (CILIP) von Besch\u00e4ftigten der Verfassungsschutz\u00e4mter gelesen<\/p>\n","protected":false},"author":2,"featured_media":0,"comment_status":"open","ping_status":"open","sticky":false,"template":"","format":"standard","meta":{"footnotes":""},"categories":[152,39],"tags":[],"class_list":["post-5021","post","type-post","status-publish","format-standard","hentry","category-artikel","category-cilip-033"],"_links":{"self":[{"href":"https:\/\/wp-dev.daten.cool\/index.php?rest_route=\/wp\/v2\/posts\/5021","targetHints":{"allow":["GET"]}}],"collection":[{"href":"https:\/\/wp-dev.daten.cool\/index.php?rest_route=\/wp\/v2\/posts"}],"about":[{"href":"https:\/\/wp-dev.daten.cool\/index.php?rest_route=\/wp\/v2\/types\/post"}],"author":[{"embeddable":true,"href":"https:\/\/wp-dev.daten.cool\/index.php?rest_route=\/wp\/v2\/users\/2"}],"replies":[{"embeddable":true,"href":"https:\/\/wp-dev.daten.cool\/index.php?rest_route=%2Fwp%2Fv2%2Fcomments&post=5021"}],"version-history":[{"count":0,"href":"https:\/\/wp-dev.daten.cool\/index.php?rest_route=\/wp\/v2\/posts\/5021\/revisions"}],"wp:attachment":[{"href":"https:\/\/wp-dev.daten.cool\/index.php?rest_route=%2Fwp%2Fv2%2Fmedia&parent=5021"}],"wp:term":[{"taxonomy":"category","embeddable":true,"href":"https:\/\/wp-dev.daten.cool\/index.php?rest_route=%2Fwp%2Fv2%2Fcategories&post=5021"},{"taxonomy":"post_tag","embeddable":true,"href":"https:\/\/wp-dev.daten.cool\/index.php?rest_route=%2Fwp%2Fv2%2Ftags&post=5021"}],"curies":[{"name":"wp","href":"https:\/\/api.w.org\/{rel}","templated":true}]}}