{"id":5293,"date":"2011-11-07T13:09:35","date_gmt":"2011-11-07T13:09:35","guid":{"rendered":"http:\/\/www.cilip.de\/?p=5293"},"modified":"2011-11-07T13:09:35","modified_gmt":"2011-11-07T13:09:35","slug":"redaktionsmitteilung-24","status":"publish","type":"post","link":"https:\/\/wp-dev.daten.cool\/?p=5293","title":{"rendered":"Redaktionsmitteilung"},"content":{"rendered":"<p>42 Seiten im Format A 4, &#8222;gesetzt&#8220; auf einer IBM-Kugelkopf-Schreibmaschine, zusammengeleimt auf einem selbst gezimmerten Layout-Tisch, kopiert und zwischen zwei gr\u00fcne Pappen geheftet \u2013 das war die Nullnummer von &#8222;CILIP&#8220;, die im M\u00e4rz 1978 erschien. Die \u00e4sthetischen Anspr\u00fcche waren klein, die inhaltlichen daf\u00fcr umso gr\u00f6\u00dfer. Das Heft sollte den Mangel an Informationen \u00fcber Polizei und Geheimdienste mindern, Analysen \u00fcber deren Entwicklung liefern und so &#8222;Munition&#8220; f\u00fcr die im Kampf um B\u00fcrgerrechte engagierten Gruppen und Einzelnen bereit stellen.<\/p>\n<p>Die Form des Informationsdienstes hat sich im Laufe der Jahre ge\u00e4ndert. Der Anspruch, keine akademische, sondern eine politisch eingreifende Zeitschrift sein zu wollen, blieb. Die Themen, mit denen sich dieses Blatt auseinander setzen musste, tauchten in st\u00e4ndig neuen Varianten auf: die habhafte polizeiliche Gewalt, insbesondere bei Demonstrationen, der feine informationelle Zugriff, der Ausbau der Befugnisse von Polizei und Geheimdiensten, ihre Zusammenarbeit trotz organisatorischer Trennung sowie \u2013 in wachsendem Ma\u00dfe \u2013 ihre europ\u00e4ische und internationale Aktivit\u00e4t. In diesen Themenbreichen erlauben wir uns in dieser 100. Ausgabe eine Zwischenbilanz.<!--more--><\/p>\n<p>Zwischenbilanz bedeutet auch, dass das Projekt &#8222;B\u00fcrgerrechte &amp; Polizei\/CILIP&#8220; trotz aller Probleme weiter geht. Finanziell unterst\u00fctzt haben diese Ausgabe einmal mehr der Republikanische Anw\u00e4ltinnen- und Anw\u00e4lteverein sowie der Verein der Bundestagsfraktion Die Linke. Daf\u00fcr danken wir herzlich.<\/p>\n<p>***<\/p>\n<p>A propos Probleme: Wir haben mittlerweile einen zeitlichen R\u00fcckstand von zehn Monaten akkumuliert. Den wollen wir mit einer Doppelnummer ein wenig aufholen, die im November erscheinen soll. Sie wird sich im Schwerpunkt mit dem &#8222;staatlichen Kampf gegen Rechts&#8220; befassen.<\/p>\n<p>(Heiner Busch)<\/p>\n","protected":false},"excerpt":{"rendered":"<p>42 Seiten im Format A 4, &#8222;gesetzt&#8220; auf einer IBM-Kugelkopf-Schreibmaschine, zusammengeleimt auf einem selbst gezimmerten<\/p>\n","protected":false},"author":9,"featured_media":10930,"comment_status":"open","ping_status":"open","sticky":false,"template":"","format":"standard","meta":{"footnotes":""},"categories":[106,141],"tags":[],"class_list":["post-5293","post","type-post","status-publish","format-standard","has-post-thumbnail","hentry","category-cilip-100","category-editorials"],"_links":{"self":[{"href":"https:\/\/wp-dev.daten.cool\/index.php?rest_route=\/wp\/v2\/posts\/5293","targetHints":{"allow":["GET"]}}],"collection":[{"href":"https:\/\/wp-dev.daten.cool\/index.php?rest_route=\/wp\/v2\/posts"}],"about":[{"href":"https:\/\/wp-dev.daten.cool\/index.php?rest_route=\/wp\/v2\/types\/post"}],"author":[{"embeddable":true,"href":"https:\/\/wp-dev.daten.cool\/index.php?rest_route=\/wp\/v2\/users\/9"}],"replies":[{"embeddable":true,"href":"https:\/\/wp-dev.daten.cool\/index.php?rest_route=%2Fwp%2Fv2%2Fcomments&post=5293"}],"version-history":[{"count":0,"href":"https:\/\/wp-dev.daten.cool\/index.php?rest_route=\/wp\/v2\/posts\/5293\/revisions"}],"wp:featuredmedia":[{"embeddable":true,"href":"https:\/\/wp-dev.daten.cool\/index.php?rest_route=\/wp\/v2\/media\/10930"}],"wp:attachment":[{"href":"https:\/\/wp-dev.daten.cool\/index.php?rest_route=%2Fwp%2Fv2%2Fmedia&parent=5293"}],"wp:term":[{"taxonomy":"category","embeddable":true,"href":"https:\/\/wp-dev.daten.cool\/index.php?rest_route=%2Fwp%2Fv2%2Fcategories&post=5293"},{"taxonomy":"post_tag","embeddable":true,"href":"https:\/\/wp-dev.daten.cool\/index.php?rest_route=%2Fwp%2Fv2%2Ftags&post=5293"}],"curies":[{"name":"wp","href":"https:\/\/api.w.org\/{rel}","templated":true}]}}