{"id":5455,"date":"1989-12-15T19:36:55","date_gmt":"1989-12-15T19:36:55","guid":{"rendered":"http:\/\/www.cilip.de\/?p=5455"},"modified":"1989-12-15T19:36:55","modified_gmt":"1989-12-15T19:36:55","slug":"gedaechtnisprotokoll","status":"publish","type":"post","link":"https:\/\/wp-dev.daten.cool\/?p=5455","title":{"rendered":"Ged\u00e4chtnisprotokoll"},"content":{"rendered":"<p>&#8222;Wir zwei M\u00e4dels aus Prenzlauer Berg waren am 7. Oktober auf der Demo vom Alex bis Sch\u00f6nhauser Allee. Als die Polizei versuchte, die Demo auf der Sch\u00f6nhauser Allee aufzul\u00f6sen, rannten wir in Todesangst auf die D\u00e4nenstra\u00dfe, und dort gerieten wir in einen Kessel von der Polizei, die uns mit Gummikn\u00fcppeln jagte. Eine Freundin von uns wohnt in der D\u00e4nenstra\u00dfe. Sie war nicht bei der Demo dabei, hat uns aber rennen sehen und hat uns zugerufen, da\u00df wir nach oben kommen sollen. Als wir dort angelangt waren (wir waren ca. 10 Mann), schlossen wir uns ein und beobachteten die Sache vom Fenster aus. Wir wurden fotografiert. Nach etwa einer halben Stunde klopfte und klingelte es Sturm, wir \u00f6ffneten nicht. Dann bin ich mit meiner Freundin in eine Nachbarwohnung telefonieren gegangen. In den zwei Minuten, wo wir weg waren, hat die Polizei die Wohnungst\u00fcr eingetreten und hat alle Leute verhaftet, darunter den Vater des M\u00e4dchens und die Tochter auch. Sie ist 15 Jahre und bis jetzt vermi\u00dft. Alle, die sich in der Wohnung aufhielten, wurden mit Gummikn\u00fcppeln runtergejagt, sie durften nicht ihre Jacken mitnehmen oder den PA. Die Mutter mit dem 12j\u00e4hrigen Sohn wollten sie auch mitnehmen, die Mutter weigerte sich aber, die Bullen lie\u00dfen sie da. Bis jetzt wissen wir nicht, was mit S. ist (&#8230;)&#8220;.<\/p>\n<p><em>Aus: Tage und N\u00e4chte nach dem 7.Okt. &#8217;89<\/em><br \/>\n<em>Hg.: Evang. Stadtjugendpfarramt Berlin,<\/em><br \/>\n<em>Kontakttelefongruppe<\/em><\/p>\n","protected":false},"excerpt":{"rendered":"<p>&#8222;Wir zwei M\u00e4dels aus Prenzlauer Berg waren am 7. Oktober auf der Demo vom Alex<\/p>\n","protected":false},"author":2,"featured_media":0,"comment_status":"open","ping_status":"open","sticky":false,"template":"","format":"standard","meta":{"footnotes":""},"categories":[152,40],"tags":[],"class_list":["post-5455","post","type-post","status-publish","format-standard","hentry","category-artikel","category-cilip-034-archiv"],"_links":{"self":[{"href":"https:\/\/wp-dev.daten.cool\/index.php?rest_route=\/wp\/v2\/posts\/5455","targetHints":{"allow":["GET"]}}],"collection":[{"href":"https:\/\/wp-dev.daten.cool\/index.php?rest_route=\/wp\/v2\/posts"}],"about":[{"href":"https:\/\/wp-dev.daten.cool\/index.php?rest_route=\/wp\/v2\/types\/post"}],"author":[{"embeddable":true,"href":"https:\/\/wp-dev.daten.cool\/index.php?rest_route=\/wp\/v2\/users\/2"}],"replies":[{"embeddable":true,"href":"https:\/\/wp-dev.daten.cool\/index.php?rest_route=%2Fwp%2Fv2%2Fcomments&post=5455"}],"version-history":[{"count":0,"href":"https:\/\/wp-dev.daten.cool\/index.php?rest_route=\/wp\/v2\/posts\/5455\/revisions"}],"wp:attachment":[{"href":"https:\/\/wp-dev.daten.cool\/index.php?rest_route=%2Fwp%2Fv2%2Fmedia&parent=5455"}],"wp:term":[{"taxonomy":"category","embeddable":true,"href":"https:\/\/wp-dev.daten.cool\/index.php?rest_route=%2Fwp%2Fv2%2Fcategories&post=5455"},{"taxonomy":"post_tag","embeddable":true,"href":"https:\/\/wp-dev.daten.cool\/index.php?rest_route=%2Fwp%2Fv2%2Ftags&post=5455"}],"curies":[{"name":"wp","href":"https:\/\/api.w.org\/{rel}","templated":true}]}}