{"id":5594,"date":"1996-08-16T08:08:10","date_gmt":"1996-08-16T08:08:10","guid":{"rendered":"http:\/\/www.cilip.de\/?p=5594"},"modified":"1996-08-16T08:08:10","modified_gmt":"1996-08-16T08:08:10","slug":"chronologie-mai-1996","status":"publish","type":"post","link":"https:\/\/wp-dev.daten.cool\/?p=5594","title":{"rendered":"Chronologie Mai 1996"},"content":{"rendered":"<h3>zusammengestellt von Melanie Hillmann<\/h3>\n<div><b>01.05.: <\/b><\/div>\n<p>\u2022 In Berlin kommt es bei der \u201dRevolution\u00e4ren Mai-Demonstration\u201d zu Ausschreitungen. Die Polizei hat 4.500 Beamte im Einsatz. 226 Personen werden festgenommen.<\/p>\n<div><b>03.05.: <\/b><\/div>\n<p>\u2022 Auf eine Anfrage der Fraktion B\u00dcNDNIS 90\/GR\u00dcNE teilt die Bundesregierung mit, da\u00df 1994 insgesamt 3.739 Telefon\u00fcberwachungen durchgef\u00fchrt wurden.<\/p>\n<div><b>06.05.: <\/b><\/div>\n<p>\u2022 In Berlin beginnt der zweite Proze\u00df gegen den ehemaligen DDR-Unterh\u00e4ndler Wolfgang Vogel. Ihm wird Erpressung von Ausreisewilligen in rund 40 F\u00e4llenvorgeworfen. Mitangeklagt ist der ehemalige Stasi-Generalmajor Gerhard Niebling.<!--more--><\/p>\n<div><b>08.05.: <\/b><\/div>\n<p>\u2022 In Celle beginnt der Proze\u00df wegen \u201dfahrl\u00e4ssiger T\u00f6tung\u201d gegen den Polizeiobermeister der im Juni 1994 den 16j\u00e4hrigen Kurden Halim Dener erschossen hatte. Dener hatte gemeinsam mit anderen Kurden Plakate f\u00fcr die verbotene PKK geklebt.<\/p>\n<p>\u2022 Von einem betrunkenen Autofahrer wird bei einer Fahrzeugkontrolle in Berlin ein Polizist erschossen und zwei weitere schwer verletzt.<\/p>\n<p>\u2022 Der Landtag in Niedersachsen verabschiedet eine \u00c4nderung des Gefahrenabwehrgesetzes. Neben anderen Versch\u00e4rfungen wird die H\u00f6chstdauer des Unterbindungsgewahrsams von zwei auf vier Tage verl\u00e4ngert.<\/p>\n<div><b>09.05.: <\/b><\/div>\n<p>\u2022 In Hamburg steht der 42j\u00e4hrige Neonazi Gary Lauck vor Gericht. Er mu\u00df sich wegen Volksverhetzung, Aufstachelung zum Rassenha\u00df, Verbreitung von Propagandamaterial sowie Verwendung von Kennzeichen verfassungswidriger Organisationen verantworten.<\/p>\n<p>\u2022 Das Berliner Landgericht verurteilt einenVietnamesen, der mit einer Axt einen Polizisten angegriffen hatte, zu einer Bew\u00e4hrungsstrafe von einem Jahr.<\/p>\n<div><b>10.05.: <\/b><\/div>\n<p>\u2022 Nach 21 Jahren wird die ehemalige RAF-Terroristin Hanna Krabbe aus der Haft entlassen.<\/p>\n<div><b>14.05.: <\/b><\/div>\n<p>\u2022 Vom Bundesverfassungsgericht (BVerfG) wird das 1993 von CDU\/CSU und SPD ge\u00e4nderte Asylrecht im wesentlichen best\u00e4tigt. Die drei insbesondere umstrittenen Punkte \u201dSicherer Drittstaat, Sicheres Herkunftsland und die Flughafenregelung\u201d seien bis auf geringe M\u00e4ngel nicht zu beanstanden. (Az.: 2 BvR 1938\/93 und 2 BvR 2315\/93; Az.: 2 BvR 1507\/93 und 2 BvR 1508\/93; Az.: 2 BvR 1516\/93) Die Bundesregierung begr\u00fc\u00dft die Asylrechtsentscheidung des BVerfG, von den GR\u00dcNEN und von Menschenrechtsgruppen kommt dagegen scharfe Kritik.<\/p>\n<p>\u2022 Das s\u00e4chsische Landesverfassungsgericht erkl\u00e4rt Teile des s\u00e4schischen Polizeigesetzes von 1994 f\u00fcr verfassungswidrig. Der Hauptvorwurf der Richter besteht in mangelndem Verfahrensschutz und mangelnder Differenzierung. Die Bestimmungen \u00fcber den Einsatz von besonderen polizeilichen Mitteln, wie l\u00e4ngerfristige Observationen oder der Einsatz von Verdeckten Ermittlernverst\u00f6\u00dft ihrer Ansicht nach insgesamt gegen die s\u00e4chsische Verfassung. Der Landtag mu\u00df das Gesetz nun bis zum Ende der Legislaturperiode \u00e4ndern. Die PDS im brandenburgischen Landtag pr\u00fcft daraufhin, ebenfalls eine Klage gegen das dortige Gesetz einzureichen.<\/p>\n<div><b>15.05.: <\/b><\/div>\n<p>\u2022 Peter Frisch, seit 1987 Vizepr\u00e4sident des Bundesamtes f\u00fcr Verfassungsschutz wird neuer BfV-Pr\u00e4sident.<\/p>\n<div><b>22.05.: <\/b><\/div>\n<p>\u2022 In L\u00fcbeck werden diemutma\u00dflichen Autobahnsch\u00fctzen festgenommen. Sie hatten versucht, mit Anschl\u00e4gen auf Autofahrer die schleswig-holsteinische Landesregierung um drei Mio. DM zu erpressen.<\/p>\n<p>\u2022 In Frankfurt\/Oder wird der Leiter des Kommissariats Organisierte Kriminalit\u00e4t festgenommen. Er steht im Verdacht, Kontakte zum \u201dRotlichtmilieu\u201d zu unterhalten und Zuh\u00e4lter \u00fcber Ermittlungsergebnisse und bevorstehende Razzientermine unterrichtet zu haben.<\/p>\n<div><b>23.05.: <\/b><\/div>\n<p>\u2022 Im Stuttgarter \u201dBrandstifterproze\u00df\u201d wird ein Mann zu 15 Jahren Freiheitsstrafe mit anschlie\u00dfender Sicherungsverwahrung verurteilt. Bei einem von ihm in einem von Ausl\u00e4ndern bewohnten Geb\u00e4ude gelegten Feuer waren im M\u00e4rz 1994 sieben Menschen get\u00f6tet worden.<\/p>\n<div><b>28.05.: <\/b><\/div>\n<p>\u2022 Im sog. \u201dBernau-Proze\u00df\u201d um die Mi\u00dfhandlung von Vietnamesen durch Polizisten sagen zwei deutsche Zeuginnen aus, im Fr\u00fchjahr 1994 beobachtet zu haben, wie ein Polizist einen Vietnamesen bei der Festnahme getreten und geschlagen habe. Insgesamt sind in dem Proze\u00df acht Polizisten wegen Mi\u00dfhandlung von 20 vietnamesischen Zigarettenh\u00e4ndlern angeklagt.<\/p>\n<div><b>29.05.: <\/b><\/div>\n<p>\u2022 Nach einem Beschlu\u00df des Bundesgerichtshofes mu\u00df ein Richter den Einsatz von verdeckten Ermittlern sorgf\u00e4ltig pr\u00fcfen. Dabei mahnt der BGH u.a. dann zu \u201dbesonderer Vorsicht\u201d, wenn Entscheidungsgrundlage allein der Hinweis einer V-Person sei. (Az.: 1 StR 685\/95) Vor dem Hamburger Landgericht beginnt der Proze\u00df gegen zwei Polizisten wegen K\u00f6rperverletzung im Amt, N\u00f6tigung und Freiheitsberaubung. Sie hatten w\u00e4hrend einer Protestdemonstration gegen den \u00f6sterreichischen Politiker J\u00f6rg Haider (FP\u00d6) im Mai 1994, den Journalisten Oliver Ne\u00df schwer verletzt. Am 26.6. werden sie zu Geldstrafen von 3.200 bzw. 4.800 DM verurteilt.<\/p>\n<div><b>31.05.: <\/b><\/div>\n<p>\u2022 Erstmals werden in Berlin unter strengsten Sicherheitsvorkehrungen Rekruten der Bundeswehr vereidigt. Gegen das Rekrutengel\u00f6bnis demonstrieren etwa 1.000 Menschen. Die Polizei nimmt mehrere Personen vor\u00fcbergehend fest.<\/p>\n<p><em>Melanie Hillmann ist Studentin am \u201dOtto-Suhr-Institut\u201d der \u201dFreien Universit\u00e4t Berlin\u201d <\/em><\/p>\n","protected":false},"excerpt":{"rendered":"<p>zusammengestellt von Melanie Hillmann 01.05.: \u2022 In Berlin kommt es bei der \u201dRevolution\u00e4ren Mai-Demonstration\u201d zu<\/p>\n","protected":false},"author":2,"featured_media":0,"comment_status":"open","ping_status":"open","sticky":false,"template":"","format":"standard","meta":{"footnotes":""},"categories":[6,60],"tags":[],"class_list":["post-5594","post","type-post","status-publish","format-standard","hentry","category-chronologien","category-cilip-054"],"_links":{"self":[{"href":"https:\/\/wp-dev.daten.cool\/index.php?rest_route=\/wp\/v2\/posts\/5594","targetHints":{"allow":["GET"]}}],"collection":[{"href":"https:\/\/wp-dev.daten.cool\/index.php?rest_route=\/wp\/v2\/posts"}],"about":[{"href":"https:\/\/wp-dev.daten.cool\/index.php?rest_route=\/wp\/v2\/types\/post"}],"author":[{"embeddable":true,"href":"https:\/\/wp-dev.daten.cool\/index.php?rest_route=\/wp\/v2\/users\/2"}],"replies":[{"embeddable":true,"href":"https:\/\/wp-dev.daten.cool\/index.php?rest_route=%2Fwp%2Fv2%2Fcomments&post=5594"}],"version-history":[{"count":0,"href":"https:\/\/wp-dev.daten.cool\/index.php?rest_route=\/wp\/v2\/posts\/5594\/revisions"}],"wp:attachment":[{"href":"https:\/\/wp-dev.daten.cool\/index.php?rest_route=%2Fwp%2Fv2%2Fmedia&parent=5594"}],"wp:term":[{"taxonomy":"category","embeddable":true,"href":"https:\/\/wp-dev.daten.cool\/index.php?rest_route=%2Fwp%2Fv2%2Fcategories&post=5594"},{"taxonomy":"post_tag","embeddable":true,"href":"https:\/\/wp-dev.daten.cool\/index.php?rest_route=%2Fwp%2Fv2%2Ftags&post=5594"}],"curies":[{"name":"wp","href":"https:\/\/api.w.org\/{rel}","templated":true}]}}