{"id":595,"date":"2015-02-22T09:58:18","date_gmt":"2015-02-22T09:58:18","guid":{"rendered":"http:\/\/www.cilip.de\/?p=595"},"modified":"2015-02-22T09:58:18","modified_gmt":"2015-02-22T09:58:18","slug":"redaktionsmitteilung-2","status":"publish","type":"post","link":"https:\/\/wp-dev.daten.cool\/?p=595","title":{"rendered":"Redaktionsmitteilung"},"content":{"rendered":"<p>\u201eAbh\u00f6rprogramme der USA und Umfang der Kooperation der deutschen Nachrichtendienste mit den US-Nachrich\u00adten\u00addiensten\u201c \u2013 das war der Titel einer umfangreichen Kleinen Anfrage, die die SPD-Bundes\u00adtags\u00adfraktion Ende Juli 2013, zwei Monate vor der Wahl, einreichte. Die Antwort der Bundesregierung (BT-Drs. 17\/14560 v. 14.8.2013) ist vor allem deshalb bemerkenswert, weil sie Antworten auf 25 der 115 Unterfragen \u201enach sorgf\u00e4ltiger Abw\u00e4gung\u201c aus Gr\u00fcnden des \u201eStaatswohls\u201c verweigerte. Die Infomationen seien geheimhaltungsbed\u00fcrftig \u2013 VS-vertraulich oder VS-geheim \u2013, weil sie \u201eim Zusammenhang mit Aufkl\u00e4rungsaktivit\u00e4ten und Analysemethoden\u201c, \u201etechnischen F\u00e4higkeiten\u201c oder Aspekten der Kooperation der deutschen Geheimdienste mit ihren US-PartnerInnen st\u00fcnden. Die heutige Regierungspartei SPD d\u00fcrfte l\u00e4ngst vergessen haben, wie sie damals abserviert wurde. Im NSA-Untersuchungsausschuss tr\u00e4gt sie jetzt die Geheimhaltungspolitik wieder mit.<!--more--><\/p>\n<p>Das Innenleben der Staatsmacht ist tabu \u2013 sowohl f\u00fcr ParlamentarierInnen als auch f\u00fcr gew\u00f6hnliche B\u00fcrgerInnen. Das Bundesamt f\u00fcr Verfassungsschutz darf Ausk\u00fcnfte \u00fcber gespeicherte Daten verweigern, wenn \u201edie Ausforschung (seines) Erkenntnisstands oder (seiner) Arbeitsweise zu bef\u00fcrchten ist\u201c. Das Bundeskriminalamt lehnt Auskunftsantr\u00e4ge ab, weil es den Verdacht hegt, dass die Betroffenen nichts anderes im Sinn h\u00e4tten, als seine \u201eDienstgeheimnisse\u201c offenzulegen. Und in stillen Momenten h\u00f6rt man einen Chor von Geheimdienst- und StaatsschutzmitarbeiterInnen die ber\u00fchmte Liedzeile aus Franz Leh\u00e1rs Operette \u201eDas Land des L\u00e4chelns\u201c anstimmen: \u201eDoch wie\u2019s da drin aussieht, geht niemand was an.\u201c<\/p>\n<p>***<\/p>\n<p>Die n\u00e4chste Ausgabe von B\u00fcrgerrechte &amp; Polizei\/CILIP befasst sich mit dem Verh\u00e4ltnis von Polizei und Sozialarbeit.<\/p>\n<h3>Beitragsbild: Matthias Monroy<\/h3>\n<p>&nbsp;<\/p>\n","protected":false},"excerpt":{"rendered":"<p>\u201eAbh\u00f6rprogramme der USA und Umfang der Kooperation der deutschen Nachrichtendienste mit den US-Nachrich\u00adten\u00addiensten\u201c \u2013 das<\/p>\n","protected":false},"author":9,"featured_media":6079,"comment_status":"closed","ping_status":"open","sticky":false,"template":"","format":"standard","meta":{"footnotes":""},"categories":[112,141],"tags":[],"class_list":["post-595","post","type-post","status-publish","format-standard","has-post-thumbnail","hentry","category-cilip-107","category-editorials"],"_links":{"self":[{"href":"https:\/\/wp-dev.daten.cool\/index.php?rest_route=\/wp\/v2\/posts\/595","targetHints":{"allow":["GET"]}}],"collection":[{"href":"https:\/\/wp-dev.daten.cool\/index.php?rest_route=\/wp\/v2\/posts"}],"about":[{"href":"https:\/\/wp-dev.daten.cool\/index.php?rest_route=\/wp\/v2\/types\/post"}],"author":[{"embeddable":true,"href":"https:\/\/wp-dev.daten.cool\/index.php?rest_route=\/wp\/v2\/users\/9"}],"replies":[{"embeddable":true,"href":"https:\/\/wp-dev.daten.cool\/index.php?rest_route=%2Fwp%2Fv2%2Fcomments&post=595"}],"version-history":[{"count":0,"href":"https:\/\/wp-dev.daten.cool\/index.php?rest_route=\/wp\/v2\/posts\/595\/revisions"}],"wp:featuredmedia":[{"embeddable":true,"href":"https:\/\/wp-dev.daten.cool\/index.php?rest_route=\/wp\/v2\/media\/6079"}],"wp:attachment":[{"href":"https:\/\/wp-dev.daten.cool\/index.php?rest_route=%2Fwp%2Fv2%2Fmedia&parent=595"}],"wp:term":[{"taxonomy":"category","embeddable":true,"href":"https:\/\/wp-dev.daten.cool\/index.php?rest_route=%2Fwp%2Fv2%2Fcategories&post=595"},{"taxonomy":"post_tag","embeddable":true,"href":"https:\/\/wp-dev.daten.cool\/index.php?rest_route=%2Fwp%2Fv2%2Ftags&post=595"}],"curies":[{"name":"wp","href":"https:\/\/api.w.org\/{rel}","templated":true}]}}