{"id":611,"date":"2014-05-05T10:07:32","date_gmt":"2014-05-05T10:07:32","guid":{"rendered":"http:\/\/www.cilip.de\/?p=611"},"modified":"2014-05-05T10:07:32","modified_gmt":"2014-05-05T10:07:32","slug":"redaktionsmitteilung-3","status":"publish","type":"post","link":"https:\/\/wp-dev.daten.cool\/?p=611","title":{"rendered":"Redaktionsmitteilung"},"content":{"rendered":"<p>Wenn die bundesdeutschen Geheimdienste dereinst auf die Idee k\u00e4men, eine Geschichte der Skandale zu verfassen, die sie produziert haben, dann m\u00fcsste die \u00dcberschrift lauten: &#8222;Krisen sind immer auch Chancen.&#8220; Seit November 2011 hielt der NSU-Skandal die \u00d6ffentlichkeit in Atem. Die Berichte \u00fcber die Ignoranz gegen\u00fcber der rechten Gewalt, \u00fcber die V-Leute des Verfassungsschutzes, ihre Herkunft aus dem und ihre dauerhafte Verstrickung in den rechten Sumpf, \u00fcber vernichtete Akten, immense Honorare und \u00c4hnliches mehr schienen fast kein Ende zu nehmen. Im August 2013 legte der Untersuchungsausschuss des Bundestages seinen Bericht vor. Aber bereits Monate vorher war klar, dass vor allem das Bundesamt f\u00fcr Verfassungsschutz mit mehr Kompetenzen und mehr Macht im Verbund mit den Landes\u00e4mtern aus der Krise hervorgehen w\u00fcrde. Ein paar Brosamen f\u00fcr die parlamentarischen Kontrollgremien und auch dieser Skandal ist erledigt.<!--more--><\/p>\n<p>Der n\u00e4chste Untersuchungsausschuss &#8211; diesmal zum NSA-Skandal und zur Rolle der deutschen Geheimdienste in diesem Kontext &#8211; hat nun seine Arbeit aufgenommen. Man wird sehen, ob seine Mitglieder erneut die Bereitschaft aufbringen, \u00fcber Partei- und Koalitionsgrenzen hinaus an der Offenlegung von Informationen zu arbeiten. Zweifel sind angebracht: Denn mehr noch als die Arbeit der Geheimdienste im Landesinnern ist ihre internationale Kooperation eine Black Box. Wer mag da glauben, dass die Staatsparteien dies \u00e4ndern m\u00f6chten?<\/p>\n<p>***<\/p>\n<p>Die europ\u00e4ischen Staaten sind in unterschiedlichem Ausma\u00df von der Wirtschaftskrise betroffen. Wie ver\u00e4ndert sich dabei die Rolle der Polizei? Das ist die Frage, die wir uns im Schwerpunkt der kommenden Ausgabe von B\u00fcrgerrechte &amp; Polizei\/CILIP stellen.<\/p>\n<h3>Beitragsbild: BND-Zentrale in Berlin (Matthias Monroy).<\/h3>\n","protected":false},"excerpt":{"rendered":"<p>Wenn die bundesdeutschen Geheimdienste dereinst auf die Idee k\u00e4men, eine Geschichte der Skandale zu verfassen,<\/p>\n","protected":false},"author":9,"featured_media":7743,"comment_status":"closed","ping_status":"open","sticky":false,"template":"","format":"standard","meta":{"footnotes":""},"categories":[110,141],"tags":[],"class_list":["post-611","post","type-post","status-publish","format-standard","has-post-thumbnail","hentry","category-cilip-105","category-editorials"],"_links":{"self":[{"href":"https:\/\/wp-dev.daten.cool\/index.php?rest_route=\/wp\/v2\/posts\/611","targetHints":{"allow":["GET"]}}],"collection":[{"href":"https:\/\/wp-dev.daten.cool\/index.php?rest_route=\/wp\/v2\/posts"}],"about":[{"href":"https:\/\/wp-dev.daten.cool\/index.php?rest_route=\/wp\/v2\/types\/post"}],"author":[{"embeddable":true,"href":"https:\/\/wp-dev.daten.cool\/index.php?rest_route=\/wp\/v2\/users\/9"}],"replies":[{"embeddable":true,"href":"https:\/\/wp-dev.daten.cool\/index.php?rest_route=%2Fwp%2Fv2%2Fcomments&post=611"}],"version-history":[{"count":0,"href":"https:\/\/wp-dev.daten.cool\/index.php?rest_route=\/wp\/v2\/posts\/611\/revisions"}],"wp:featuredmedia":[{"embeddable":true,"href":"https:\/\/wp-dev.daten.cool\/index.php?rest_route=\/wp\/v2\/media\/7743"}],"wp:attachment":[{"href":"https:\/\/wp-dev.daten.cool\/index.php?rest_route=%2Fwp%2Fv2%2Fmedia&parent=611"}],"wp:term":[{"taxonomy":"category","embeddable":true,"href":"https:\/\/wp-dev.daten.cool\/index.php?rest_route=%2Fwp%2Fv2%2Fcategories&post=611"},{"taxonomy":"post_tag","embeddable":true,"href":"https:\/\/wp-dev.daten.cool\/index.php?rest_route=%2Fwp%2Fv2%2Ftags&post=611"}],"curies":[{"name":"wp","href":"https:\/\/api.w.org\/{rel}","templated":true}]}}