{"id":6218,"date":"2015-06-02T21:04:57","date_gmt":"2015-06-02T21:04:57","guid":{"rendered":"http:\/\/www.cilip.de\/?p=6218"},"modified":"2015-06-02T21:04:57","modified_gmt":"2015-06-02T21:04:57","slug":"redaktionsmitteilung-25","status":"publish","type":"post","link":"https:\/\/wp-dev.daten.cool\/?p=6218","title":{"rendered":"Redaktionsmitteilung"},"content":{"rendered":"<p>\u201eSt\u00e4ndige Horrorszenarien \u00fcber \u201aAusl\u00e4nderkriminali\u00e4t\u2019, \u201asteigende Kinder- und Jugendkriminalit\u00e4t\u2019 und \u201asteigende Gewaltdelikte\u2019 f\u00fchren dazu, dass unter dem Stichwort \u201acommunity policing\u2019 \u00fcber neue Strategien kommunaler Regulation nachgedacht wird\u201c, stellte Titus Simon in Nr. 63 dieser Zeitschrift fest. Polizei und Sozialarbeit f\u00e4nden sich immer \u00f6fter an \u201erunden Tischen\u201c oder in \u201ekriminalpr\u00e4ventiven\u201c R\u00e4ten wieder, wo man von ihnen erwarte, dass sie nicht nur gegen Kriminalit\u00e4t, sondern gegen alle m\u00f6glichen \u201eunangenehmen Bel\u00e4stigungen des \u00f6ffentlichen Raumes\u201c vorgehen. Die Sozialarbeit laufe angesichts des \u00f6ffentlichen Drucks Gefahr, in die Rolle des \u201ekreativen Ordnungskaspers\u201c gedr\u00e4ngt zu werden.<br \/>\nSimons Warnung aus dem Jahre 1999 ist aktueller denn je: Die Euphorie des Community Policing ist zwar verflogen, die kriminalpolitischen Horrorszenarien jedoch blieben. <!--more--><\/p>\n<p>Vor dem Hintergrund der \u00f6konomischen Krise und der \u201eAufwertung\u201c ehemals armer Innenstadtbezirke hat sich der Sicherheits-, Sauberkeits- und Ordnungsdiskurs verstetigt. Und die Sozialarbeit hat mehr denn je damit zu k\u00e4mpfen, in den vielf\u00e4ltigen Formen der Kooperation mit Polizei und Strafjustiz ihre Eigen\u00adst\u00e4ndigkeit zu wahren. In dieser Auseinandersetzung geht es nicht um berufsst\u00e4ndische Eitelkeiten, sondern in erster Linie um die handfesten Interessen von Jugendlichen, Wohnungslosen oder MigrantInnen. Wenn die Sozialarbeit das Vertrauen ihrer KlientInnen verliert, ist sie verloren.<\/p>\n<p>***<\/p>\n<p>Polizei und Migration \u2013 das Thema der n\u00e4chsten Ausgabe von B\u00fcrgerrechte &amp; Polizei\/CILIP hat in diesem Fr\u00fchjahr eine schreckliche Aktualit\u00e4t erhalten. Die Katastrophe im Mittelmeer, das dank des europ\u00e4ischen Grenzschutzes erneut zum Massengrab wurde, setzt sich fort in der Ausgrenzung von Fl\u00fcchtlingen und MigrantInnen im Innern unserer Gesellschaft.<\/p>\n<h3>Beitragsbild: Mini-Wasserwerfer der Berliner Polizei (Polizei Berlin).<\/h3>\n","protected":false},"excerpt":{"rendered":"<p>\u201eSt\u00e4ndige Horrorszenarien \u00fcber \u201aAusl\u00e4nderkriminali\u00e4t\u2019, \u201asteigende Kinder- und Jugendkriminalit\u00e4t\u2019 und \u201asteigende Gewaltdelikte\u2019 f\u00fchren dazu, dass unter<\/p>\n","protected":false},"author":9,"featured_media":6356,"comment_status":"closed","ping_status":"open","sticky":false,"template":"","format":"standard","meta":{"footnotes":""},"categories":[113,141],"tags":[],"class_list":["post-6218","post","type-post","status-publish","format-standard","has-post-thumbnail","hentry","category-cilip-108","category-editorials"],"_links":{"self":[{"href":"https:\/\/wp-dev.daten.cool\/index.php?rest_route=\/wp\/v2\/posts\/6218","targetHints":{"allow":["GET"]}}],"collection":[{"href":"https:\/\/wp-dev.daten.cool\/index.php?rest_route=\/wp\/v2\/posts"}],"about":[{"href":"https:\/\/wp-dev.daten.cool\/index.php?rest_route=\/wp\/v2\/types\/post"}],"author":[{"embeddable":true,"href":"https:\/\/wp-dev.daten.cool\/index.php?rest_route=\/wp\/v2\/users\/9"}],"replies":[{"embeddable":true,"href":"https:\/\/wp-dev.daten.cool\/index.php?rest_route=%2Fwp%2Fv2%2Fcomments&post=6218"}],"version-history":[{"count":0,"href":"https:\/\/wp-dev.daten.cool\/index.php?rest_route=\/wp\/v2\/posts\/6218\/revisions"}],"wp:featuredmedia":[{"embeddable":true,"href":"https:\/\/wp-dev.daten.cool\/index.php?rest_route=\/wp\/v2\/media\/6356"}],"wp:attachment":[{"href":"https:\/\/wp-dev.daten.cool\/index.php?rest_route=%2Fwp%2Fv2%2Fmedia&parent=6218"}],"wp:term":[{"taxonomy":"category","embeddable":true,"href":"https:\/\/wp-dev.daten.cool\/index.php?rest_route=%2Fwp%2Fv2%2Fcategories&post=6218"},{"taxonomy":"post_tag","embeddable":true,"href":"https:\/\/wp-dev.daten.cool\/index.php?rest_route=%2Fwp%2Fv2%2Ftags&post=6218"}],"curies":[{"name":"wp","href":"https:\/\/api.w.org\/{rel}","templated":true}]}}