{"id":6277,"date":"2015-06-01T21:57:13","date_gmt":"2015-06-01T21:57:13","guid":{"rendered":"https:\/\/www.cilip.de\/?p=6277"},"modified":"2015-06-01T21:57:13","modified_gmt":"2015-06-01T21:57:13","slug":"fluggastdaten-auf-vorrat-absturz-der-grundrechte","status":"publish","type":"post","link":"https:\/\/wp-dev.daten.cool\/?p=6277","title":{"rendered":"Fluggastdaten auf Vorrat: Absturz der Grundrechte"},"content":{"rendered":"<p>Am 2. Februar 2011 hat die damalige Innenkommissarin Cecilia Malmstr\u00f6m einen Entwurf f\u00fcr eine EU-weite Vorratsdatenspeicherung von Fluggastdaten (EU-PNR) vorgelegt.<a href=\"#_ftn1\" name=\"_ftnref1\">[1]<\/a> Bei jedem Flug werden bis zu 60 Einzelinformationen pro PassagierIn gespeichert. Neben flugspezifischen Daten enth\u00e4lt ein solcher Passenger Name Record (PNR) auch Angaben \u00fcber SitznachbarInnen, Kreditkartenzahlungen, E-Mail-Adressen und besondere Essensw\u00fcnsche sowie ein Feld f\u00fcr allgemeine Bemerkungen, in dem unbewiesene Behauptungen und Beobachtungen notiert werden k\u00f6nnen.<\/p>\n<p>Diese Daten erlauben einen tiefen Einblick in die Privatsph\u00e4re, lassen R\u00fcckschl\u00fcsse auf die Religionszugeh\u00f6rigkeit (Essensw\u00fcnsche) oder die Kontakte der Reisenden zu. PNR-Eintr\u00e4ge im Feld f\u00fcr allgemeine Bemerkungen k\u00f6nnen zudem Hinweise auf die Gem\u00fctslage, mitgef\u00fchrte Literatur oder das Verhalten der jeweiligen Personen enthalten. Diese nicht verifizierbaren Eintr\u00e4ge k\u00f6nnen neben einer Stigmatisierung auch dazu f\u00fchren, dass Ermittlungsbeh\u00f6rden die Betreffenden als Verd\u00e4chtige einstufen und sie eingehend \u00fcberwachen.<!--more--><\/p>\n<figure id=\"attachment_10600\" aria-describedby=\"caption-attachment-10600\" style=\"width: 200px\" class=\"wp-caption alignright\"><a href=\"http:\/\/www.cilip.de\/wp-content\/uploads\/2015\/06\/NoPNR-Logo.jpg\"><img loading=\"lazy\" decoding=\"async\" class=\"size-medium wp-image-10600\" src=\"https:\/\/cilip.site36.net\/files\/2015\/06\/NoPNR-Logo-200x66.jpg\" alt=\"Alexander Sander ist Sprecher der Initiative &quot;NoPNR&quot;.\" width=\"200\" height=\"66\" \/><\/a><figcaption id=\"caption-attachment-10600\" class=\"wp-caption-text\">Alexander Sander ist Sprecher der <a href=\"http:\/\/www.nopnr.org\/\">Initiative &#8222;NoPNR&#8220;<\/a>.<\/figcaption><\/figure>\n<p>Der Entwurf sieht vor, dass diese Informationen f\u00fcnf Jahre auf Vorrat gespeichert werden. Die Daten sollen gerastert werden, \u201edamit bisher \u201aunbekannte\u2018 Verd\u00e4chtige identifiziert und ein Datenabgleich mit verschiedenen Datenbanken f\u00fcr gesuchte Personen und Gegenst\u00e4nde durchgef\u00fchrt werden k\u00f6nnen\u201c.<\/p>\n<p>Am 24. April 2013 hatte der Innenausschuss des Europ\u00e4ischen Parlaments (EP) klar gegen diesen Vorschlag gestimmt. In der anschlie\u00dfenden Plenumsabstimmung wurde der Vorschlag jedoch wieder zur\u00fcck an den Ausschuss verwiesen, da die Mehrheiten unsicher waren.<\/p>\n<p>Nun besch\u00e4ftigt sich der EP-Innenausschuss erneut mit dem Vorschlag. Auch die neue, leicht ver\u00e4nderte Version, die Timothy Kirkhope, ein Verfechter des EU-PNR, als Berichterstatter des Ausschusses, vorgelegt hat, bleibt grundrechtswidrig.<a href=\"#_ftn2\" name=\"_ftnref2\">[2]<\/a> Nach wie vor ist die anlasslose und umfassende Speicherung von Fluggastdaten vorgesehen. Diese verst\u00f6\u00dft klar gegen die Ma\u00dfgabe des Europ\u00e4ischen Gerichtshofs, der in seinem Urteil vom April 2014 f\u00fcr den Einsatz von \u00dcberwachungsma\u00dfnahmen klare Grenzen aufgezeigt hat.<a href=\"#_ftn3\" name=\"_ftnref3\">[3]<\/a> Der Druck auf die EU-Mandatare jedoch ist enorm: Vergangenes Jahr hatte der Rat die Mitgliedstaaten aufgefordert, die nationalen EP-Abgeordneten zur Zustimmung zu bewegen. Auch nach den Anschl\u00e4gen in Frankreich und D\u00e4nemark waren die Rufe nach der Einf\u00fchrung der Vorratsdatenspeicherung von Reisedaten un\u00fcberh\u00f6rbar.<\/p>\n<p>(Alexander Sander)<\/p>\n<h6><a href=\"#_ftnref1\" name=\"_ftn1\">[1]<\/a> Kom (2011) 32 endg. v. 2.2.2011<br \/>\n<a href=\"#_ftnref2\" name=\"_ftn2\"><\/a><\/h6>\n<h6><a href=\"#_ftnref2\" name=\"_ftn2\">[2]<\/a> EP-Dok. PE 549.223 v01-00 v. 17.2.2015<br \/>\n<a href=\"#_ftnref3\" name=\"_ftn3\"><\/a><\/h6>\n<h6><a href=\"#_ftnref3\" name=\"_ftn3\">[3]<\/a> EuGH: Urteil v. 8.4.2014 (C-293\/12; C-594\/12)<\/h6>\n","protected":false},"excerpt":{"rendered":"<p>Am 2. Februar 2011 hat die damalige Innenkommissarin Cecilia Malmstr\u00f6m einen Entwurf f\u00fcr eine EU-weite<\/p>\n","protected":false},"author":2,"featured_media":0,"comment_status":"closed","ping_status":"open","sticky":false,"template":"","format":"standard","meta":{"footnotes":""},"categories":[113,145],"tags":[],"class_list":["post-6277","post","type-post","status-publish","format-standard","hentry","category-cilip-108","category-meldungen-europa"],"_links":{"self":[{"href":"https:\/\/wp-dev.daten.cool\/index.php?rest_route=\/wp\/v2\/posts\/6277","targetHints":{"allow":["GET"]}}],"collection":[{"href":"https:\/\/wp-dev.daten.cool\/index.php?rest_route=\/wp\/v2\/posts"}],"about":[{"href":"https:\/\/wp-dev.daten.cool\/index.php?rest_route=\/wp\/v2\/types\/post"}],"author":[{"embeddable":true,"href":"https:\/\/wp-dev.daten.cool\/index.php?rest_route=\/wp\/v2\/users\/2"}],"replies":[{"embeddable":true,"href":"https:\/\/wp-dev.daten.cool\/index.php?rest_route=%2Fwp%2Fv2%2Fcomments&post=6277"}],"version-history":[{"count":0,"href":"https:\/\/wp-dev.daten.cool\/index.php?rest_route=\/wp\/v2\/posts\/6277\/revisions"}],"wp:attachment":[{"href":"https:\/\/wp-dev.daten.cool\/index.php?rest_route=%2Fwp%2Fv2%2Fmedia&parent=6277"}],"wp:term":[{"taxonomy":"category","embeddable":true,"href":"https:\/\/wp-dev.daten.cool\/index.php?rest_route=%2Fwp%2Fv2%2Fcategories&post=6277"},{"taxonomy":"post_tag","embeddable":true,"href":"https:\/\/wp-dev.daten.cool\/index.php?rest_route=%2Fwp%2Fv2%2Ftags&post=6277"}],"curies":[{"name":"wp","href":"https:\/\/api.w.org\/{rel}","templated":true}]}}