{"id":6301,"date":"2014-10-02T22:13:23","date_gmt":"2014-10-02T22:13:23","guid":{"rendered":"https:\/\/www.cilip.de\/?p=6301"},"modified":"2014-10-02T22:13:23","modified_gmt":"2014-10-02T22:13:23","slug":"berliner-polizei-nutzt-twitter","status":"publish","type":"post","link":"https:\/\/wp-dev.daten.cool\/?p=6301","title":{"rendered":"Berliner Polizei nutzt Twitter"},"content":{"rendered":"<p>Seit M\u00e4rz nutzt die Berliner Polizei Twitter, um sich unter @PolizeiBer\u00adlin als \u201emoderne und transparente Polizei zu pr\u00e4sentieren\u201c.<a href=\"#_ftn1\" name=\"_ftnref1\">[1]<\/a> \u00dcber den Kurznachrichtendienst will man nicht nur \u201eNachrichten, Informationen und Hinweise\u201c, sondern auch \u201eeigene Standpunkte\u201c vermitteln und \u201ebei Eins\u00e4tzen besser wahrgenommen\u201c werden. Meldungen werden von den vier PressesprecherInnen verantwortet. <!--more-->Parallel betreibt man zu \u201ebestimmten Veranstaltungen und gr\u00f6\u00dferen Eins\u00e4tzen\u201d unter @PolizeiBer\u00adlin\u00adEin\u00adsatz einen \u201eEinsatzkanal\u201c, der ebenfalls im M\u00e4rz Premiere hatte, ausgerechnet bei zwei Demonstrationen gegen Polizeigewalt und Polizeiwillk\u00fcr. Ein linkes B\u00fcndnis hatte zun\u00e4chst zu einer Demonstration vor dem Bundesinnenministerium mobilisiert, die regul\u00e4r angemeldet war. F\u00fcr den Abend war zu einer weiteren Demo \u201eUnerlaubt durchs Ge\u00adfah\u00adrengebiet\u201c in Kreuzberg aufgerufen worden, diesmal aber unangemeldet. Unter den von den DemonstrantInnen genutzten Hashtags #antirep14 und #B2203 nutzte die Polizei den Kurznachrichtendienst auch f\u00fcr Ansagen an die Versammlung: Vier von 17 Tweets richteten sich direkt an Demonstrierende, darunter die Aufforderungen \u201eBitte unterlassen Sie das Anlegen von Vermummung in der Versammlung\u201c oder \u201eEntfernen Sie sich bitte in die angegebenen Richtungen\u201c. Am Abend wurde gar per Tweet gebeten, \u201eeinen Verantwortlichen\u201c zu benennen. Zahlreiche belustigte Reaktionen waren die Folge, darunter der \u2013 erfolg\u00adlose \u2013 Versuch einer Anmeldung der Versammlung \u00fcber Twitter.<\/p>\n<p>Die polizeiliche Nutzung Sozialer Medien d\u00fcrfte noch mehr Druck auf die VeranstalterInnen von politischen Versammlungen aus\u00fcben, denn diese verf\u00fcgen gew\u00f6hnlich \u00fcber weniger leichten Zugang zu Zeitungen und Agenturen. Im Wettstreit um die Informationshoheit verschafft Twitter der Polizei einen enormen Vorsprung. Auch der nordrhein-west\u00adf\u00e4\u00adlische Innenministers Ralf J\u00e4ger forderte j\u00fcngst mehr polizeiliche Pr\u00e4senz bei YouTube und Twitter und setzt auf einseitige polizeiliche Perspektiven. Eine \u201eHoheit \u00fcber die Bilder\u201c habe die \u201eHoheit \u00fcber die Meinungsbildung\u201c zur Folge.<a href=\"#_ftn2\" name=\"_ftnref2\">[2]<\/a> Auf \u201elinks- und rechtsextremistischen Kan\u00e4len\u201c werde die Polizei oft mit falschen Anschuldigungen \u00fcberh\u00e4uft. Mit \u201eBildaufnahmen der Beweissicherungs-Trupps\u201c m\u00f6chte J\u00e4ger \u201eenergisch gegenhalten\u201c angeblich um zu vermeiden, dass sich in der Bev\u00f6lkerung \u201eein verzerrtes Meinungsbild festsetzt\u201c.<\/p>\n<p class=\"CilipText\">(Matthias Monroy)<\/p>\n<h5><a href=\"#_ftnref1\" name=\"_ftn1\">[1]<\/a>\u00a0\u00a0\u00a0\u00a0\u00a0 Polizei Berlin: Pressemeldung v. 20.3.2014<\/h5>\n<h5><a href=\"#_ftnref2\" name=\"_ftn2\">[2]<\/a>\u00a0\u00a0\u00a0\u00a0 Gewerkschaft der Polizei: Pressemitteilung v. 28.3.2014<\/h5>\n","protected":false},"excerpt":{"rendered":"<p>Seit M\u00e4rz nutzt die Berliner Polizei Twitter, um sich unter @PolizeiBer\u00adlin als \u201emoderne und transparente<\/p>\n","protected":false},"author":3,"featured_media":0,"comment_status":"closed","ping_status":"open","sticky":false,"template":"","format":"standard","meta":{"footnotes":""},"categories":[111,146],"tags":[],"class_list":["post-6301","post","type-post","status-publish","format-standard","hentry","category-cilip-106","category-meldungen-inland"],"_links":{"self":[{"href":"https:\/\/wp-dev.daten.cool\/index.php?rest_route=\/wp\/v2\/posts\/6301","targetHints":{"allow":["GET"]}}],"collection":[{"href":"https:\/\/wp-dev.daten.cool\/index.php?rest_route=\/wp\/v2\/posts"}],"about":[{"href":"https:\/\/wp-dev.daten.cool\/index.php?rest_route=\/wp\/v2\/types\/post"}],"author":[{"embeddable":true,"href":"https:\/\/wp-dev.daten.cool\/index.php?rest_route=\/wp\/v2\/users\/3"}],"replies":[{"embeddable":true,"href":"https:\/\/wp-dev.daten.cool\/index.php?rest_route=%2Fwp%2Fv2%2Fcomments&post=6301"}],"version-history":[{"count":0,"href":"https:\/\/wp-dev.daten.cool\/index.php?rest_route=\/wp\/v2\/posts\/6301\/revisions"}],"wp:attachment":[{"href":"https:\/\/wp-dev.daten.cool\/index.php?rest_route=%2Fwp%2Fv2%2Fmedia&parent=6301"}],"wp:term":[{"taxonomy":"category","embeddable":true,"href":"https:\/\/wp-dev.daten.cool\/index.php?rest_route=%2Fwp%2Fv2%2Fcategories&post=6301"},{"taxonomy":"post_tag","embeddable":true,"href":"https:\/\/wp-dev.daten.cool\/index.php?rest_route=%2Fwp%2Fv2%2Ftags&post=6301"}],"curies":[{"name":"wp","href":"https:\/\/api.w.org\/{rel}","templated":true}]}}