{"id":6303,"date":"2014-10-02T22:15:02","date_gmt":"2014-10-02T22:15:02","guid":{"rendered":"https:\/\/www.cilip.de\/?p=6303"},"modified":"2014-10-02T22:15:02","modified_gmt":"2014-10-02T22:15:02","slug":"anlasslos-ausgefahrene-kameras-verletzen-grundrechte","status":"publish","type":"post","link":"https:\/\/wp-dev.daten.cool\/?p=6303","title":{"rendered":"Anlasslos ausgefahrene Kameras verletzen Grundrechte"},"content":{"rendered":"<p>In den vergangenen f\u00fcnf Jahren haben die Polizeien des Bundes und der L\u00e4nder ihre \u201eBeweissicherungs- und Dokumentationskraftwagen\u201c (BeDoKw) erneuert. Die Bereitschaftspolizeien der L\u00e4nder erhielten 52 neue Fahrzeuge auf Basis eines Mercedes-Sprinter, sp\u00e4ter folgten 24 wei\u00adtere f\u00fcr die Bundespolizei (BPol). Hersteller sind die auf digitale \u00dcber\u00adwachungstechnologien spezialisierten Firmen Elettronica und Medav. Die Fahrzeuge verf\u00fcgen \u00fcber einen ausfahrbaren, vier Meter langen Mast mit zwei Kameras und zwei Mikrofonen. <!--more-->Sie werden vorwiegend bei Demonstrationen eingesetzt, um Personen von polizeilichem Interesse abzubilden. Zwei bis drei \u201eOperateure\u201d sind im Inneren der Fahrzeuge f\u00fcr Kamera- und Mastbedienung, Aufzeichnung sowie Vi\u00addeo- oder Bildbearbeitung zust\u00e4ndig. Portr\u00e4ts vermeintlicher Straft\u00e4terInnen k\u00f6nnen ausgedruckt oder per Funk an Festnahmeeinheiten \u00fcber\u00admit\u00adtelt werden. Eine Kleine Anfrage im Bundestag ergab, dass die Kameras der L\u00e4nderpolizeien in geringerer Qualit\u00e4t als die der BPol aufzeichnen. Zudem k\u00f6nnten die L\u00e4nderpolizeien Fotos nicht drahtlos versenden.<a href=\"#_ftn1\" name=\"_ftnref1\">[1]<\/a><\/p>\n<p><figure id=\"attachment_10610\" aria-describedby=\"caption-attachment-10610\" style=\"width: 200px\" class=\"wp-caption alignright\"><a href=\"http:\/\/www.cilip.de\/wp-content\/uploads\/2014\/10\/bedokw_berlin_mm-e1446418165364.jpg\"><img loading=\"lazy\" decoding=\"async\" src=\"https:\/\/cilip.site36.net\/files\/2014\/10\/bedokw_berlin_mm-200x118.jpg\" alt=\"Ein BeDoKW am Rande einer Demonstration in Berlin.\" width=\"200\" height=\"118\" class=\"size-medium wp-image-10610\" \/><\/a><figcaption id=\"caption-attachment-10610\" class=\"wp-caption-text\">Ein BeDoKW am Rande einer Demonstration in Berlin.<\/figcaption><\/figure>Aber auch ohne dass Kameras und Mikrofone eingeschaltet sind, ent\u00adfalten die Sp\u00e4hfahrzeuge eine einsch\u00fcchternde Wirkung. In einem Ur\u00ad\u00adteil vom Juli 2014 gestattet das Verwaltungsgericht Hannover der Po\u00adli\u00adzei zwar das Mitf\u00fchren eines BeDoKw bei Versammlungen.<a href=\"#_ftn2\" name=\"_ftnref2\">[2]<\/a> Das \u201eVorhal\u00adten einer auch nur teilausgefahrenen Mastkamera\u201d ist aber nur erlaubt, wenn Straftaten begangen werden. Ansonsten w\u00fcrde bei den DemonstrantInnen \u201eder Eindruck erweckt, beobachtet oder gefilmt zu werden\u201c, was die Versammlungsfreiheit (Artikel 8 Grundgesetz) ver\u00adletze.<\/p>\n<p>(Matthias Monroy)<\/p>\n<h5><a href=\"#_ftnref1\" name=\"_ftn1\">[1]<\/a>\u00a0\u00a0\u00a0\u00a0\u00a0 BT-Drs. 18\/2292 v. 6.8.2014<\/h5>\n<h5><a href=\"#_ftnref2\" name=\"_ftn2\">[2]<\/a>\u00a0\u00a0\u00a0\u00a0 Verwaltungsgericht Hannover: Urteil v. 14.7.2014, Az.: 10 A 226\/13<\/h5>\n<p class=\"CilipText\">\n","protected":false},"excerpt":{"rendered":"<p>In den vergangenen f\u00fcnf Jahren haben die Polizeien des Bundes und der L\u00e4nder ihre \u201eBeweissicherungs-<\/p>\n","protected":false},"author":3,"featured_media":10610,"comment_status":"closed","ping_status":"open","sticky":false,"template":"","format":"standard","meta":{"footnotes":""},"categories":[111,146],"tags":[],"class_list":["post-6303","post","type-post","status-publish","format-standard","has-post-thumbnail","hentry","category-cilip-106","category-meldungen-inland"],"_links":{"self":[{"href":"https:\/\/wp-dev.daten.cool\/index.php?rest_route=\/wp\/v2\/posts\/6303","targetHints":{"allow":["GET"]}}],"collection":[{"href":"https:\/\/wp-dev.daten.cool\/index.php?rest_route=\/wp\/v2\/posts"}],"about":[{"href":"https:\/\/wp-dev.daten.cool\/index.php?rest_route=\/wp\/v2\/types\/post"}],"author":[{"embeddable":true,"href":"https:\/\/wp-dev.daten.cool\/index.php?rest_route=\/wp\/v2\/users\/3"}],"replies":[{"embeddable":true,"href":"https:\/\/wp-dev.daten.cool\/index.php?rest_route=%2Fwp%2Fv2%2Fcomments&post=6303"}],"version-history":[{"count":0,"href":"https:\/\/wp-dev.daten.cool\/index.php?rest_route=\/wp\/v2\/posts\/6303\/revisions"}],"wp:featuredmedia":[{"embeddable":true,"href":"https:\/\/wp-dev.daten.cool\/index.php?rest_route=\/wp\/v2\/media\/10610"}],"wp:attachment":[{"href":"https:\/\/wp-dev.daten.cool\/index.php?rest_route=%2Fwp%2Fv2%2Fmedia&parent=6303"}],"wp:term":[{"taxonomy":"category","embeddable":true,"href":"https:\/\/wp-dev.daten.cool\/index.php?rest_route=%2Fwp%2Fv2%2Fcategories&post=6303"},{"taxonomy":"post_tag","embeddable":true,"href":"https:\/\/wp-dev.daten.cool\/index.php?rest_route=%2Fwp%2Fv2%2Ftags&post=6303"}],"curies":[{"name":"wp","href":"https:\/\/api.w.org\/{rel}","templated":true}]}}