{"id":6311,"date":"2014-10-02T22:20:29","date_gmt":"2014-10-02T22:20:29","guid":{"rendered":"https:\/\/www.cilip.de\/?p=6311"},"modified":"2014-10-02T22:20:29","modified_gmt":"2014-10-02T22:20:29","slug":"kein-ende-der-exzessiven-abschiebehaft","status":"publish","type":"post","link":"https:\/\/wp-dev.daten.cool\/?p=6311","title":{"rendered":"(Kein) Ende der exzessiven Abschiebehaft"},"content":{"rendered":"<p>Im Sommer 2014 ist die deutsche Abschiebungshaftpraxis binnen weniger Wochen h\u00f6chstrichterlich f\u00fcr nahezu vollst\u00e4ndig rechtswidrig erkl\u00e4rt worden. Am 26. Juni 2014 stellte der Bundesgerichtshof (BGH) klar, dass die Abschiebehaft in Dublin-Verfahren, wonach dasjenige EU-Land f\u00fcr das Asylverfahren zust\u00e4ndig ist, welches Fl\u00fcchtlinge zuerst betreten haben, \u00fcberwiegend rechtswidrig ist.<a href=\"#_ftn1\" name=\"_ftnref1\">[1]<\/a> Rund Dreiviertel aller Inhaftierten mussten freigelassen werden, weil ein EU-rechtskonformer Haftgrund fehlte. <!--more-->Am 17. Juli 2014 entschied der\u00a0Europ\u00e4ische Gerichtshof (EuGH), dass die Inhaftierung von Abschiebeh\u00e4ftlingen in normalen Justizvollzugsanstalten gemeinsam mit Strafh\u00e4ftlingen rechtswidrig ist.<a href=\"#_ftn2\" name=\"_ftnref2\">[2]<\/a> Betroffen waren insgesamt neun L\u00e4nder, die keine eigenen Abschiebehaftanstalten unterhalten, u.a. Nordrhein-Westfalen (NRW), Hessen, Th\u00fcringen und Sachsen-Anhalt.<a href=\"#_ftn3\" name=\"_ftnref3\">[3]<\/a><\/p>\n<p>Der NRW-Innenminister und der Berliner Innenstaatssekret\u00e4r vereinbarten daraufhin, dass Berlin die 21 in Abschiebehaft verbliebenen Fl\u00fcchtlinge aus NRW aufnimmt. Dar\u00fcber hinaus \u00fcbernahm Berlin in Amtshilfe acht Fl\u00fcchtlinge aus Sachsen-Anhalt. Mecklenburg-Vorpom\u00admern und das Saarland fragten in Berlin an, Hessen signalisierte Interesse. Dem Berliner Senat kam dies sehr gelegen. Denn der Berliner Abschiebeknast, ein marodes ehemaliges DDR-Frauengef\u00e4ngnis, steht seit vielen Jahren nicht nur in der Kritik von Fl\u00fcchtlingsinitiativen, sondern auch des Landesrechnungshofs, der die immensen Kosten von rund einer Million Euro pro Monat bem\u00e4ngelte.<a href=\"#_ftn4\" name=\"_ftnref4\">[4]<\/a><\/p>\n<p>Doch die exzessive deutsche Abschiebepraxis wird mit den Urteilen wohl nur vor\u00fcbergehend eingeschr\u00e4nkt. Ein aktueller Referentenentwurf aus dem Bundesinnenministerium sieht vor, dass die vom BGH f\u00fcr rechtswidrig erkl\u00e4rte Haft f\u00fcr Personen in Dublin-Verfahren nicht nur aufrecht erhalten, sondern sogar ausgeweitet werden soll.<a href=\"#_ftn5\" name=\"_ftnref5\">[5]<\/a><\/p>\n<p>(Christian Schr\u00f6der)<\/p>\n<h5><a href=\"#_ftnref1\" name=\"_ftn1\">[1]<\/a> \u00a0\u00a0\u00a0\u00a0 BGH: Beschluss v. 26.6.2014, Az.: V ZB 31\/14<\/p>\n<p><a href=\"#_ftnref2\" name=\"_ftn2\">[2]<\/a> \u00a0\u00a0\u00a0 EuGH: Urteil v. 17.7.2014, Az.: C-473\/13 und C-514\/13<\/p>\n<p><a href=\"#_ftnref3\" name=\"_ftn3\">[3]<\/a> \u00a0\u00a0\u00a0 taz v. 23.7.2014<\/p>\n<p><a href=\"#_ftnref4\" name=\"_ftn4\">[4]<\/a> \u00a0\u00a0\u00a0 Abgeordnetenhaus Berlin Drs. 17\/10960 (Antwort des Senats v. 14.11.2012 auf eine Kleine Anfrage der SPD)<\/p>\n<p><a href=\"#_ftnref5\" name=\"_ftn5\">[5]<\/a> \u00a0\u00a0\u00a0 <a href=\"http:\/\/www.ggua.de\/fileadmin\/downloads\/gesetze\/140407_Referentenentwurf_Gesetz_Neubestimmung_%0bBleiberecht_Aufenthaltsbeendigung-1.pdf\">www.ggua.de\/fileadmin\/downloads\/gesetze\/140407_Referentenentwurf_Gesetz_ Neubestimmung_Bleiberecht_Aufenthaltsbeendigung-1.pdf<\/a><\/h5>\n","protected":false},"excerpt":{"rendered":"<p>Im Sommer 2014 ist die deutsche Abschiebungshaftpraxis binnen weniger Wochen h\u00f6chstrichterlich f\u00fcr nahezu vollst\u00e4ndig rechtswidrig<\/p>\n","protected":false},"author":13,"featured_media":0,"comment_status":"closed","ping_status":"open","sticky":false,"template":"","format":"standard","meta":{"footnotes":""},"categories":[111,145],"tags":[],"class_list":["post-6311","post","type-post","status-publish","format-standard","hentry","category-cilip-106","category-meldungen-europa"],"_links":{"self":[{"href":"https:\/\/wp-dev.daten.cool\/index.php?rest_route=\/wp\/v2\/posts\/6311","targetHints":{"allow":["GET"]}}],"collection":[{"href":"https:\/\/wp-dev.daten.cool\/index.php?rest_route=\/wp\/v2\/posts"}],"about":[{"href":"https:\/\/wp-dev.daten.cool\/index.php?rest_route=\/wp\/v2\/types\/post"}],"author":[{"embeddable":true,"href":"https:\/\/wp-dev.daten.cool\/index.php?rest_route=\/wp\/v2\/users\/13"}],"replies":[{"embeddable":true,"href":"https:\/\/wp-dev.daten.cool\/index.php?rest_route=%2Fwp%2Fv2%2Fcomments&post=6311"}],"version-history":[{"count":0,"href":"https:\/\/wp-dev.daten.cool\/index.php?rest_route=\/wp\/v2\/posts\/6311\/revisions"}],"wp:attachment":[{"href":"https:\/\/wp-dev.daten.cool\/index.php?rest_route=%2Fwp%2Fv2%2Fmedia&parent=6311"}],"wp:term":[{"taxonomy":"category","embeddable":true,"href":"https:\/\/wp-dev.daten.cool\/index.php?rest_route=%2Fwp%2Fv2%2Fcategories&post=6311"},{"taxonomy":"post_tag","embeddable":true,"href":"https:\/\/wp-dev.daten.cool\/index.php?rest_route=%2Fwp%2Fv2%2Ftags&post=6311"}],"curies":[{"name":"wp","href":"https:\/\/api.w.org\/{rel}","templated":true}]}}