{"id":6315,"date":"2014-05-02T22:26:14","date_gmt":"2014-05-02T22:26:14","guid":{"rendered":"https:\/\/www.cilip.de\/?p=6315"},"modified":"2014-05-02T22:26:14","modified_gmt":"2014-05-02T22:26:14","slug":"geheimdienstlich-ueberwachte-journalistinnen","status":"publish","type":"post","link":"https:\/\/wp-dev.daten.cool\/?p=6315","title":{"rendered":"Geheimdienstlich \u00fcberwachte JournalistInnen"},"content":{"rendered":"<p>Im September 2013 wurde bekannt, dass Niedersachsens Landesamt f\u00fcr Verfassungsschutz (LfV) mindestens sieben JournalistInnen bespitzelt hat. Der Rechtsextremismusexpertin und freien Journalistin Andrea R\u00f6pke hatte das LfV auf Anfrage mitgeteilt, \u00fcber sie seien keine Daten gespeichert. Tats\u00e4chlich wurde R\u00f6pke von 2006 bis M\u00e4rz 2012 \u00fcberwacht und die gesammelten Daten erst infolge ihrer Anfrage gel\u00f6scht.<!--more--><\/p>\n<p>Die \u00dcberwachung der Journalistin geht auf die Strafanzeige eines B\u00fcrgers nach einer Veranstaltung der Bremer Gr\u00fcnen zur\u00fcck. Dort soll R\u00f6pke gesagt haben, sie werde \u201egegen den Faschismus in jeder Form k\u00e4mpfen\u201c. Die Staatsanwaltschaft leitete ein Ermittlungsverfahren wegen des Verdachts der \u201eAufforderung zu Straftaten\u201c ein und stellte es kurz darauf wieder ein \u2013 aber der Verfassungsschutz wurde aktiv.<a href=\"#_ftn1\" name=\"_ftnref1\">[1]<\/a><\/p>\n<p>Wie viele JournalistInnen und andere besonders gesch\u00fctzte Berufsgruppen (\u00c4rztInnen, Anw\u00e4ltInnen etc.) das Bundesamt f\u00fcr Verfassungsschutz und der Bundesnachrichtendienst bespitzeln, will die Bundesregierung nicht mitteilen. Auf eine Anfrage der Linksfraktion erkl\u00e4rte sie, es liege keine Statistik vor, die gespeicherte Personen nach Berufsgruppen ausweise. Schon die Berufsbezeichnung JournalistIn sei \u201eschwer definierbar\u201c und \u201ekeine gesch\u00fctzte Berufsbezeichnung\u201c, die \u201evon anderen Berufsgruppen wie \u201aPublizisten\u2018 klar abzugrenzen ist\u201c. <a href=\"#_ftn2\" name=\"_ftnref2\">[2]<\/a><\/p>\n<p>Gescheitert ist auch der Versuch des Berliner Tagesspiegel, Ausk\u00fcnfte \u00fcber die Bespitzelung von Bundestagsabgeordneten und JournalistInnen einzuklagen. Das Verwaltungsgericht K\u00f6ln begr\u00fcndete dies im Eilverfahren damit, die entsprechenden Informationen l\u00e4gen der Beh\u00f6rde nicht vor und m\u00fcssten \u201eerst mit erheblichem Aufwand in den Fachbereichen unter Auswertung aller dort vorhandenen Datens\u00e4tze generiert werden\u201c. Damit sei das zumutbare Ma\u00df der beh\u00f6rdlichen Auskunftspflichten gegen\u00fcber der Presse \u00fcberschritten.<a href=\"#_ftn3\" name=\"_ftnref3\">[3]<\/a><\/p>\n<p>(Christian Schr\u00f6der)<\/p>\n<h5><a href=\"#_ftnref1\" name=\"_ftn1\">[1]<\/a> \u00a0\u00a0\u00a0\u00a0 Der Spiegel v. 9.2.2014<\/h5>\n<h5><a href=\"#_ftnref2\" name=\"_ftn2\">[2]<\/a> \u00a0\u00a0\u00a0 BT-Drs. 18\/443 v. 5.2.2014<\/h5>\n<h5><a href=\"#_ftnref3\" name=\"_ftn3\">[3]<\/a> \u00a0\u00a0\u00a0 Tagesspiegel v 13.2.2014<\/h5>\n","protected":false},"excerpt":{"rendered":"<p>Im September 2013 wurde bekannt, dass Niedersachsens Landesamt f\u00fcr Verfassungsschutz (LfV) mindestens sieben JournalistInnen bespitzelt<\/p>\n","protected":false},"author":13,"featured_media":0,"comment_status":"closed","ping_status":"open","sticky":false,"template":"","format":"standard","meta":{"footnotes":""},"categories":[110,146],"tags":[],"class_list":["post-6315","post","type-post","status-publish","format-standard","hentry","category-cilip-105","category-meldungen-inland"],"_links":{"self":[{"href":"https:\/\/wp-dev.daten.cool\/index.php?rest_route=\/wp\/v2\/posts\/6315","targetHints":{"allow":["GET"]}}],"collection":[{"href":"https:\/\/wp-dev.daten.cool\/index.php?rest_route=\/wp\/v2\/posts"}],"about":[{"href":"https:\/\/wp-dev.daten.cool\/index.php?rest_route=\/wp\/v2\/types\/post"}],"author":[{"embeddable":true,"href":"https:\/\/wp-dev.daten.cool\/index.php?rest_route=\/wp\/v2\/users\/13"}],"replies":[{"embeddable":true,"href":"https:\/\/wp-dev.daten.cool\/index.php?rest_route=%2Fwp%2Fv2%2Fcomments&post=6315"}],"version-history":[{"count":0,"href":"https:\/\/wp-dev.daten.cool\/index.php?rest_route=\/wp\/v2\/posts\/6315\/revisions"}],"wp:attachment":[{"href":"https:\/\/wp-dev.daten.cool\/index.php?rest_route=%2Fwp%2Fv2%2Fmedia&parent=6315"}],"wp:term":[{"taxonomy":"category","embeddable":true,"href":"https:\/\/wp-dev.daten.cool\/index.php?rest_route=%2Fwp%2Fv2%2Fcategories&post=6315"},{"taxonomy":"post_tag","embeddable":true,"href":"https:\/\/wp-dev.daten.cool\/index.php?rest_route=%2Fwp%2Fv2%2Ftags&post=6315"}],"curies":[{"name":"wp","href":"https:\/\/api.w.org\/{rel}","templated":true}]}}