{"id":6319,"date":"2013-12-03T22:30:06","date_gmt":"2013-12-03T22:30:06","guid":{"rendered":"https:\/\/www.cilip.de\/?p=6319"},"modified":"2013-12-03T22:30:06","modified_gmt":"2013-12-03T22:30:06","slug":"bald-zentrale-datei-fuer-reisende-gewalttaeter","status":"publish","type":"post","link":"https:\/\/wp-dev.daten.cool\/?p=6319","title":{"rendered":"Bald Zentrale Datei f\u00fcr \u201eReisende Gewaltt\u00e4ter\u201c?"},"content":{"rendered":"<p>Seit dem G8-Gipfel in Heiligendamm dr\u00e4ngt das deutsche Bundesinnenministerium auf die Einrichtung einer EU-Datensammlung f\u00fcr Fu\u00dfballfans und Demonstranten<a href=\"#_ftn1\" name=\"_ftnref1\">[1]<\/a>. Jetzt liegt das Ergebnis einer entsprechenden EU-Studie vor, die von der EU-Kommission bei der internationalen Beraterfirma ICF GHK in Auftrag gegeben worden war<a href=\"#_ftn2\" name=\"_ftnref2\">[2]<\/a>. Grundlage war ein Fragebogen, der an alle 27 EU-Mitgliedstaaten sowie Kroatien versandt wurde. Gleichzeitig wurden die EU-Polizeiagentur EUROPOL sowie die internationale Polizeiorganisation Interpol konsultiert. <!--more-->Beitr\u00e4ge kamen \u00fcberdies von den Fu\u00dfballverb\u00e4nden UEFA und FIFA. Als Ausgangspunkt galten die \u201egewaltt\u00e4tige St\u00f6rung der \u00f6ffentlichen Ordnung\u201c und damit verbundene \u201ehohe gesellschaftliche Kosten\u201c. 65% aller Gipfeltreffen w\u00fcrden demnach gest\u00f6rt. Allein beim Fu\u00dfball wanderten j\u00e4hrlich rund 470 Personen in Gewahrsam, im politischen Bereich wird die Statistik von Protesten gegen Atomtransporte angef\u00fchrt (180 Personen). In allen Kategorien w\u00fcrden j\u00e4hrlich zusammen rund 1.506 Festnahmen vorgenommen. Mitgliedstaaten beobachteten \u00fcberdies mehr Aufst\u00e4nde wegen der Finanzkrise.<\/p>\n<p>Die Verfasser benennen Defizite der gegenw\u00e4rtigen Sicherheitszusammenarbeit, darunter versp\u00e4tete Reaktionen auf Anfragen, die gleichzeitige Weitergabe von Informationen \u00fcber zu viele Kan\u00e4le, Sprachprobleme, unterschiedliche juristische Terminologien oder technische Fragen des Datentauschs. Allerdings seien nicht alle Mitgliedstaaten gleicherma\u00dfen vom Ph\u00e4nomen betroffen, eine H\u00e4ufung liege bei Deutschland, Frankreich und D\u00e4nemark. Ein eigenes Kapitel der Studie widmet sich \u201elinkem und anarchistischem Extremismus\u201c und einem sogenannten \u201eTeilbereichsextremismus\u201c. Als besonders betroffene L\u00e4nder werden \u00d6sterreich, Tschechien, Griechenland, Italien und Spanien genannt. Ebenfalls erw\u00e4hnt wird der Widerstand gegen sinnlose Gro\u00dfprojekte, darunter die \u201eNo TAV\u201c-Bewegung in Italien und der breite franz\u00f6sische Widerstand gegen den Bau eines Gro\u00dfflughafens bei Notre Dame des Landes in der Bretagne.<\/p>\n<p>Bislang werden in EU-Dokumenten die Begriffe \u201eOrdnungsst\u00f6rer\u201c (\u201etroublemaker\u201c) oder \u201eRisikofan\u201c (\u201erisk supporter\u201c) benutzt, an anderer Stelle hei\u00dft es \u201eHooligan\u201c oder \u201egewaltt\u00e4tiger St\u00f6rer\u201c (\u201eviolent troublemaker\u201c). Nun ist von \u201etravelling violent offenders\u201c (TVO) die Rede, womit sich der deutsche Terminus des \u201ereisenden Gewaltt\u00e4ters\u201c international durchsetzt. Die Kategorie soll zun\u00e4chst in Handb\u00fcchern verankert werden. Weil diese aber nicht bindend sind, k\u00f6nnte die Definition in den Rang einer EU-Richtlinie erhoben werden, die dann in die jeweilige nationale Rechtsprechung \u00fcberf\u00fchrt werden muss. Damit werden jene L\u00e4nder unter Druck gesetzt, die laut der Studie zwar nicht vom Ph\u00e4nomen betroffen sind, aber dennoch mehr Initiative bei der Verfolgung von \u201ereisenden Gewaltt\u00e4tern\u201c zeigen sollen<a href=\"#_ftn3\" name=\"_ftnref3\">[3]<\/a>. In der Studie hei\u00dft es, dass Mitgliedstaaten sogar zur Sammlung und Verarbeitung entsprechender Daten verpflichtet werden k\u00f6nnten. Sp\u00e4ter m\u00fcssten auch Repressalien gegen die Betroffenen vereinheitlicht werden. Sind die neuen Kontrollma\u00dfnahmen erst einmal in Gang gekommen, soll schlie\u00dflich die Einf\u00fchrung einer \u201eeurop\u00e4ischen Reisesperre\u201c folgen.<\/p>\n<p>(Matthias Monroy)<\/p>\n<h5><a href=\"#_ftnref1\" name=\"_ftn1\">[1]<\/a>\u00a0\u00a0\u00a0\u00a0\u00a0 Bundesrat Drs 589\/1\/07 v. 01.10.2007<\/p>\n<p><a href=\"#_ftnref2\" name=\"_ftn2\">[2]<\/a>\u00a0\u00a0\u00a0\u00a0\u00a0 https:\/\/netzpolitik.org\/wp-upload\/travelling_violent_offenders_study_1.pdf<\/p>\n<p><a href=\"#_ftnref3\" name=\"_ftn3\">[3]<\/a>\u00a0\u00a0\u00a0\u00a0\u00a0 www.heise.de\/tp\/artikel\/39\/39747\/2.html<\/h5>\n","protected":false},"excerpt":{"rendered":"<p>Seit dem G8-Gipfel in Heiligendamm dr\u00e4ngt das deutsche Bundesinnenministerium auf die Einrichtung einer EU-Datensammlung f\u00fcr<\/p>\n","protected":false},"author":3,"featured_media":0,"comment_status":"closed","ping_status":"open","sticky":false,"template":"","format":"standard","meta":{"footnotes":""},"categories":[109,145],"tags":[],"class_list":["post-6319","post","type-post","status-publish","format-standard","hentry","category-cilip-104","category-meldungen-europa"],"_links":{"self":[{"href":"https:\/\/wp-dev.daten.cool\/index.php?rest_route=\/wp\/v2\/posts\/6319","targetHints":{"allow":["GET"]}}],"collection":[{"href":"https:\/\/wp-dev.daten.cool\/index.php?rest_route=\/wp\/v2\/posts"}],"about":[{"href":"https:\/\/wp-dev.daten.cool\/index.php?rest_route=\/wp\/v2\/types\/post"}],"author":[{"embeddable":true,"href":"https:\/\/wp-dev.daten.cool\/index.php?rest_route=\/wp\/v2\/users\/3"}],"replies":[{"embeddable":true,"href":"https:\/\/wp-dev.daten.cool\/index.php?rest_route=%2Fwp%2Fv2%2Fcomments&post=6319"}],"version-history":[{"count":0,"href":"https:\/\/wp-dev.daten.cool\/index.php?rest_route=\/wp\/v2\/posts\/6319\/revisions"}],"wp:attachment":[{"href":"https:\/\/wp-dev.daten.cool\/index.php?rest_route=%2Fwp%2Fv2%2Fmedia&parent=6319"}],"wp:term":[{"taxonomy":"category","embeddable":true,"href":"https:\/\/wp-dev.daten.cool\/index.php?rest_route=%2Fwp%2Fv2%2Fcategories&post=6319"},{"taxonomy":"post_tag","embeddable":true,"href":"https:\/\/wp-dev.daten.cool\/index.php?rest_route=%2Fwp%2Fv2%2Ftags&post=6319"}],"curies":[{"name":"wp","href":"https:\/\/api.w.org\/{rel}","templated":true}]}}