{"id":6338,"date":"2013-12-07T23:06:39","date_gmt":"2013-12-07T23:06:39","guid":{"rendered":"https:\/\/www.cilip.de\/?p=6338"},"modified":"2013-12-07T23:06:39","modified_gmt":"2013-12-07T23:06:39","slug":"104-dezember-2013-racial-profiling","status":"publish","type":"post","link":"https:\/\/wp-dev.daten.cool\/?p=6338","title":{"rendered":"104 (Dezember 2013) Racial Profiling"},"content":{"rendered":"<p><img loading=\"lazy\" decoding=\"async\" class=\"alignright size-full wp-image-22511\" src=\"https:\/\/www.cilip.de\/wp-content\/uploads\/2024\/05\/CILIP_104.png\" alt=\"\" width=\"210\" height=\"297\" \/><a href=\"http:\/\/archiv.cilip.de\/Hefte\/CILIP_104.pdf\">Download der Gesamtausgabe als PDF<\/a><\/p>\n<p><b><a title=\"Redaktionsmitteilung\" href=\"\/2013\/12\/06\/redaktionsmitteilung-4\/\">Redaktionsmitteilung <\/a><br \/>\n<\/b><\/p>\n<p><b><a href=\"\/2013\/12\/05\/institutionalisierter-rassismus-racial-profiling-nicht-nur-bei-kontrollen\/\">Institutionalisierter Rassismus: Racial Profiling nicht nur bei Kontrollen <\/a><\/b><br \/>\nHeiner Busch<br \/>\n<b><a href=\"https:\/\/www.cilip.de\/2013\/12\/06\/die-gesetzliche-diskriminierungsfalle-diskriminierende-kontrollen-und-aufenthaltsgesetzgebung\/\">Diskriminierende Kontrollen und Aufenthaltsgesetzgebung<\/a>\u00a0<\/b><br \/>\nakj-berlin<br \/>\n<b><a href=\"https:\/\/www.cilip.de\/2013\/12\/06\/anlasslose-kontrollen-der-bundespolizei-das-verbot-rassistischer-diskriminierung-ist-absolut\/\">Anlasslose Kontrollen der Bundespolizei und das Verbot rassistischer Diskriminierung<\/a>\u00a0<\/b><br \/>\nHendrik Cremer<br \/>\n<a href=\"https:\/\/www.cilip.de\/2013\/12\/06\/identitaetskontrollen-in-frankreich-diskriminierung-festgestellt-reform-ausgeschlossen\/\"><b>Diskriminierung festgestellt, Reform ausgeschlossen: Identit\u00e4tskontrollen in Frankreich\u00a0<\/b><\/a><br \/>\nFabien Jobard und Ren\u00e9 L\u00e9vy<br \/>\n<b><a href=\"https:\/\/www.cilip.de\/2013\/12\/06\/stop-and-search-ethnische-unverhaeltnismaessigkeit-in-grossbritannien\/\">Stop and Search: Ethnische Unverh\u00e4ltnism\u00e4\u00dfigkeit in Gro\u00dfbritannien<\/a>\u00a0<\/b><br \/>\nInterview mit Rebekah Delsol<br \/>\n<a href=\"https:\/\/www.cilip.de\/2013\/12\/06\/polizeiliche-kriminalstatistik-berlin-2012-mehr-racial-profiling-weniger-aufgeklaerte-faelle\/\"><b>Mehr Racial Profiling, weniger aufgekl\u00e4rte F\u00e4lle: Polizeiliche Kriminalstatistik Berlin 2012\u00a0<\/b><\/a><br \/>\nAngelina Weinbender<\/p>\n<p><a href=\"https:\/\/www.cilip.de\/2013\/12\/06\/neue-beguenstigte-des-mfs-geheimdienste-und-polizei-erobern-die-stasi-akten\/\"><b>Geheimdienste und Polizei erobern die Stasi-Akten\u00a0<\/b><\/a><br \/>\nHeiko Stamer<br \/>\n<b><a href=\"https:\/\/www.cilip.de\/2013\/12\/06\/die-eu-und-die-cyberkriminalitaet-was-passiert-mit-dem-deutschen-trennungsgebot\/\">Die EU, die Cyberkriminalit\u00e4t und das Trennungsgebot<\/a>\u00a0<\/b><br \/>\nCathleen Berger<br \/>\n<a href=\"https:\/\/www.cilip.de\/2013\/12\/06\/polizeiliche-todesschuesse-2012\/\"><b>Polizeiliche Todessch\u00fcsse 2012\u00a0<\/b><\/a><br \/>\nOtto Diederichs<\/p>\n<p><!--more--><\/p>\n<p><b>Inland aktuell<br \/>\nMeldungen aus Europa<br \/>\n<a href=\"https:\/\/www.cilip.de\/2013\/12\/06\/chronologie-68\/\">Chronologie\u00a0<\/a><\/b><br \/>\n<b><a href=\"https:\/\/www.cilip.de\/2013\/12\/01\/literatur-51\/\">Literatur &amp; Aus dem Netz<\/a><br \/>\n<a href=\"\/2013\/12\/05\/summaries-3\/\">Summaries <\/a><\/b><br \/>\n<b> MitarbeiterInnen dieser Ausgabe <\/b><\/p>\n","protected":false},"excerpt":{"rendered":"<p>Download der Gesamtausgabe als PDF Redaktionsmitteilung Institutionalisierter Rassismus: Racial Profiling nicht nur bei Kontrollen Heiner<\/p>\n","protected":false},"author":2,"featured_media":0,"comment_status":"closed","ping_status":"open","sticky":false,"template":"","format":"standard","meta":{"footnotes":""},"categories":[143],"tags":[],"class_list":["post-6338","post","type-post","status-publish","format-standard","hentry","category-inhalt"],"_links":{"self":[{"href":"https:\/\/wp-dev.daten.cool\/index.php?rest_route=\/wp\/v2\/posts\/6338","targetHints":{"allow":["GET"]}}],"collection":[{"href":"https:\/\/wp-dev.daten.cool\/index.php?rest_route=\/wp\/v2\/posts"}],"about":[{"href":"https:\/\/wp-dev.daten.cool\/index.php?rest_route=\/wp\/v2\/types\/post"}],"author":[{"embeddable":true,"href":"https:\/\/wp-dev.daten.cool\/index.php?rest_route=\/wp\/v2\/users\/2"}],"replies":[{"embeddable":true,"href":"https:\/\/wp-dev.daten.cool\/index.php?rest_route=%2Fwp%2Fv2%2Fcomments&post=6338"}],"version-history":[{"count":0,"href":"https:\/\/wp-dev.daten.cool\/index.php?rest_route=\/wp\/v2\/posts\/6338\/revisions"}],"wp:attachment":[{"href":"https:\/\/wp-dev.daten.cool\/index.php?rest_route=%2Fwp%2Fv2%2Fmedia&parent=6338"}],"wp:term":[{"taxonomy":"category","embeddable":true,"href":"https:\/\/wp-dev.daten.cool\/index.php?rest_route=%2Fwp%2Fv2%2Fcategories&post=6338"},{"taxonomy":"post_tag","embeddable":true,"href":"https:\/\/wp-dev.daten.cool\/index.php?rest_route=%2Fwp%2Fv2%2Ftags&post=6338"}],"curies":[{"name":"wp","href":"https:\/\/api.w.org\/{rel}","templated":true}]}}