{"id":6360,"date":"2014-05-02T21:52:35","date_gmt":"2014-05-02T21:52:35","guid":{"rendered":"https:\/\/www.cilip.de\/?p=6360"},"modified":"2014-05-02T21:52:35","modified_gmt":"2014-05-02T21:52:35","slug":"eu-plant-vorratsdatenspeicherung-von-reisenden","status":"publish","type":"post","link":"https:\/\/wp-dev.daten.cool\/?p=6360","title":{"rendered":"EU plant Vorratsdatenspeicherung von Reisenden"},"content":{"rendered":"<p>Mit ihrem milliardenschweren \u201eMa\u00dfnahmenpaket intelligente Grenzen\u201c, f\u00fcr das sie am 28. Februar 2013 die Verordnungsentw\u00fcrfe pr\u00e4sentierte, intendiert die EU-Kommission eine Vorratsdatenspeicherung aller j\u00e4hrlich ca. 269 Mio. Reisenden aus Nicht-EU-Staaten. Sie sollen beim \u00dcberschreiten einer Au\u00dfengrenze in einem \u201eEin- und Ausreisesystem\u201c (EES) erfasst werden.<a href=\"#_ftn1\" name=\"_ftnref1\">[1]<\/a> Ziel sei es, die Anzahl ausreisepflichtiger MigrantInnen genauer zu bestimmen. Gem\u00e4\u00df Verordnungsentwurf geht es vor allem um \u201eOverstayer\u201c: legal eingereiste Personen, deren Visa abgelaufen sind.<!--more--><\/p>\n<p>Schon jetzt zeichnet sich allerdings ab, dass dieser Zweck nicht mehr im Vordergrund steht: Betont wird vielmehr der Nutzen der im EES zu speichernden Daten f\u00fcr Gefahrenabwehr und Strafverfolgung. In einer Antwort auf eine Anfrage erkl\u00e4rt das Bundesinnenministerium (BMI), dass \u201ebessere statistische Erkenntnisse zur Zahl der Overstayer allein die Einf\u00fchrung eines Ein-\/Ausreisesystems nicht rechtfertigen k\u00f6nnen\u201c.<a href=\"#_ftn2\" name=\"_ftnref2\">[2]<\/a><\/p>\n<p>Gem\u00e4\u00df dem Verordnungsentwurf der Kommission sollte erst zwei Jahre nach Inbetriebnahme des EES gepr\u00fcft werden, wie das System \u201ezur Bek\u00e4mpfung terroristischer und anderer schwerer Straftaten beitragen\u201c sowie \u201eob und unter welchen Voraussetzungen\u201c ein Zugang zum Zweck der Strafverfolgung \u201egestattet werden k\u00f6nnte\u201c (Art.\u00a046 Abs.\u00a05). So lange wollen die Mitgliedstaaten nicht warten. Laut BMI habe sich eine Mehrheit \u201edaf\u00fcr ausgesprochen, von Anfang an einen Zugang zum EES zu Zwecken der Verh\u00fctung und Verfolgung terroristischer und sonstiger schwerwiegender Straftaten vorzusehen.\u201c Schauplatz dieser Aussprache war die zust\u00e4ndige Ratsarbeitsgruppe, der \u201eStrategische Ausschuss Einwanderung, Grenzen, Asyl\u201c. Auf eine Umfrage der Pr\u00e4sidentschaft im Herbst 2013 antworteten zwanzig Mitgliedstaaten, die Strafverfolgung sei nach dem Vorbild des Visainformationssystems als ein \u201esekund\u00e4rer Zweck\u201c des EES in der Verordnung zu verankern. Daf\u00fcr pl\u00e4diert auch die Berichterstatterin des Innenausschusses des EU-Parlaments, Renate Sommer (CDU): Das \u201eteure System mit seiner riesigen Datenbank\u201c m\u00fcsse von Beginn an effizient, sprich: polizeilich, genutzt werden.<a href=\"#_ftn3\" name=\"_ftnref3\">[3]<\/a><\/p>\n<p>(Matthias Monroy)<\/p>\n<h5><a href=\"#_ftnref1\" name=\"_ftn1\">[1]<\/a>\u00a0\u00a0\u00a0\u00a0\u00a0 KOM(2013) 95 endg. v. 28.2.2013; f\u00fcr \u201evertrauensw\u00fcrdige Vielreisende\u201c ist ferner ein \u201eRegistered Traveller Programme\u201c vorgesehen, KOM(2013) 97 endg. v. 28.2.2013.<\/p>\n<p><a href=\"#_ftnref2\" name=\"_ftn2\">[2]<\/a>\u00a0\u00a0\u00a0\u00a0 BT-Drs. 18\/455 v. 6.2.2014<\/p>\n<p><a href=\"#_ftnref3\" name=\"_ftn3\">[3]<\/a>\u00a0\u00a0\u00a0\u00a0 Ratsdok. 13617\/13 v. 13.9.2013 und 14066\/13 v. 1.10.2013<\/h5>\n","protected":false},"excerpt":{"rendered":"<p>Mit ihrem milliardenschweren \u201eMa\u00dfnahmenpaket intelligente Grenzen\u201c, f\u00fcr das sie am 28. Februar 2013 die Verordnungsentw\u00fcrfe<\/p>\n","protected":false},"author":3,"featured_media":0,"comment_status":"closed","ping_status":"open","sticky":false,"template":"","format":"standard","meta":{"footnotes":""},"categories":[110,145],"tags":[],"class_list":["post-6360","post","type-post","status-publish","format-standard","hentry","category-cilip-105","category-meldungen-europa"],"_links":{"self":[{"href":"https:\/\/wp-dev.daten.cool\/index.php?rest_route=\/wp\/v2\/posts\/6360","targetHints":{"allow":["GET"]}}],"collection":[{"href":"https:\/\/wp-dev.daten.cool\/index.php?rest_route=\/wp\/v2\/posts"}],"about":[{"href":"https:\/\/wp-dev.daten.cool\/index.php?rest_route=\/wp\/v2\/types\/post"}],"author":[{"embeddable":true,"href":"https:\/\/wp-dev.daten.cool\/index.php?rest_route=\/wp\/v2\/users\/3"}],"replies":[{"embeddable":true,"href":"https:\/\/wp-dev.daten.cool\/index.php?rest_route=%2Fwp%2Fv2%2Fcomments&post=6360"}],"version-history":[{"count":0,"href":"https:\/\/wp-dev.daten.cool\/index.php?rest_route=\/wp\/v2\/posts\/6360\/revisions"}],"wp:attachment":[{"href":"https:\/\/wp-dev.daten.cool\/index.php?rest_route=%2Fwp%2Fv2%2Fmedia&parent=6360"}],"wp:term":[{"taxonomy":"category","embeddable":true,"href":"https:\/\/wp-dev.daten.cool\/index.php?rest_route=%2Fwp%2Fv2%2Fcategories&post=6360"},{"taxonomy":"post_tag","embeddable":true,"href":"https:\/\/wp-dev.daten.cool\/index.php?rest_route=%2Fwp%2Fv2%2Ftags&post=6360"}],"curies":[{"name":"wp","href":"https:\/\/api.w.org\/{rel}","templated":true}]}}