{"id":6399,"date":"2011-08-05T22:24:39","date_gmt":"2011-08-05T22:24:39","guid":{"rendered":"https:\/\/www.cilip.de\/?p=6399"},"modified":"2011-08-05T22:24:39","modified_gmt":"2011-08-05T22:24:39","slug":"bundesweite-vernetzung-der-melderegister-geplant","status":"publish","type":"post","link":"https:\/\/wp-dev.daten.cool\/?p=6399","title":{"rendered":"Bundesweite Vernetzung der Melderegister geplant"},"content":{"rendered":"<p>Ende August legte die Bundesregierung ihren Entwurf f\u00fcr ein Bundesmeldegesetz vor.<a href=\"#_ftn1\" name=\"_ftnref1\">[1]<\/a> Nachdem der Bund mit der F\u00f6deralismusreform I von 2006 die ausschlie\u00dfliche Gesetzgebungskompetenz f\u00fcr das Melderecht erhalten hatte, soll mit dem geplanten Gesetz das Meldewesen harmonisiert werden. Mit der Entnazifizierung des Meldewesens war die staatliche Erfassung der Bev\u00f6lkerung nach 1945 dezentralisiert worden; heute ist sie Aufgabe von mehr als 5.000 kommunalen Einwohnermelde\u00e4mtern. Bundesweite Leitlinien gab bislang das Melderechtsrahmengesetz von 1980 vor. <!--more-->Bereits dessen Novelle von 2002 zielte auf die st\u00e4rkere elektronische Integration der damals haupts\u00e4chlich lokal gef\u00fchrten Melderegister ab. Obwohl inzwischen 13 L\u00e4nder zentrale Register eingerichtet haben, wurden die Vorgaben insgesamt nur z\u00f6gerlich umgesetzt, und auch die Umsetzung eines ungepr\u00fcften automatisierten Datenabrufs blieb \u2013 mit Ausnahme der rechtlich privilegierten Sicherheitsorgane des Bundes \u2013 zum Teil auf die jeweiligen Landesbeh\u00f6rden beschr\u00e4nkt. Dies zu \u00e4ndern, war die Intention eines 2008 vorgelegten Referentenentwurfs f\u00fcr ein Meldegesetz des Bundes, mit dem ein zentrales Melderegister vorgeschlagen worden war \u2013 eine Idee, die man nach erheblicher Kritik wieder fallen lie\u00df. Der nun vorgelegte Entwurf verspricht zwar h\u00f6here Datenschutzstandards f\u00fcr Melderegisterausk\u00fcnfte an Private, zielt aber gleichzeitig auf die Wiedereinf\u00fchrung der Mitwirkung der Vermieter bei der Anmeldung und er\u00f6ffnet \u201egrunds\u00e4tzlich allen Beh\u00f6rden des Bundes und der L\u00e4nder Online-Zugang zu bestehenden Meldedatenbest\u00e4nden\u201c. Damit, so die Begr\u00fcndung, werde ein zentraler Bundesmeldedatenbestand \u201everzichtbar\u201c.<a href=\"#_ftn2\" name=\"_ftnref2\">[2]<\/a><\/p>\n<p>(Eric T\u00f6pfer)<\/p>\n<h5><a href=\"#_ftnref1\" name=\"_ftn1\">[1]<\/a>\u00a0\u00a0\u00a0\u00a0\u00a0 BR-Drs. 524\/11 v. 2.9.2011<\/h5>\n<h5><a href=\"#_ftnref2\" name=\"_ftn2\">[2]<\/a>\u00a0\u00a0\u00a0\u00a0\u00a0 ebd., S. 50<\/h5>\n","protected":false},"excerpt":{"rendered":"<p>Ende August legte die Bundesregierung ihren Entwurf f\u00fcr ein Bundesmeldegesetz vor.[1] Nachdem der Bund mit<\/p>\n","protected":false},"author":12,"featured_media":0,"comment_status":"closed","ping_status":"open","sticky":false,"template":"","format":"standard","meta":{"footnotes":""},"categories":[105,146],"tags":[],"class_list":["post-6399","post","type-post","status-publish","format-standard","hentry","category-cilip-099","category-meldungen-inland"],"_links":{"self":[{"href":"https:\/\/wp-dev.daten.cool\/index.php?rest_route=\/wp\/v2\/posts\/6399","targetHints":{"allow":["GET"]}}],"collection":[{"href":"https:\/\/wp-dev.daten.cool\/index.php?rest_route=\/wp\/v2\/posts"}],"about":[{"href":"https:\/\/wp-dev.daten.cool\/index.php?rest_route=\/wp\/v2\/types\/post"}],"author":[{"embeddable":true,"href":"https:\/\/wp-dev.daten.cool\/index.php?rest_route=\/wp\/v2\/users\/12"}],"replies":[{"embeddable":true,"href":"https:\/\/wp-dev.daten.cool\/index.php?rest_route=%2Fwp%2Fv2%2Fcomments&post=6399"}],"version-history":[{"count":0,"href":"https:\/\/wp-dev.daten.cool\/index.php?rest_route=\/wp\/v2\/posts\/6399\/revisions"}],"wp:attachment":[{"href":"https:\/\/wp-dev.daten.cool\/index.php?rest_route=%2Fwp%2Fv2%2Fmedia&parent=6399"}],"wp:term":[{"taxonomy":"category","embeddable":true,"href":"https:\/\/wp-dev.daten.cool\/index.php?rest_route=%2Fwp%2Fv2%2Fcategories&post=6399"},{"taxonomy":"post_tag","embeddable":true,"href":"https:\/\/wp-dev.daten.cool\/index.php?rest_route=%2Fwp%2Fv2%2Ftags&post=6399"}],"curies":[{"name":"wp","href":"https:\/\/api.w.org\/{rel}","templated":true}]}}