{"id":6410,"date":"2011-02-04T22:32:45","date_gmt":"2011-02-04T22:32:45","guid":{"rendered":"https:\/\/www.cilip.de\/?p=6410"},"modified":"2011-02-04T22:32:45","modified_gmt":"2011-02-04T22:32:45","slug":"verfassungsgericht-zu-sitzblockaden","status":"publish","type":"post","link":"https:\/\/wp-dev.daten.cool\/?p=6410","title":{"rendered":"Verfassungsgericht zu Sitzblockaden"},"content":{"rendered":"<p>\u201eSitzblockaden grunds\u00e4tzlich erlaubt\u201c hatte die S\u00fcddeutsche Zeitung am 31.\u00a0M\u00e4rz 2011 getitelt. Am Tag zuvor hatte das Bundesverfassungsgericht (BVerfG) eine Entscheidung ver\u00f6ffentlicht, die allerdings nur auf den ersten Blick einen Sieg der Friedensbewegung darstellt. Gegenstand waren die Sitzblockaden, die die \u201eresist the war\u201c-Kampagne anl\u00e4sslich des bevorstehenden Irak-Krieges 2002\/2003 vor der US-Airbase in Frankfurt\/M. initiiert hatte.<a href=\"#_ftn1\" name=\"_ftnref1\">[1]<\/a> Der Beschwerdef\u00fchrer hatte gegen seine Verurteilung durch das Landgericht (LG) Frankfurt geklagt.<!--more--><\/p>\n<p>Das Positive: Das Verfassungsgericht weist das Verfahren an das LG zur\u00fcck, weil dieses das Grundrecht der Versammlungsfreiheit bei der Verwerflichkeitspr\u00fcfung nicht hinreichend ber\u00fccksichtigt habe: Das LG \u201ehat den Versammlungscharakter der Zusammenkunft &#8230; mit verfassungsrechtlich nicht tragf\u00e4higen Gr\u00fcnden verneint.\u201c Es habe das Erregen von Aufmerksamkeit, das zum Kern von Versammlungen geh\u00f6re, negativ angerechnet. Auch m\u00fcsse der Kommunikationszweck der Aktion bei der Verwerflichkeitspr\u00fcfung eine Rolle spielen. Das Argument des LG, die von der Blockade mitbetroffenen US-Soldaten h\u00e4tten keinen Einfluss auf Regierungsentscheidungen gehabt, l\u00e4sst das BVerfG nicht gelten.<\/p>\n<p>Das Negative: Das Gericht sieht bei der Blockade den Gewalttatbestand des N\u00f6tigungsparagrafen (\u00a7\u00a0240 StGB) verwirklicht. Noch 1995 hatte das BVerfG selbst den vergeistigten Gewaltbegriff abgelehnt: Es m\u00fcsse eine Kraftentfaltung vorliegen, eine psychische Einwirkung auf Andere reiche nicht.<a href=\"#_ftn2\" name=\"_ftnref2\">[2]<\/a> Jetzt folgt es dagegen der \u201eZweite-Reihe-Recht\u00adspre\u00adchung\u201c des Bundesgerichtshofs (BGH), wonach bei einer Sitzblockade zwar der erste Fahrzeugf\u00fchrer nur psychisch, der des darauf folgenden aber physisch gen\u00f6tigt werde, weil er der Gewalteinwirkung des ersten Autos ausgesetzt sei. Mit diesem Konzept hatte der BGH auf die BVerfG-Entschei\u00addung von 1995 reagiert. Blockadeaktionen sollten kriminalisiert bleiben und dem \u201eaus dem Ruder gelaufenen\u201c Verfassungsgericht Grenzen aufgezeigt werden. Das BVerfG hat sich dem nun gef\u00fcgt.<\/p>\n<p>(Martin Singe)<\/p>\n<h5><a href=\"#_ftnref1\" name=\"_ftn1\">[1]<\/a>\u00a0\u00a0\u00a0\u00a0\u00a0 BVerfG: Entscheidung v. 7.3.2011, Az.: 1 BvR 388\/05<\/h5>\n<h5><a href=\"#_ftnref2\" name=\"_ftn2\">[2]<\/a>\u00a0\u00a0\u00a0\u00a0 BVerfG: Entscheidung v. 10.1.1995, Az.: 1 BvR 718\/89<\/h5>\n<h3>Bild: <a href=\"https:\/\/de.indymedia.org\/2003\/02\/42871.shtml\">Indymedia<\/a><\/h3>\n","protected":false},"excerpt":{"rendered":"<p>\u201eSitzblockaden grunds\u00e4tzlich erlaubt\u201c hatte die S\u00fcddeutsche Zeitung am 31.\u00a0M\u00e4rz 2011 getitelt. Am Tag zuvor hatte<\/p>\n","protected":false},"author":2,"featured_media":12133,"comment_status":"closed","ping_status":"open","sticky":false,"template":"","format":"standard","meta":{"footnotes":""},"categories":[104,146],"tags":[],"class_list":["post-6410","post","type-post","status-publish","format-standard","has-post-thumbnail","hentry","category-cilip-098","category-meldungen-inland"],"_links":{"self":[{"href":"https:\/\/wp-dev.daten.cool\/index.php?rest_route=\/wp\/v2\/posts\/6410","targetHints":{"allow":["GET"]}}],"collection":[{"href":"https:\/\/wp-dev.daten.cool\/index.php?rest_route=\/wp\/v2\/posts"}],"about":[{"href":"https:\/\/wp-dev.daten.cool\/index.php?rest_route=\/wp\/v2\/types\/post"}],"author":[{"embeddable":true,"href":"https:\/\/wp-dev.daten.cool\/index.php?rest_route=\/wp\/v2\/users\/2"}],"replies":[{"embeddable":true,"href":"https:\/\/wp-dev.daten.cool\/index.php?rest_route=%2Fwp%2Fv2%2Fcomments&post=6410"}],"version-history":[{"count":0,"href":"https:\/\/wp-dev.daten.cool\/index.php?rest_route=\/wp\/v2\/posts\/6410\/revisions"}],"wp:featuredmedia":[{"embeddable":true,"href":"https:\/\/wp-dev.daten.cool\/index.php?rest_route=\/wp\/v2\/media\/12133"}],"wp:attachment":[{"href":"https:\/\/wp-dev.daten.cool\/index.php?rest_route=%2Fwp%2Fv2%2Fmedia&parent=6410"}],"wp:term":[{"taxonomy":"category","embeddable":true,"href":"https:\/\/wp-dev.daten.cool\/index.php?rest_route=%2Fwp%2Fv2%2Fcategories&post=6410"},{"taxonomy":"post_tag","embeddable":true,"href":"https:\/\/wp-dev.daten.cool\/index.php?rest_route=%2Fwp%2Fv2%2Ftags&post=6410"}],"curies":[{"name":"wp","href":"https:\/\/api.w.org\/{rel}","templated":true}]}}