{"id":6412,"date":"2011-02-04T22:33:39","date_gmt":"2011-02-04T22:33:39","guid":{"rendered":"https:\/\/www.cilip.de\/?p=6412"},"modified":"2011-02-04T22:33:39","modified_gmt":"2011-02-04T22:33:39","slug":"auf-dem-weg-zu-einem-eu-geheimdienst","status":"publish","type":"post","link":"https:\/\/wp-dev.daten.cool\/?p=6412","title":{"rendered":"Auf dem Weg zu einem EU-Geheimdienst?"},"content":{"rendered":"<p>\u201eDie Zukunft der EU-Intelligence und Inneren Sicherheit\u201c, das war der Titel einer Anh\u00f6rung, die die Europ\u00e4ische Volkspartei, die konservative Fraktion im Europ\u00e4ischen Parlament (EP), am 30.\u00a0M\u00e4rz 2011 in Br\u00fcssel organisierte. Auch angesichts des Aufbaus des Europ\u00e4ischen Ausw\u00e4rtigen Dienstes (EAD) sollte die k\u00fcnftige Form nachrichtendienstlicher Kooperation unter dem Dach der EU ausgelotet werden.<a href=\"#_ftn1\" name=\"_ftnref1\">[1]<\/a> Hintergrund der Veranstaltung waren zum einen die laufende Revision der EU-Terrorismus-Bek\u00e4mpfung und zum anderen die Pl\u00e4ne f\u00fcr die Umsetzung der EU-Strategie f\u00fcr die Innere Sicherheit (ISS). <!--more-->Sowohl die im Fr\u00fchjahr 2010 verabschiedete ISS als auch die wenig sp\u00e4ter ver\u00f6ffentlichte Bestandsaufnahme der Kommission zur Terrorismusbek\u00e4mpfungsstrategie von 2005 betonen die Notwendigkeit einer st\u00e4rkeren Abstimmung von \u201eInnen- und Au\u00dfendimension\u201c.<a href=\"#_ftn2\" name=\"_ftnref2\">[2]<\/a> Um das in der ISS formulierte Ziel einer \u201est\u00e4ndigen Aufsp\u00fcrung und Pr\u00e4vention der Bedrohungen und Risiken\u201c zu erreichen, plant die Kommission \u2013 flankiert durch ein \u201etragf\u00e4higes Gesamtkonzept zum Schutz geheimer Informationen\u201c \u2013 die engere Vernetzung der existierenden Lagebeobachtungszentren, \u201esei es im Gesundheitswesen, beim Zivilschutz oder in der Atom- und Terror\u00fcberwachung\u201c.<a href=\"#_ftn3\" name=\"_ftnref3\">[3]<\/a><\/p>\n<p>Als Schnittstelle zwischen den verschiedenen Dom\u00e4nen d\u00fcrfte dem EU-Lagezentrum (Situation Centre, SITCEN) dabei eine Schl\u00fcsselrolle zufallen. 1999 im Generalsekretariat des Rates zur Unterst\u00fctzung der neuen EU-Sicherheits- und Verteidigungspolitik eingerichtet, hat es sich mit mehr als 100 MitarbeiterInnen nicht nur zu einem wichtigen Meldezentrum, sondern auch zu einem veritablen Analysedienst gemausert. Im Dezember 2010 wurde SITCEN in den neu geschaffenen EAD eingegliedert. Dort arbeitet das Zentrum, geleitet von Ilkka Salmi, dem ehemaligen Chef des finnischen Geheimdienstes, in enger Kooperation mit dem Intelligence Directorate des EU-Milit\u00e4rstabs direkt der EU-Au\u00dfenbeauf\u00adtragten Catherine Ashton zu. Gef\u00fcttert werden SITCENs Analysen durch diplomatische Informationen, die Auswertung \u00f6ffentlicher Quellen, den Zugriff auf das EU-Satellitenzentrum, eigene \u201eFact-finding\u201c-Missionen sowie durch direkte und indirekte Kontakte zu den Auslands- und Milit\u00e4rgeheimdiensten der Mitgliedstaaten. Seit 2005 unterh\u00e4lt SITCEN auch Verbindungen zu den Inlandsgeheimdiensten sowie zu Europol und Frontex, nachdem es im Haager Programm beauftragt worden war, \u201estrategische Informationen\u201c zur Terrorabwehr zu lie\u00adfern. SITCEN ist an der Erstellung diverser Lagebilder der EU-Agenturen f\u00fcr In\u00adneres ebenso beteiligt wie an der Politikberatung in Ratsarbeitsgruppen zu den Themen Terrorismus, Organisierte Kriminalit\u00e4t und Bev\u00f6lkerungsschutz.<a href=\"#_ftn4\" name=\"_ftnref4\">[4]<\/a><\/p>\n<p>Auf einer gemeinsamen Anh\u00f6rung durch die EP-Aussch\u00fcsse f\u00fcr Inneres, \u00c4u\u00dferes und Verteidigung betonte SITCEN-Chef Salmi am 11.\u00a0Ap\u00adril 2011, dass sein Zentrum nur \u201estrategische Informationen\u201c handhabe, keine \u201eeigenen Quellen\u201c f\u00fchre und somit kein Geheimdienst sei. Allerdings war es das erste Mal im Laufe seines zehnj\u00e4hrigen Bestehens, dass ein SITCEN-Direktor dem EP Rede und Antwort stand. Diese blieben aber oft vage, und wirklich Neues war nicht zu erfahren.<a href=\"#_ftn5\" name=\"_ftnref5\">[5]<\/a><\/p>\n<p>(Eric T\u00f6pfer)<\/p>\n<h5><a href=\"#_ftnref1\" name=\"_ftn1\">[1]<\/a>\u00a0\u00a0\u00a0\u00a0\u00a0 www.eppgroup.eu\/Press\/peve11\/eve015_en.asp; <a href=\"http:\/\/euobserver.com\/18\/32104\">http:\/\/euobserver.com\/18\/32104<\/a><\/h5>\n<h5><a href=\"#_ftnref2\" name=\"_ftn2\">[2]<\/a>\u00a0\u00a0\u00a0\u00a0 Ratsdok. 5842\/2\/10 v. 23.2.2010; KOM(2010) 386 endg. v. 20.7.2010<\/h5>\n<h5><a href=\"#_ftnref3\" name=\"_ftn3\">[3]<\/a>\u00a0\u00a0\u00a0\u00a0 KOM(2010) 673 endg. v. 22.11.2010<\/h5>\n<h5><a href=\"#_ftnref4\" name=\"_ftn4\">[4]<\/a>\u00a0\u00a0\u00a0\u00a0 Van Buuren, J.: The Secret Truth. The EU Joint Situation Centre, Amsterdam 2009; Bagdonas, G.: Evolution of EUMS Intelligence Directorate and a way ahead, in: Impetus 2010, No. 9, p. 16; Ratsdok. 7261\/07 v. 28.5.2009 und 7154\/10 v. 5.3.2010; Antworten v. 26.1.2010 und 28.9.2010 auf Parlamentarische Anfragen E-5998\/2009 bzw. E-4121\/2009 des MdEP M. Ehrenhauser<\/h5>\n<h5><a href=\"#_ftnref5\" name=\"_ftn5\">[5]<\/a>\u00a0\u00a0\u00a0\u00a0 EP Mediathek, LIBE-Ausschuss: Anh\u00f6rung v. 11.4.2010, 15:11 bis 16:18 Uhr<\/h5>\n","protected":false},"excerpt":{"rendered":"<p>\u201eDie Zukunft der EU-Intelligence und Inneren Sicherheit\u201c, das war der Titel einer Anh\u00f6rung, die die<\/p>\n","protected":false},"author":12,"featured_media":0,"comment_status":"closed","ping_status":"open","sticky":false,"template":"","format":"standard","meta":{"footnotes":""},"categories":[104,145],"tags":[],"class_list":["post-6412","post","type-post","status-publish","format-standard","hentry","category-cilip-098","category-meldungen-europa"],"_links":{"self":[{"href":"https:\/\/wp-dev.daten.cool\/index.php?rest_route=\/wp\/v2\/posts\/6412","targetHints":{"allow":["GET"]}}],"collection":[{"href":"https:\/\/wp-dev.daten.cool\/index.php?rest_route=\/wp\/v2\/posts"}],"about":[{"href":"https:\/\/wp-dev.daten.cool\/index.php?rest_route=\/wp\/v2\/types\/post"}],"author":[{"embeddable":true,"href":"https:\/\/wp-dev.daten.cool\/index.php?rest_route=\/wp\/v2\/users\/12"}],"replies":[{"embeddable":true,"href":"https:\/\/wp-dev.daten.cool\/index.php?rest_route=%2Fwp%2Fv2%2Fcomments&post=6412"}],"version-history":[{"count":0,"href":"https:\/\/wp-dev.daten.cool\/index.php?rest_route=\/wp\/v2\/posts\/6412\/revisions"}],"wp:attachment":[{"href":"https:\/\/wp-dev.daten.cool\/index.php?rest_route=%2Fwp%2Fv2%2Fmedia&parent=6412"}],"wp:term":[{"taxonomy":"category","embeddable":true,"href":"https:\/\/wp-dev.daten.cool\/index.php?rest_route=%2Fwp%2Fv2%2Fcategories&post=6412"},{"taxonomy":"post_tag","embeddable":true,"href":"https:\/\/wp-dev.daten.cool\/index.php?rest_route=%2Fwp%2Fv2%2Ftags&post=6412"}],"curies":[{"name":"wp","href":"https:\/\/api.w.org\/{rel}","templated":true}]}}