{"id":6418,"date":"2010-12-07T22:35:48","date_gmt":"2010-12-07T22:35:48","guid":{"rendered":"https:\/\/www.cilip.de\/?p=6418"},"modified":"2010-12-07T22:35:48","modified_gmt":"2010-12-07T22:35:48","slug":"videoueberwachung-von-demonstrationen","status":"publish","type":"post","link":"https:\/\/wp-dev.daten.cool\/?p=6418","title":{"rendered":"Video\u00fcberwachung von Demonstrationen"},"content":{"rendered":"<p>Gleich drei neuere Gerichtsentscheidungen besch\u00e4ftigen sich mit der Zul\u00e4ssigkeit der Kamera\u00fcberwachung von Versammlungen. Bereits am 21.\u00a0August 2009 stellte das Verwaltungsgericht M\u00fcnster fest, dass die polizeiliche Videobeobachtung einer friedlichen Demonstration rechtswidrig war.<a href=\"#_ftn1\" name=\"_ftnref1\">[1]<\/a> Das Oberverwaltungsgericht Nordrhein-Westfalen best\u00e4tigte diese Entscheidung in einem Beschluss vom 23.\u00a0November 2010.<a href=\"#_ftn2\" name=\"_ftnref2\">[2]<\/a> Am 5.\u00a0Juli 2010 kam das Verwaltungsgericht Berlin zu einem nach Argumentation und Ergebnis \u00e4hnlichen Urteil.<a href=\"#_ftn3\" name=\"_ftnref3\">[3]<\/a><!--more--><\/p>\n<p>Alle drei Gerichte stellen fest, dass die Beobachtung einer Versammlung durch die Polizei mit Hilfe von Kameras sowohl einen Eingriff in die Versammlungsfreiheit als auch die informationelle Selbstbestimmung darstellt. Allein die Anfertigung von \u00dcbersichtsaufzeichnungen verbunden mit der technischen M\u00f6glichkeit des gezielten Heranzoomens einzelner Versammlungsteilnehmer k\u00f6nne zu einem Gef\u00fchl des \u00dcberwachtwerdens und damit zu einem Einsch\u00fcchterungseffekt f\u00fchren, der potentielle VersammlungsteilnehmerInnen in ihrer inneren Versammlungsfreiheit beeintr\u00e4chtigen, im schlimmsten Fall sogar von der Teilnahme an einer Versammlung abhalten k\u00f6nne. F\u00fcr einen solchen Grundrechtseingriff bed\u00fcrfe es einer ausdr\u00fccklichen gesetzlichen Grundlage, die jedenfalls im Falle einer friedlichen Versammlung nicht durch das Versammlungsgesetz gegeben sei.<\/p>\n<p>Nun k\u00f6nnte bef\u00fcrchtet werden, dass es die Bundesl\u00e4nder, auf die durch die F\u00f6deralismusreform die Gesetzgebungskompetenz im Bereich des Versammlungsrechts \u00fcbergegangen ist, in der Hand haben, durch den schlichten Erlass von gesetzlichen Regelungen die umfassende anlasslose Datenerhebung bei Demonstrationen zu erm\u00f6glichen. Allerdings hat das Bundesverfassungsgericht in seiner einstweiligen Anordnung vom 17.\u00a0Februar 2009 zum Bayerischen Versammlungsgesetz festgestellt, dass eine solche Regelung einen schweren Grundrechtseingriff darstellt und die entsprechenden bayerischen Normen deshalb vorl\u00e4ufig au\u00dfer Kraft gesetzt.<a href=\"#_ftn4\" name=\"_ftnref4\">[4]<\/a> Die Entscheidung im Hauptsacheverfahren steht noch aus.<\/p>\n<p>(Angela Furmaniak)<\/p>\n<h5><a href=\"#_ftnref1\" name=\"_ftn1\">[1]<\/a>\u00a0\u00a0\u00a0\u00a0\u00a0 Verwaltungsgericht (VG) M\u00fcnster: Urteil v. 21.8.2009, 1 K 1403\/08<\/h5>\n<h5><a href=\"#_ftnref2\" name=\"_ftn2\">[2]<\/a>\u00a0\u00a0\u00a0\u00a0 Oberverwaltungsgericht Nordrhein-Westfalen: Beschluss v. 23.11.2010, 5 A 2288\/09<\/h5>\n<h5><a href=\"#_ftnref3\" name=\"_ftn3\">[3]<\/a>\u00a0\u00a0\u00a0\u00a0 VG Berlin: Urteil v. 5.7.2010, 1 K 905.09<\/h5>\n<h5><a href=\"#_ftnref4\" name=\"_ftn4\">[4]<\/a>\u00a0\u00a0\u00a0\u00a0 Bundesverfassungsgericht: Beschluss v. 17.2.2009, Az.: 1 BvR 2492\/08<\/h5>\n","protected":false},"excerpt":{"rendered":"<p>Gleich drei neuere Gerichtsentscheidungen besch\u00e4ftigen sich mit der Zul\u00e4ssigkeit der Kamera\u00fcberwachung von Versammlungen. Bereits am<\/p>\n","protected":false},"author":2,"featured_media":0,"comment_status":"closed","ping_status":"open","sticky":false,"template":"","format":"standard","meta":{"footnotes":""},"categories":[104,146],"tags":[],"class_list":["post-6418","post","type-post","status-publish","format-standard","hentry","category-cilip-098","category-meldungen-inland"],"_links":{"self":[{"href":"https:\/\/wp-dev.daten.cool\/index.php?rest_route=\/wp\/v2\/posts\/6418","targetHints":{"allow":["GET"]}}],"collection":[{"href":"https:\/\/wp-dev.daten.cool\/index.php?rest_route=\/wp\/v2\/posts"}],"about":[{"href":"https:\/\/wp-dev.daten.cool\/index.php?rest_route=\/wp\/v2\/types\/post"}],"author":[{"embeddable":true,"href":"https:\/\/wp-dev.daten.cool\/index.php?rest_route=\/wp\/v2\/users\/2"}],"replies":[{"embeddable":true,"href":"https:\/\/wp-dev.daten.cool\/index.php?rest_route=%2Fwp%2Fv2%2Fcomments&post=6418"}],"version-history":[{"count":0,"href":"https:\/\/wp-dev.daten.cool\/index.php?rest_route=\/wp\/v2\/posts\/6418\/revisions"}],"wp:attachment":[{"href":"https:\/\/wp-dev.daten.cool\/index.php?rest_route=%2Fwp%2Fv2%2Fmedia&parent=6418"}],"wp:term":[{"taxonomy":"category","embeddable":true,"href":"https:\/\/wp-dev.daten.cool\/index.php?rest_route=%2Fwp%2Fv2%2Fcategories&post=6418"},{"taxonomy":"post_tag","embeddable":true,"href":"https:\/\/wp-dev.daten.cool\/index.php?rest_route=%2Fwp%2Fv2%2Ftags&post=6418"}],"curies":[{"name":"wp","href":"https:\/\/api.w.org\/{rel}","templated":true}]}}