{"id":6420,"date":"2010-12-07T22:36:31","date_gmt":"2010-12-07T22:36:31","guid":{"rendered":"https:\/\/www.cilip.de\/?p=6420"},"modified":"2010-12-07T22:36:31","modified_gmt":"2010-12-07T22:36:31","slug":"polizeidrohnen-im-anflug","status":"publish","type":"post","link":"https:\/\/wp-dev.daten.cool\/?p=6420","title":{"rendered":"Polizeidrohnen im Anflug"},"content":{"rendered":"<p>Seit 2008 experimentieren einige Landespolizeien mit fliegenden Ka\u00admeras f\u00fcr den Polizeialltag. Sachsen lie\u00df unter dem fr\u00fcheren Innenminister Albrecht Buttolo (CDU) ein gemeinsames Produkt der Firmen Diehl BGT Defence und Microdrones testen. Nachfolger Markus Ulbig (CDU) verf\u00fcgte im Herbst die endg\u00fcltige Anschaffung der Drohne.<a href=\"#_ftn1\" name=\"_ftnref1\">[1]<\/a> Damit w\u00fcrde eine L\u00fccke \u201ezwischen den Videoaufnahmen aus einem Polizeihubschrauber und den mobilen\/station\u00e4ren Kameras am Boden\u201c geschlossen. <!--more-->Anwenden will man das unbemannte Flugzeug f\u00fcr die Ein\u00adsatzf\u00fchrung, die \u00dcberwachung und Aufkl\u00e4rung, die Unterst\u00fctzung von Suchma\u00dfnahmen, f\u00fcr Observationen und die \u201eDokumentation von Verkehrsma\u00dfnahmen\u201c. Niedersachsen, Hessen, Nordrhein-Westfa\u00adlen und die Bundespolizei haben Drohnen der Firmen EMT, Diehl bzw. Mikrokop\u00adter sowie des Konkurrenten AirRobot zu Testzwecken angeschafft.<\/p>\n<p>Zuletzt sorgte eine fliegende Kamera beim Castor-Transport im November f\u00fcr Wirbel.<a href=\"#_ftn2\" name=\"_ftnref2\">[2]<\/a> Einsatzleiter Friedrich Nieh\u00f6rster hatte ihre Nutzung zun\u00e4chst geleugnet. Kritik kam von der B\u00fcrgerinitiative L\u00fcchow-Dannen\u00adberg und vom nieders\u00e4chsischen Datenschutzbeauftrag\u00adten Joachim Wahlbrink: Die Polizei oder der Innenminister m\u00fcssten vor dem Einsatz Informationen \u00fcber Sinn und Zweck der Drohne zur Pr\u00fcfung vorlegen. Mit dem Ger\u00e4t k\u00f6nnten Fotos und Videoaufnahmen auch von Personen gemacht werden. Niedersachsens Innenministerium behauptete indes, die Drohne liefere bei \u201eEins\u00e4tzen in normaler Flugh\u00f6he\u201c lediglich \u00dcbersichtsaufnahmen. Die Aussage darf angesichts mittlerweile hochaufl\u00f6sender Videotechnik bezweifelt werden. Sie steht zudem im Widerspruch zu den Angaben des s\u00e4chsischen Innenministeriums, wonach die Video\u00fcbertragung \u201ein hoher Qualit\u00e4t\u201c erfolge.<\/p>\n<p>Wie die Berliner Senatsverwaltung f\u00fcr Inneres am 21.\u00a0Februar 2011 auf unsere Anfrage best\u00e4tigte, verf\u00fcgt auch die Polizei der Hauptstadt seit 2009 \u00fcber eine eigene Drohne vom Typ Air Robot. Sie werde zur \u201eluftgest\u00fctzten fotografischen Dokumentation von Tat- und Ereignisorten\u201c genutzt \u2013 so etwa am 24.\u00a0Januar 2011 wegen eines T\u00f6tungsdeliktes in Kreuzberg. Der Einsatz der fliegenden Kamera bei Demonstrationen d\u00fcrfte allerdings an rechtliche Grenzen sto\u00dfen, nachdem das Berliner Verwaltungsgericht die anlasslose Video\u00fcberwachung von Versammlungen untersagt hat.<a href=\"#_ftn3\" name=\"_ftnref3\">[3]<\/a><\/p>\n<p>(Matthias Monroy)<\/p>\n<h5><a href=\"#_ftnref1\" name=\"_ftn1\">[1]<\/a>\u00a0\u00a0\u00a0\u00a0\u00a0 S\u00e4chsisches Staatsministerium des Innern: Pressemitteilung v. 23.11.2010; heise-online v. 24.11.2010<\/h5>\n<h5><a href=\"#_ftnref2\" name=\"_ftn2\">[2]<\/a>\u00a0\u00a0\u00a0\u00a0 heise-online v. 16.11.2010; taz v. 17.11.2010; S\u00fcddeutsche Zeitung v. 17.11.2010<\/h5>\n<h5><a href=\"#_ftnref3\" name=\"_ftn3\">[3]<\/a>\u00a0\u00a0\u00a0\u00a0 VG Berlin: Urteil v. 5.7.2010, 1 K 905.09, siehe die vorstehende Meldung<\/h5>\n","protected":false},"excerpt":{"rendered":"<p>Seit 2008 experimentieren einige Landespolizeien mit fliegenden Ka\u00admeras f\u00fcr den Polizeialltag. Sachsen lie\u00df unter dem<\/p>\n","protected":false},"author":3,"featured_media":0,"comment_status":"open","ping_status":"open","sticky":false,"template":"","format":"standard","meta":{"footnotes":""},"categories":[103,146],"tags":[],"class_list":["post-6420","post","type-post","status-publish","format-standard","hentry","category-cilip-097","category-meldungen-inland"],"_links":{"self":[{"href":"https:\/\/wp-dev.daten.cool\/index.php?rest_route=\/wp\/v2\/posts\/6420","targetHints":{"allow":["GET"]}}],"collection":[{"href":"https:\/\/wp-dev.daten.cool\/index.php?rest_route=\/wp\/v2\/posts"}],"about":[{"href":"https:\/\/wp-dev.daten.cool\/index.php?rest_route=\/wp\/v2\/types\/post"}],"author":[{"embeddable":true,"href":"https:\/\/wp-dev.daten.cool\/index.php?rest_route=\/wp\/v2\/users\/3"}],"replies":[{"embeddable":true,"href":"https:\/\/wp-dev.daten.cool\/index.php?rest_route=%2Fwp%2Fv2%2Fcomments&post=6420"}],"version-history":[{"count":0,"href":"https:\/\/wp-dev.daten.cool\/index.php?rest_route=\/wp\/v2\/posts\/6420\/revisions"}],"wp:attachment":[{"href":"https:\/\/wp-dev.daten.cool\/index.php?rest_route=%2Fwp%2Fv2%2Fmedia&parent=6420"}],"wp:term":[{"taxonomy":"category","embeddable":true,"href":"https:\/\/wp-dev.daten.cool\/index.php?rest_route=%2Fwp%2Fv2%2Fcategories&post=6420"},{"taxonomy":"post_tag","embeddable":true,"href":"https:\/\/wp-dev.daten.cool\/index.php?rest_route=%2Fwp%2Fv2%2Ftags&post=6420"}],"curies":[{"name":"wp","href":"https:\/\/api.w.org\/{rel}","templated":true}]}}