{"id":6439,"date":"2010-08-05T22:46:05","date_gmt":"2010-08-05T22:46:05","guid":{"rendered":"https:\/\/www.cilip.de\/?p=6439"},"modified":"2010-08-05T22:46:05","modified_gmt":"2010-08-05T22:46:05","slug":"bundesverwaltungsgericht-gegen-die-linke","status":"publish","type":"post","link":"https:\/\/wp-dev.daten.cool\/?p=6439","title":{"rendered":"Bundesverwaltungsgericht gegen DIE LINKE"},"content":{"rendered":"<p>Wird Bodo Ramelow, heute Fraktionsvorsitzender der Linken im Th\u00fcringer Landtag, zu Recht vom Verfassungsschutz beobachtet? Darf der Inlandsgeheimdienst seine Partei und darf er schlie\u00dflich Abgeordnete \u00fcber\u00adwachen? Das sind die Fragen, mit denen sich nach dem Verwaltungsgericht K\u00f6ln und dem Oberwaltungsgericht M\u00fcnster nun auch das Bundesverwaltungsgericht (BVerwG) besch\u00e4ftigt hat.<a href=\"#_ftn1\" name=\"_ftnref1\">[1]<\/a> Dabei ging es immer um die offene Beobachtung ohne \u201enachrichtendienstliche Mittel\u201c.<!--more--><\/p>\n<p>Die leichten Punktgewinne in den ersten Instanzen, die die Beobachtung der Person Ramelow f\u00fcr unrechtm\u00e4\u00dfig erkl\u00e4rten, verdeckten die Hauptaussage, dass die Partei vollkommen zu Recht \u00fcberwacht werde. Und zwar, weil Str\u00f6mungen in ihr \u2013 Kommunistische Plattform, Marxistisches Forum und Linksjugend \u201esolid\u201c \u2013 nicht mit der \u201efreiheitlich-demokratischen Grundordnung\u201c vereinbar seien. Deren Ziel, so die wag\u00adhalsige Interpretation, sei letztlich die Diktatur des Proletariats.<\/p>\n<p>Im Juli 2010 hat nun das BVerwG die offene verfassungssch\u00fctzerische Beobachtung auf allen Ebenen gerechtfertigt. Ein umfassendes Bild der Partei sei nur zu gewinnen, wenn nicht nur die \u201everfassungsfeindlichen\u201c Gruppierungen in ihr \u00fcberwacht w\u00fcrden, sondern auch die Partei insgesamt. F\u00fchrungspers\u00f6nlichkeiten seien unabh\u00e4ngig von ihrem eigenen verfassungskonformen Verhalten zu beobachten, weil \u201eeine derartige Person, die nicht merkt, wof\u00fcr sie missbraucht wird, f\u00fcr den Bestand der freiheitlichen demokratischen Grundordnung genauso gef\u00e4hrlich sein (kann) wie der \u00dcberzeugungst\u00e4ter.\u201c<\/p>\n<p>Das 50-seitige Urteil ist in der Sprache des Kalten Krieges gehalten. Nicht zuf\u00e4llig steht der l\u00e4ngste Text hinter der Nummer 33 und ist eine Paraphrase des KPD-Urteils von 1956. F\u00fcr das letzte juristische Wort bereitet Ramelow jetzt die Klage vor dem Bundesverfassungsgericht vor.<\/p>\n<p>(Albrecht Maurer)<\/p>\n<h5><a href=\"#_ftnref1\" name=\"_ftn1\">[1]<\/a>\u00a0\u00a0\u00a0\u00a0\u00a0 VG K\u00f6ln: Urteil v. 13.12.2007, Az.:20K3077\/06; OVG M\u00fcnster: Urteil v. 13.2.2009, Az.: 16 A 845\/08; BVerwG: Urteil v. 21.7.2010, Az.: 6 C 22.09<\/h5>\n","protected":false},"excerpt":{"rendered":"<p>Wird Bodo Ramelow, heute Fraktionsvorsitzender der Linken im Th\u00fcringer Landtag, zu Recht vom Verfassungsschutz beobachtet?<\/p>\n","protected":false},"author":11,"featured_media":0,"comment_status":"closed","ping_status":"open","sticky":false,"template":"","format":"standard","meta":{"footnotes":""},"categories":[102,146],"tags":[],"class_list":["post-6439","post","type-post","status-publish","format-standard","hentry","category-cilip-096","category-meldungen-inland"],"_links":{"self":[{"href":"https:\/\/wp-dev.daten.cool\/index.php?rest_route=\/wp\/v2\/posts\/6439","targetHints":{"allow":["GET"]}}],"collection":[{"href":"https:\/\/wp-dev.daten.cool\/index.php?rest_route=\/wp\/v2\/posts"}],"about":[{"href":"https:\/\/wp-dev.daten.cool\/index.php?rest_route=\/wp\/v2\/types\/post"}],"author":[{"embeddable":true,"href":"https:\/\/wp-dev.daten.cool\/index.php?rest_route=\/wp\/v2\/users\/11"}],"replies":[{"embeddable":true,"href":"https:\/\/wp-dev.daten.cool\/index.php?rest_route=%2Fwp%2Fv2%2Fcomments&post=6439"}],"version-history":[{"count":0,"href":"https:\/\/wp-dev.daten.cool\/index.php?rest_route=\/wp\/v2\/posts\/6439\/revisions"}],"wp:attachment":[{"href":"https:\/\/wp-dev.daten.cool\/index.php?rest_route=%2Fwp%2Fv2%2Fmedia&parent=6439"}],"wp:term":[{"taxonomy":"category","embeddable":true,"href":"https:\/\/wp-dev.daten.cool\/index.php?rest_route=%2Fwp%2Fv2%2Fcategories&post=6439"},{"taxonomy":"post_tag","embeddable":true,"href":"https:\/\/wp-dev.daten.cool\/index.php?rest_route=%2Fwp%2Fv2%2Ftags&post=6439"}],"curies":[{"name":"wp","href":"https:\/\/api.w.org\/{rel}","templated":true}]}}