{"id":6445,"date":"2010-08-05T22:48:41","date_gmt":"2010-08-05T22:48:41","guid":{"rendered":"https:\/\/www.cilip.de\/?p=6445"},"modified":"2010-08-05T22:48:41","modified_gmt":"2010-08-05T22:48:41","slug":"konjunktur-fuer-praeventive-repression","status":"publish","type":"post","link":"https:\/\/wp-dev.daten.cool\/?p=6445","title":{"rendered":"Konjunktur f\u00fcr \u201epr\u00e4ventive\u201c Repression"},"content":{"rendered":"<p>Drei Jahre nach dem G8-Gipfel in Heiligendamm hat das Verwaltungsgericht Schwerin in zahlreichen Urteilen die Ingewahrsamnahmen und die Haftbedingungen in den \u201eK\u00e4figen\u201c f\u00fcr rechtswidrig erkl\u00e4rt.<a href=\"#_ftn1\" name=\"_ftnref1\">[1]<\/a> An der polizeilichen Praxis d\u00fcrfte das wenig \u00e4ndern. Massenfestnahmen gelten nicht nur in der BRD als \u201epr\u00e4ventive\u201c Ma\u00dfnahme. So r\u00e4t etwa ein aus dem EU-Sicherheitsforschungsprogramm EU-SEC hervorgegangenes Handbuch, bei Protesten gegen \u201eMajor Events\u201c hohe Festnahmequoten zu erzielen.<a href=\"#_ftn2\" name=\"_ftnref2\">[2]<\/a> <!--more-->Im September haben Teilnehmer des Noborder Camps in Br\u00fcssel Erfahrungen mit solch vorausschauender Repression gesammelt.<a href=\"#_ftn3\" name=\"_ftnref3\">[3]<\/a> \u201eWir haben 148 Demonstranten pr\u00e4ventiv festgenommen &#8230; 96 Anarchisten wurden verhaftet, als sie an der Demonstration teilnehmen wollten\u201c, meldete der Polizeisprecher nach der gleichzeitig stattfinden Gro\u00df\u00adde\u00admonstration der Gewerkschaften gegen das Treffen der EU-Fi\u00adnanz\u00administer. Insgesamt landeten rund 500 Personen in Gewahrsam.<\/p>\n<p>Schlimmer traf es sechs Aktivisten am Rande einer anderen Demo. Die Polizei hatte den Aufzug zuvor untersagt und angek\u00fcndigt, jede Ver\u00adsammlung \u00fcber f\u00fcnf Personen aufzul\u00f6sen. Wieder wurden Dutzende verhaftet. Als kurz darauf Scheiben eines nahe gelegenen Polizeireviers zu Bruch gingen, fotografierte die in Belgien lebende US-Aka\u00addemikerin Marianne Maeckelbergh mehrere brutale Polizei\u00fcbergriffe \u2013 bis sie selbst ohne Vorwarnung vom Leiter des angegriffenen Reviers festgenommen wurde. \u201eIch wurde geschlagen, bespuckt, wiederholt als \u201adreckige Hure\u2019 beschimpft und bis vier Uhr morgens an einen Heizk\u00f6rper gekettet.\u201c Laut Maeckelbergh musste ein Mann aus Italien zudem die \u201eungez\u00fcgelte Wut\u201c von Polizisten ertragen. Der Revierleiter habe die stundenlange Misshandlung des Festgenommenen durch die offene B\u00fcrot\u00fcr beobachtet. Maeckelbergh droht jetzt eine Anzeige wegen Verleumdung.<\/p>\n<p>(Matthias Monroy)<\/p>\n<h5><a href=\"#_ftnref1\" name=\"_ftn1\">[1]<\/a>\u00a0\u00a0\u00a0\u00a0\u00a0 <a href=\"http:\/\/www.heise.de\/tp\/r4\/artikel\/33\/33444\/1.html\">www.heise.de\/tp\/r4\/artikel\/33\/33444\/1.html<\/a><\/h5>\n<h5><a href=\"#_ftnref2\" name=\"_ftn2\">[2]<\/a>\u00a0\u00a0\u00a0\u00a0 Ratsdok. 15226\/1\/06 v. 22.12.2006<\/h5>\n<h5><a href=\"#_ftnref3\" name=\"_ftn3\">[3]<\/a>\u00a0\u00a0\u00a0\u00a0 <a href=\"http:\/\/www.mo.be\/index.php?id=340&amp;tx_uwnews_pi2\">www.mo.be\/index.php?id=340&amp;tx_uwnews_pi2<\/a>[art_id]=29989&amp;cHash=c7f254ce3e<\/h5>\n","protected":false},"excerpt":{"rendered":"<p>Drei Jahre nach dem G8-Gipfel in Heiligendamm hat das Verwaltungsgericht Schwerin in zahlreichen Urteilen die<\/p>\n","protected":false},"author":3,"featured_media":0,"comment_status":"closed","ping_status":"open","sticky":false,"template":"","format":"standard","meta":{"footnotes":""},"categories":[102,145],"tags":[],"class_list":["post-6445","post","type-post","status-publish","format-standard","hentry","category-cilip-096","category-meldungen-europa"],"_links":{"self":[{"href":"https:\/\/wp-dev.daten.cool\/index.php?rest_route=\/wp\/v2\/posts\/6445","targetHints":{"allow":["GET"]}}],"collection":[{"href":"https:\/\/wp-dev.daten.cool\/index.php?rest_route=\/wp\/v2\/posts"}],"about":[{"href":"https:\/\/wp-dev.daten.cool\/index.php?rest_route=\/wp\/v2\/types\/post"}],"author":[{"embeddable":true,"href":"https:\/\/wp-dev.daten.cool\/index.php?rest_route=\/wp\/v2\/users\/3"}],"replies":[{"embeddable":true,"href":"https:\/\/wp-dev.daten.cool\/index.php?rest_route=%2Fwp%2Fv2%2Fcomments&post=6445"}],"version-history":[{"count":0,"href":"https:\/\/wp-dev.daten.cool\/index.php?rest_route=\/wp\/v2\/posts\/6445\/revisions"}],"wp:attachment":[{"href":"https:\/\/wp-dev.daten.cool\/index.php?rest_route=%2Fwp%2Fv2%2Fmedia&parent=6445"}],"wp:term":[{"taxonomy":"category","embeddable":true,"href":"https:\/\/wp-dev.daten.cool\/index.php?rest_route=%2Fwp%2Fv2%2Fcategories&post=6445"},{"taxonomy":"post_tag","embeddable":true,"href":"https:\/\/wp-dev.daten.cool\/index.php?rest_route=%2Fwp%2Fv2%2Ftags&post=6445"}],"curies":[{"name":"wp","href":"https:\/\/api.w.org\/{rel}","templated":true}]}}